[{"command":"showMoreTeasers","id":"del--paragraph-45309","content":"\u003Cli class=\u0022node node--type--article node--view-mode--unordered-list is-linked\u0022\u003E\n    \u003Ca href=\u0022\/management\/fahrzeuge\/ford-transit-city-stadtkuemmerer-im-fokus\u0022\n       aria-label=\u0022Ford Transit City: Stadtk\u00fcmmerer im Fokus\u0022\n       class=\u0022teaser-link\u0022\u003E\n        \u003Cspan class=\u0022teaser-link--text\u0022\u003E  \u003Cspan class=\u0022article--protection-icon\u0022\u003E\u003Ci class=\u0022mi mi-add\u0022\u003E\u003C\/i\u003E\u003C\/span\u003E\nFord Transit City: Stadtk\u00fcmmerer im Fokus\n\u003C\/span\u003E\n            \u003C\/a\u003E\n\u003C\/li\u003E\n\u003Cli class=\u0022node node--type--article node--view-mode--unordered-list is-linked\u0022\u003E\n    \u003Ca href=\u0022\/management\/fahrzeuge\/ford-transit-e-courier-bulliger-bote-inzwischen-steckerfertig\u0022\n       aria-label=\u0022Ford Transit E-Courier: Bulliger Bote \u2013 inzwischen steckerfertig\u0022\n       class=\u0022teaser-link\u0022\u003E\n        \u003Cspan class=\u0022teaser-link--text\u0022\u003E  \u003Cspan class=\u0022article--protection-icon\u0022\u003E\u003Ci class=\u0022mi mi-add\u0022\u003E\u003C\/i\u003E\u003C\/span\u003E\nFord Transit E-Courier: Bulliger Bote \u2013 inzwischen steckerfertig\n\u003C\/span\u003E\n            \u003C\/a\u003E\n\u003C\/li\u003E\n\u003Cli class=\u0022node node--type--article node--view-mode--unordered-list is-linked\u0022\u003E\n    \u003Ca href=\u0022\/management\/fahrzeuge\/fraunhofer-institut-plug-hybride-verbrauchen-deutlich-mehr-sprit-als\u0022\n       aria-label=\u0022Fraunhofer-Institut: Plug-in-Hybride verbrauchen deutlich mehr Sprit als veranschlagt\u0022\n       class=\u0022teaser-link\u0022\u003E\n        \u003Cspan class=\u0022teaser-link--text\u0022\u003EFraunhofer-Institut: Plug-in-Hybride verbrauchen deutlich mehr Sprit als veranschlagt\n\u003C\/span\u003E\n            \u003C\/a\u003E\n\u003C\/li\u003E\n\u003Cli class=\u0022node node--type--article node--view-mode--unordered-list is-linked\u0022\u003E\n    \u003Ca href=\u0022\/management\/fahrzeuge\/renault-r4-die-transport-legende-kehrt-zurueck\u0022\n       aria-label=\u0022Renault R4: Die Transport-Legende kehrt zur\u00fcck\u0022\n       class=\u0022teaser-link\u0022\u003E\n        \u003Cspan class=\u0022teaser-link--text\u0022\u003E  \u003Cspan class=\u0022article--protection-icon\u0022\u003E\u003Ci class=\u0022mi mi-add\u0022\u003E\u003C\/i\u003E\u003C\/span\u003E\nRenault R4: Die Transport-Legende kehrt zur\u00fcck\n\u003C\/span\u003E\n            \u003C\/a\u003E\n\u003C\/li\u003E\n\u003Cli class=\u0022node node--type--article node--view-mode--unordered-list is-linked\u0022\u003E\n    \u003Ca href=\u0022\/management\/fahrzeuge\/verbrenner-aus-ist-nicht-das-ziel\u0022\n       aria-label=\u0022Verbrenner-Aus ist nicht das Ziel\u0022\n       class=\u0022teaser-link\u0022\u003E\n        \u003Cspan class=\u0022teaser-link--text\u0022\u003E  \u003Cspan class=\u0022article--protection-icon\u0022\u003E\u003Ci class=\u0022mi mi-add\u0022\u003E\u003C\/i\u003E\u003C\/span\u003E\nVerbrenner-Aus ist nicht das Ziel\n\u003C\/span\u003E\n            \u003C\/a\u003E\n\u003C\/li\u003E\n\u003Cli class=\u0022node node--type--article node--view-mode--unordered-list is-linked\u0022\u003E\n    \u003Ca href=\u0022\/management\/fahrzeuge\/studie-ladeinfrastruktur-fuer-e-autos-mehrparteienhaeusern-moeglich\u0022\n       aria-label=\u0022Studie: Ladeinfrastruktur f\u00fcr E-Autos in Mehrparteienh\u00e4usern m\u00f6glich?\u0022\n       class=\u0022teaser-link\u0022\u003E\n        \u003Cspan class=\u0022teaser-link--text\u0022\u003EStudie: Ladeinfrastruktur f\u00fcr E-Autos in Mehrparteienh\u00e4usern m\u00f6glich?\n\u003C\/span\u003E\n            \u003C\/a\u003E\n\u003C\/li\u003E\n\u003Cli class=\u0022node node--type--article node--view-mode--unordered-list is-linked\u0022\u003E\n    \u003Ca href=\u0022\/management\/fahrzeuge\/dynamische-stromtarife-und-e-mobilitaet\u0022\n       aria-label=\u0022Dynamische Stromtarife und E-Mobilit\u00e4t\u0022\n       class=\u0022teaser-link\u0022\u003E\n        \u003Cspan class=\u0022teaser-link--text\u0022\u003E  \u003Cspan class=\u0022article--protection-icon\u0022\u003E\u003Ci class=\u0022mi mi-add\u0022\u003E\u003C\/i\u003E\u003C\/span\u003E\nWie variable Preise intelligentes Laden voranbringen\n\u003C\/span\u003E\n            \u003C\/a\u003E\n\u003C\/li\u003E\n\u003Cli class=\u0022node node--type--article node--view-mode--unordered-list is-linked\u0022\u003E\n    \u003Ca href=\u0022\/energie\/batteriespeicher\/bidirektionales-laden-strenge-anforderungen-fuer-das-stromnetz\u0022\n       aria-label=\u0022Bidirektionales Laden: Strenge Anforderungen f\u00fcr das Stromnetz\u0022\n       class=\u0022teaser-link\u0022\u003E\n        \u003Cspan class=\u0022teaser-link--text\u0022\u003E  \u003Cspan class=\u0022article--protection-icon\u0022\u003E\u003Ci class=\u0022mi mi-add\u0022\u003E\u003C\/i\u003E\u003C\/span\u003E\nBidirektionales Laden: Strenge Anforderungen f\u00fcr das Stromnetz\n\u003C\/span\u003E\n            \u003C\/a\u003E\n\u003C\/li\u003E\n\u003Cli class=\u0022node node--type--article node--view-mode--unordered-list is-linked\u0022\u003E\n    \u003Ca href=\u0022\/energie\/ist-bidirektionales-laden-deutschland-moeglich\u0022\n       aria-label=\u0022Ist bidirektionales Laden in Deutschland m\u00f6glich?\u0022\n       class=\u0022teaser-link\u0022\u003E\n        \u003Cspan class=\u0022teaser-link--text\u0022\u003E  \u003Cspan class=\u0022article--protection-icon\u0022\u003E\u003Ci class=\u0022mi mi-add\u0022\u003E\u003C\/i\u003E\u003C\/span\u003E\nIst bidirektionales Laden in Deutschland m\u00f6glich?\n\u003C\/span\u003E\n            \u003C\/a\u003E\n\u003C\/li\u003E\n\u003Cli class=\u0022node node--type--article node--view-mode--unordered-list is-linked\u0022\u003E\n    \u003Ca href=\u0022\/management\/fahrzeuge\/kia-pv-5-cargo-e-transporter-aus-dem-baukasten\u0022\n       aria-label=\u0022KIA PV 5 Cargo: E-Transporter aus dem Baukasten\u0022\n       class=\u0022teaser-link\u0022\u003E\n        \u003Cspan class=\u0022teaser-link--text\u0022\u003EKIA PV 5 Cargo: E-Transporter aus dem Baukasten\n\u003C\/span\u003E\n            \u003C\/a\u003E\n\u003C\/li\u003E\n\u003Cli class=\u0022node node--type--article node--view-mode--unordered-list is-linked\u0022\u003E\n    \u003Ca href=\u0022\/management\/fahrzeuge\/dat-report-2025-nimmt-autokauf-unter-die-lupe\u0022\n       aria-label=\u0022DAT-Report 2025 nimmt Autokauf unter die Lupe\u0022\n       class=\u0022teaser-link\u0022\u003E\n        \u003Cspan class=\u0022teaser-link--text\u0022\u003EDAT-Report 2025 nimmt Autokauf unter die Lupe\n\u003C\/span\u003E\n            \u003C\/a\u003E\n\u003C\/li\u003E\n\u003Cli class=\u0022node node--type--article node--view-mode--unordered-list is-linked\u0022\u003E\n    \u003Ca href=\u0022\/energie\/batteriespeicher\/bidirek-tio-nales-laden-kann-die-energie-kosten-deut-lich-sen-ken\u0022\n       aria-label=\u0022Bidirek\u00adtio\u00adnales Laden kann die Energie\u00adkosten deut\u00adlich sen\u00adken\u0022\n       class=\u0022teaser-link\u0022\u003E\n        \u003Cspan class=\u0022teaser-link--text\u0022\u003E  \u003Cspan class=\u0022article--protection-icon\u0022\u003E\u003Ci class=\u0022mi mi-add\u0022\u003E\u003C\/i\u003E\u003C\/span\u003E\nBidirek\u00adtio\u00adnales Laden kann die Energie\u00adkosten deut\u00adlich sen\u00adken\n\u003C\/span\u003E\n            \u003C\/a\u003E\n\u003C\/li\u003E\n\u003Cli class=\u0022node node--type--article node--view-mode--unordered-list is-linked\u0022\u003E\n    \u003Ca href=\u0022\/management\/fahrzeuge\/vw-e-transporter-neustart-des-bulli-mit-elektroantrieb\u0022\n       aria-label=\u0022VW e-Transporter: Neustart des Bulli \u2013 mit Elektroantrieb\u0022\n       class=\u0022teaser-link\u0022\u003E\n        \u003Cspan class=\u0022teaser-link--text\u0022\u003EVW e-Transporter: Neustart des Bulli \u2013 mit Elektroantrieb\n\u003C\/span\u003E\n            \u003C\/a\u003E\n\u003C\/li\u003E\n\u003Cli class=\u0022node node--type--article node--view-mode--unordered-list is-linked\u0022\u003E\n    \u003Ca href=\u0022\/energie\/batteriespeicher\/schwarmbatterien-das-noch-ungenutzte-potenzial-von-e-auto-batterien\u0022\n       aria-label=\u0022Schwarmbatterien: Das (noch) ungenutzte Potenzial von E-Auto-Batterien\u0022\n       class=\u0022teaser-link\u0022\u003E\n        \u003Cspan class=\u0022teaser-link--text\u0022\u003ESchwarmbatterien: Das (noch) ungenutzte Potenzial von E-Auto-Batterien\n\u003C\/span\u003E\n            \u003C\/a\u003E\n\u003C\/li\u003E\n\u003Cli class=\u0022node node--type--article node--view-mode--unordered-list is-linked\u0022\u003E\n    \u003Ca href=\u0022\/management\/fahrzeuge\/toyota-proace-max-electric-transporter-nach-ausgereiftem-konzept\u0022\n       aria-label=\u0022Toyota Proace Max Electric: Transporter nach ausgereiftem Konzept\u0022\n       class=\u0022teaser-link\u0022\u003E\n        \u003Cspan class=\u0022teaser-link--text\u0022\u003EToyota Proace Max Electric: Transporter nach ausgereiftem Konzept\n\u003C\/span\u003E\n            \u003C\/a\u003E\n\u003C\/li\u003E\n\u003Cli class=\u0022node node--type--article node--view-mode--unordered-list is-linked\u0022\u003E\n    \u003Ca href=\u0022\/management\/fahrzeuge\/huk-e-barometer-umstiege-auf-elektroautos-stagnieren-trotz-wachsender\u0022\n       aria-label=\u0022HUK-E-Barometer: Umstiege auf Elektroautos stagnieren trotz wachsender Fahrzeugauswahl\u0022\n       class=\u0022teaser-link\u0022\u003E\n        \u003Cspan class=\u0022teaser-link--text\u0022\u003EHUK-E-Barometer: Umstiege auf Elektroautos stagnieren trotz wachsender Fahrzeugauswahl\n\u003C\/span\u003E\n            \u003C\/a\u003E\n\u003C\/li\u003E\n\u003Cli class=\u0022node node--type--article node--view-mode--unordered-list is-linked\u0022\u003E\n    \u003Ca href=\u0022\/management\/panorama\/vor-allem-junge-menschen-wollen-e-autos-fahren\u0022\n       aria-label=\u0022Vor allem junge Menschen wollen E-Autos fahren\u0022\n       class=\u0022teaser-link\u0022\u003E\n        \u003Cspan class=\u0022teaser-link--text\u0022\u003EVor allem junge Menschen wollen E-Autos fahren\n\u003C\/span\u003E\n            \u003C\/a\u003E\n\u003C\/li\u003E\n\u003Cli class=\u0022node node--type--article node--view-mode--unordered-list is-linked\u0022\u003E\n    \u003Ca href=\u0022\/management\/fahrzeuge\/unfaelle-reduzieren-weitere-fahrassistenten-bord\u0022\n       aria-label=\u0022Unf\u00e4lle reduzieren: Weitere Fahrassistenten an Bord\u0022\n       class=\u0022teaser-link\u0022\u003E\n        \u003Cspan class=\u0022teaser-link--text\u0022\u003EUnf\u00e4lle reduzieren: Weitere Fahrassistenten an Bord\n\u003C\/span\u003E\n            \u003C\/a\u003E\n\u003C\/li\u003E\n\u003Cli class=\u0022node node--type--article node--view-mode--unordered-list is-linked\u0022\u003E\n    \u003Ca href=\u0022\/energie\/batteriespeicher\/batteriespeicher-das-sind-die-trends-aus-muenchen\u0022\n       aria-label=\u0022Batteriespeicher: Das sind die Trends aus M\u00fcnchen\u0022\n       class=\u0022teaser-link\u0022\u003E\n        \u003Cspan class=\u0022teaser-link--text\u0022\u003EBatteriespeicher: Das sind die Trends aus M\u00fcnchen\n\u003C\/span\u003E\n            \u003C\/a\u003E\n\u003C\/li\u003E\n\u003Cli class=\u0022node node--type--article node--view-mode--unordered-list is-linked\u0022\u003E\n    \u003Ca href=\u0022\/management\/fahrzeuge\/toyota-proace-electric-ueber-kurz-oder-lang-mobil\u0022\n       aria-label=\u0022Toyota Proace Electric: \u00dcber kurz oder lang mobil\u0022\n       class=\u0022teaser-link\u0022\u003E\n        \u003Cspan class=\u0022teaser-link--text\u0022\u003EToyota Proace Electric: \u00dcber kurz oder lang mobil\n\u003C\/span\u003E\n            \u003C\/a\u003E\n\u003C\/li\u003E\n\u003Cli class=\u0022node node--type--article node--view-mode--unordered-list is-linked\u0022\u003E\n    \u003Ca href=\u0022\/management\/fahrzeuge\/master-e-tech-electric-und-interstar-e-bullige-praesenz\u0022\n       aria-label=\u0022Master E-Tech Electric und Interstar-e: Bullige Pr\u00e4senz\u0022\n       class=\u0022teaser-link\u0022\u003E\n        \u003Cspan class=\u0022teaser-link--text\u0022\u003EMaster E-Tech Electric und Interstar-e: Bullige Pr\u00e4senz\n\u003C\/span\u003E\n            \u003C\/a\u003E\n\u003C\/li\u003E\n\u003Cli class=\u0022node node--type--article node--view-mode--unordered-list is-linked\u0022\u003E\n    \u003Ca href=\u0022\/management\/fahrzeuge\/opel-movano-electric-2024-frisch-und-flott-am-start\u0022\n       aria-label=\u0022Opel Movano Electric 2024: Frisch und flott am Start\u0022\n       class=\u0022teaser-link\u0022\u003E\n        \u003Cspan class=\u0022teaser-link--text\u0022\u003EOpel Movano Electric 2024: Frisch und flott am Start\n\u003C\/span\u003E\n            \u003C\/a\u003E\n\u003C\/li\u003E\n\u003Cli class=\u0022node node--type--article node--view-mode--unordered-list is-linked\u0022\u003E\n    \u003Ca href=\u0022\/energie\/batteriespeicher\/einfamilienhaus-mehrfamilienhaus-oder-firma-welche-wallbox-ist-die\u0022\n       aria-label=\u0022Einfamilienhaus, Mehrfamilienhaus oder Firma: Welche Wallbox ist die richtige? \u0022\n       class=\u0022teaser-link\u0022\u003E\n        \u003Cspan class=\u0022teaser-link--text\u0022\u003EEinfamilienhaus, Mehrfamilienhaus oder Firma: Welche Wallbox ist die richtige? \n\u003C\/span\u003E\n            \u003C\/a\u003E\n\u003C\/li\u003E\n\u003Cli class=\u0022node node--type--article node--view-mode--unordered-list is-linked\u0022\u003E\n    \u003Ca href=\u0022\/management\/fahrzeuge\/ford-startet-bestellungen-fuer-den-neuen-e-transit-custom-elektrifizierung-des\u0022\n       aria-label=\u0022Ford startet Bestellungen f\u00fcr den neuen E-Transit Custom: Elektrifizierung des Klassikers\u0022\n       class=\u0022teaser-link\u0022\u003E\n        \u003Cspan class=\u0022teaser-link--text\u0022\u003EFord startet Bestellungen f\u00fcr den neuen E-Transit Custom: Elektrifizierung des Klassikers\n\u003C\/span\u003E\n            \u003C\/a\u003E\n\u003C\/li\u003E\n\u003Cli class=\u0022node node--type--article node--view-mode--unordered-list is-linked\u0022\u003E\n    \u003Ca href=\u0022\/management\/betriebsfuehrung\/e-dienstwagen-einfach-und-korrekt-abrechnen\u0022\n       aria-label=\u0022E-Dienstwagen einfach und korrekt abrechnen\u0022\n       class=\u0022teaser-link\u0022\u003E\n        \u003Cspan class=\u0022teaser-link--text\u0022\u003ESo k\u00f6nnen E-Dienstwagen einfach und korrekt abgerechnet werden\n\u003C\/span\u003E\n            \u003C\/a\u003E\n\u003C\/li\u003E\n\u003Cli class=\u0022node node--type--article node--view-mode--unordered-list is-linked\u0022\u003E\n    \u003Ca href=\u0022\/management\/fahrzeuge\/elektroautos-im-winter-wie-kaelte-die-batterieleistung-beeintraechtigt\u0022\n       aria-label=\u0022Elektroautos im Winter: Wie K\u00e4lte die Batterieleistung beeintr\u00e4chtigt\u0022\n       class=\u0022teaser-link\u0022\u003E\n        \u003Cspan class=\u0022teaser-link--text\u0022\u003EElektroautos im Winter: Wie K\u00e4lte die Batterieleistung beeintr\u00e4chtigt\n\u003C\/span\u003E\n            \u003C\/a\u003E\n\u003C\/li\u003E\n\u003Cli class=\u0022node node--type--article node--view-mode--unordered-list is-linked\u0022\u003E\n    \u003Ca href=\u0022\/energie\/bidirektionales-laden-so-wird-das-e-auto-zum-stromspeicher\u0022\n       aria-label=\u0022Bidirektionales Laden: So wird das E-Auto zum Stromspeicher\u0022\n       class=\u0022teaser-link\u0022\u003E\n        \u003Cspan class=\u0022teaser-link--text\u0022\u003EBidirektionales Laden: So wird das E-Auto zum Stromspeicher\n\u003C\/span\u003E\n            \u003C\/a\u003E\n\u003C\/li\u003E\n\u003Cli class=\u0022node node--type--article node--view-mode--unordered-list is-linked\u0022\u003E\n    \u003Ca href=\u0022\/management\/fahrzeuge\/mercedes-ecitan-im-kleinen-trotzdem-gross\u0022\n       aria-label=\u0022Mercedes eCitan: Im Kleinen trotzdem gro\u00df\u0022\n       class=\u0022teaser-link\u0022\u003E\n        \u003Cspan class=\u0022teaser-link--text\u0022\u003EMercedes eCitan: Im Kleinen trotzdem gro\u00df\n\u003C\/span\u003E\n            \u003C\/a\u003E\n\u003C\/li\u003E\n\u003Cli class=\u0022node node--type--article node--view-mode--unordered-list is-linked\u0022\u003E\n    \u003Ca href=\u0022\/management\/fahrzeuge\/fiat-e-ducato-transporter-auch-kabeltauglich\u0022\n       aria-label=\u0022Fiat E-Ducato: Transporter auch kabeltauglich\u0022\n       class=\u0022teaser-link\u0022\u003E\n        \u003Cspan class=\u0022teaser-link--text\u0022\u003EFiat E-Ducato: Transporter auch kabeltauglich\n\u003C\/span\u003E\n            \u003C\/a\u003E\n\u003C\/li\u003E\n\u003Cli class=\u0022node node--type--article node--view-mode--unordered-list is-linked\u0022\u003E\n    \u003Ca href=\u0022\/management\/fahrzeuge\/iveco-edaily-transporter-individuell-aus-dem-baukasten\u0022\n       aria-label=\u0022Iveco eDaily: Transporter individuell aus dem Baukasten\u0022\n       class=\u0022teaser-link\u0022\u003E\n        \u003Cspan class=\u0022teaser-link--text\u0022\u003EIveco eDaily: Transporter individuell aus dem Baukasten\n\u003C\/span\u003E\n            \u003C\/a\u003E\n\u003C\/li\u003E\n","entity_type":"node","used_ids":["",23704,23524,23523,23300,23121,22953,22908,22480,21827,21340,21165,20957,20725,20703,20411,20386,20005,19587,19490,19424,19095,18939,18683,18458,18226,18085,17898,17893,17738,17451],"show_more":""}]