[{"command":"settings","settings":{"pluralDelimiter":"\u0003","suppressDeprecationErrors":true,"ajaxPageState":{"libraries":"eJxLqcxLzM1Mjk_NK8ksqYzPySwu0S_OyC-Pz80vSgUAtBcL_w","theme":"ivory","theme_token":null},"ajaxTrustedUrl":[],"user":{"uid":0,"permissionsHash":"45145ff10299dd0624d6ca546e77b041201ed93c76c2a8c9916dd4f05d66e569","roles":["anonymous"],"custom_permissions":["none"]}},"merge":true},{"command":"add_css","data":[{"rel":"stylesheet","media":"all","href":"\/sites\/default\/files\/css\/css_o0ADUb7yDHQ8o800zQVJp3VQ9weKwIDGJEYSMBWLURw.css?delta=0\u0026language=de\u0026theme=ivory\u0026include=eJxLzi9K1U8pKi1IzNFLzEqsAAA0wAYz"},{"rel":"stylesheet","media":"all","href":"\/sites\/default\/files\/css\/css_b1LJgX55_PliihHpD7ahvFnlUq8xUspelw3mtrlm3xw.css?delta=1\u0026language=de\u0026theme=ivory\u0026include=eJxLzi9K1U8pKi1IzNFLzEqsAAA0wAYz"}]},{"command":"add_js","selector":"body","data":[{"src":"\/core\/assets\/vendor\/jquery\/jquery.min.js?v=4.0.0"},{"src":"\/sites\/default\/files\/js\/js_e2g_i7ViUPN-woOjvyw6RGYTrT44WHuPVVy5Tl7arhE.js?scope=footer\u0026delta=1\u0026language=de\u0026theme=ivory\u0026include=eJxLqcxLzM1Mjk_NK8ksqYzPySwu0S_OyC-Pz80vSgUAtBcL_w"}]},{"command":"showMoreTeasers","id":"del--paragraph-45378","content":"\u003Cli class=\u0022node node--type--article node--view-mode--unordered-list is-linked\u0022\u003E\n    \u003Ca href=\u0022\/gebaeudehuelle\/sanierungsrate-auf-dem-pruefstand-reicht-der-fokus-auf-heizungstausch-aus\u0022\n       aria-label=\u0022Sanierungsrate auf dem Pr\u00fcfstand: Reicht der Fokus auf Heizungstausch aus?\u0022\n       class=\u0022teaser-link\u0022\u003E\n        \u003Cspan class=\u0022teaser-link--text\u0022\u003ESanierungsrate auf dem Pr\u00fcfstand: Reicht der Fokus auf Heizungstausch aus?\n\u003C\/span\u003E\n            \u003C\/a\u003E\n\u003C\/li\u003E\n\u003Cli class=\u0022node node--type--article node--view-mode--unordered-list is-linked\u0022\u003E\n    \u003Ca href=\u0022\/management\/markt\/einfacher-bauen-wirtschaftlich-heizen-fachkonferenz-ueber-wohnungsbau-und\u0022\n       aria-label=\u0022Einfacher bauen, wirtschaftlich heizen? Fachkonferenz \u00fcber Wohnungsbau und Sanierung\u0022\n       class=\u0022teaser-link\u0022\u003E\n        \u003Cspan class=\u0022teaser-link--text\u0022\u003EEinfacher bauen, wirtschaftlich heizen? Fachkonferenz \u00fcber Wohnungsbau und Sanierung\n\u003C\/span\u003E\n            \u003C\/a\u003E\n\u003C\/li\u003E\n\u003Cli class=\u0022node node--type--article node--view-mode--unordered-list is-linked\u0022\u003E\n    \u003Ca href=\u0022\/gebaeudehuelle\/sanieren-wohneigentuemerschaften-leicht-gemacht\u0022\n       aria-label=\u0022Sanieren in Wohneigent\u00fcmerschaften leicht gemacht\u0022\n       class=\u0022teaser-link\u0022\u003E\n        \u003Cspan class=\u0022teaser-link--text\u0022\u003ESanieren in Wohneigent\u00fcmerschaften leicht gemacht\n\u003C\/span\u003E\n            \u003C\/a\u003E\n\u003C\/li\u003E\n\u003Cli class=\u0022node node--type--article node--view-mode--unordered-list is-linked\u0022\u003E\n    \u003Ca href=\u0022\/management\/normen-recht\/heizen-wohnen-sparen-was-sich-2026-aendert\u0022\n       aria-label=\u0022Heizen, Wohnen, Sparen: Was sich 2026 \u00e4ndert\u0022\n       class=\u0022teaser-link\u0022\u003E\n        \u003Cspan class=\u0022teaser-link--text\u0022\u003EHeizen, Wohnen, Sparen: Was sich 2026 \u00e4ndert\n\u003C\/span\u003E\n            \u003C\/a\u003E\n\u003C\/li\u003E\n\u003Cli class=\u0022node node--type--article node--view-mode--unordered-list is-linked\u0022\u003E\n    \u003Ca href=\u0022\/gebaeudehuelle\/energetische-gebaeudesanierung-talfahrt-geht-weiter\u0022\n       aria-label=\u0022Energetische Geb\u00e4udesanierung: Talfahrt geht weiter\u0022\n       class=\u0022teaser-link\u0022\u003E\n        \u003Cspan class=\u0022teaser-link--text\u0022\u003EEnergetische Geb\u00e4udesanierung: Talfahrt geht weiter\n\u003C\/span\u003E\n            \u003C\/a\u003E\n\u003C\/li\u003E\n\u003Cli class=\u0022node node--type--article node--view-mode--unordered-list is-linked\u0022\u003E\n    \u003Ca href=\u0022\/gebaeudehuelle\/neuer-praxisguide-unterstuetzt-energetische-sanierungen-wegs\u0022\n       aria-label=\u0022Neuer Praxisguide unterst\u00fctzt energetische Sanierungen in WEGs\u0022\n       class=\u0022teaser-link\u0022\u003E\n        \u003Cspan class=\u0022teaser-link--text\u0022\u003ENeuer Praxisguide unterst\u00fctzt energetische Sanierungen in WEGs\n\u003C\/span\u003E\n            \u003C\/a\u003E\n\u003C\/li\u003E\n\u003Cli class=\u0022node node--type--article node--view-mode--unordered-list is-linked\u0022\u003E\n    \u003Ca href=\u0022\/heizung\/waermepumpen\/wachsende-nachfrage-nach-waermepumpen\u0022\n       aria-label=\u0022Wachsende Nachfrage nach W\u00e4rmepumpen\u0022\n       class=\u0022teaser-link\u0022\u003E\n        \u003Cspan class=\u0022teaser-link--text\u0022\u003EWachsende Nachfrage nach W\u00e4rmepumpen\n\u003C\/span\u003E\n            \u003C\/a\u003E\n\u003C\/li\u003E\n\u003Cli class=\u0022node node--type--article node--view-mode--unordered-list is-linked\u0022\u003E\n    \u003Ca href=\u0022\/gebaeudehuelle\/gebaeudesanierung-sanierungssprint-startet-immer-mehr-regionen\u0022\n       aria-label=\u0022Geb\u00e4udesanierung: Sanierungssprint startet in immer mehr Regionen\u0022\n       class=\u0022teaser-link\u0022\u003E\n        \u003Cspan class=\u0022teaser-link--text\u0022\u003ESanierung in 22 Tagen: Immer mehr Projekte setzen auf das Sprint-Modell\n\u003C\/span\u003E\n            \u003C\/a\u003E\n\u003C\/li\u003E\n\u003Cli class=\u0022node node--type--article node--view-mode--unordered-list is-linked\u0022\u003E\n    \u003Ca href=\u0022\/heizung\/waermepumpen\/waermepumpen-sind-fast-gleichauf-mit-fossilen-heizungen\u0022\n       aria-label=\u0022W\u00e4rmepumpen sind fast gleichauf mit fossilen Heizungen\u0022\n       class=\u0022teaser-link\u0022\u003E\n        \u003Cspan class=\u0022teaser-link--text\u0022\u003EAriadne-Report: W\u00e4rmepumpen fast gleichauf mit fossilen Heizungen\n\u003C\/span\u003E\n            \u003C\/a\u003E\n\u003C\/li\u003E\n\u003Cli class=\u0022node node--type--article node--view-mode--unordered-list is-linked\u0022\u003E\n    \u003Ca href=\u0022\/klima-lueftung\/lueftungstechnik\/beim-ersatz-von-etagen-hei-zungen-auf-die-luef-tung-achten\u0022\n       aria-label=\u0022Beim Ersatz von Etagen\u00adhei\u00adzungen auf die L\u00fcf\u00adtung achten\u0022\n       class=\u0022teaser-link\u0022\u003E\n        \u003Cspan class=\u0022teaser-link--text\u0022\u003EBeim Ersatz von Etagen\u00adhei\u00adzungen auf die L\u00fcf\u00adtung achten\n\u003C\/span\u003E\n            \u003C\/a\u003E\n\u003C\/li\u003E\n\u003Cli class=\u0022node node--type--article node--view-mode--unordered-list is-linked\u0022\u003E\n    \u003Ca href=\u0022\/gebaeudehuelle\/daemmung\/daa-daemmindex-sanierung-auf-besorgniserregendem-niveau\u0022\n       aria-label=\u0022DAA D\u00e4mmIndex: Sanierung auf besorgniserregendem Niveau\u0022\n       class=\u0022teaser-link\u0022\u003E\n        \u003Cspan class=\u0022teaser-link--text\u0022\u003EDAA D\u00e4mmIndex: Sanierung auf besorgniserregendem Niveau\n\u003C\/span\u003E\n            \u003C\/a\u003E\n\u003C\/li\u003E\n\u003Cli class=\u0022node node--type--article node--view-mode--unordered-list is-linked\u0022\u003E\n    \u003Ca href=\u0022\/gebaeudehuelle\/gebaeudebestand-verfehlt-sanierungsquote-deutlich\u0022\n       aria-label=\u0022Geb\u00e4udebestand verfehlt Sanierungsquote deutlich\u0022\n       class=\u0022teaser-link\u0022\u003E\n        \u003Cspan class=\u0022teaser-link--text\u0022\u003EGeb\u00e4udebestand verfehlt Sanierungsquote deutlich\n\u003C\/span\u003E\n            \u003C\/a\u003E\n\u003C\/li\u003E\n\u003Cli class=\u0022node node--type--article node--view-mode--unordered-list is-linked\u0022\u003E\n    \u003Ca href=\u0022\/gebaeudehuelle\/energetische-sanierung-fuenf-gruende-dafuer\u0022\n       aria-label=\u0022Energetische Sanierung: F\u00fcnf Gr\u00fcnde daf\u00fcr\u0022\n       class=\u0022teaser-link\u0022\u003E\n        \u003Cspan class=\u0022teaser-link--text\u0022\u003EEnergetische Sanierung: F\u00fcnf Gr\u00fcnde daf\u00fcr\n\u003C\/span\u003E\n            \u003C\/a\u003E\n\u003C\/li\u003E\n\u003Cli class=\u0022node node--type--article node--view-mode--unordered-list is-linked\u0022\u003E\n    \u003Ca href=\u0022\/heizung\/waermeerzeugung\/eine-million-heizkessel-baden-wuerttemberg-sanierungsbeduerftig\u0022\n       aria-label=\u0022Eine Million Heizkessel in Baden-W\u00fcrttemberg sanierungsbed\u00fcrftig\u0022\n       class=\u0022teaser-link\u0022\u003E\n        \u003Cspan class=\u0022teaser-link--text\u0022\u003EEine Million Heizkessel in Baden-W\u00fcrttemberg sanierungsbed\u00fcrftig\n\u003C\/span\u003E\n            \u003C\/a\u003E\n\u003C\/li\u003E\n\u003Cli class=\u0022node node--type--article node--view-mode--unordered-list is-linked\u0022\u003E\n    \u003Ca href=\u0022\/gebaeudehuelle\/wwf-studie-was-nutzen-und-kosten-sanierungen\u0022\n       aria-label=\u0022WWF-Studie: Was nutzen und kosten Sanierungen?\u0022\n       class=\u0022teaser-link\u0022\u003E\n        \u003Cspan class=\u0022teaser-link--text\u0022\u003EWWF-Studie: Was nutzen und kosten Sanierungen?\n\u003C\/span\u003E\n            \u003C\/a\u003E\n\u003C\/li\u003E\n\u003Cli class=\u0022node node--type--article node--view-mode--unordered-list is-linked\u0022\u003E\n    \u003Ca href=\u0022\/gebaeudehuelle\/klimaneutralitaet-erst-2075-anforderungen-fuer-den-klimaneutralen-gebaeudebestand\u0022\n       aria-label=\u0022Klimaneutralit\u00e4t erst 2075? Anforderungen f\u00fcr den klimaneutralen Geb\u00e4udebestand \u0022\n       class=\u0022teaser-link\u0022\u003E\n        \u003Cspan class=\u0022teaser-link--text\u0022\u003EKlimaneutralit\u00e4t erst 2075? Anforderungen f\u00fcr den klimaneutralen Geb\u00e4udebestand \n\u003C\/span\u003E\n            \u003C\/a\u003E\n\u003C\/li\u003E\n\u003Cli class=\u0022node node--type--article node--view-mode--unordered-list is-linked\u0022\u003E\n    \u003Ca href=\u0022\/gebaeudehuelle\/ivd-und-gih-kooperieren-energetische-sanierung-von-voranbringen\u0022\n       aria-label=\u0022IVD und GIH kooperieren: Energetische Sanierung von voranbringen\u0022\n       class=\u0022teaser-link\u0022\u003E\n        \u003Cspan class=\u0022teaser-link--text\u0022\u003EIVD und GIH kooperieren: Energetische Sanierung von voranbringen\n\u003C\/span\u003E\n            \u003C\/a\u003E\n\u003C\/li\u003E\n\u003Cli class=\u0022node node--type--article node--view-mode--unordered-list is-linked\u0022\u003E\n    \u003Ca href=\u0022\/gebaeudehuelle\/fenster-bauelemente\/energetisches-sanieren-mit-fenstern-und-tueren-vff-foerdermittel\u0022\n       aria-label=\u0022Energetisches Sanieren mit Fenstern und T\u00fcren: VFF-F\u00f6rdermittel-Assistent\u0022\n       class=\u0022teaser-link\u0022\u003E\n        \u003Cspan class=\u0022teaser-link--text\u0022\u003EEnergetisches Sanieren mit Fenstern und T\u00fcren: VFF-F\u00f6rdermittel-Assistent\n\u003C\/span\u003E\n            \u003C\/a\u003E\n\u003C\/li\u003E\n\u003Cli class=\u0022node node--type--article node--view-mode--unordered-list is-linked\u0022\u003E\n    \u003Ca href=\u0022\/management\/markt\/extremer-sanierungsrueckstand-vorschlag-fuer-politische-massnahmen\u0022\n       aria-label=\u0022Extremer Sanierungsr\u00fcckstand: Vorschlag f\u00fcr politische Ma\u00dfnahmen\u0022\n       class=\u0022teaser-link\u0022\u003E\n        \u003Cspan class=\u0022teaser-link--text\u0022\u003EExtremer Sanierungsr\u00fcckstand: Vorschlag f\u00fcr politische Ma\u00dfnahmen\n\u003C\/span\u003E\n            \u003C\/a\u003E\n\u003C\/li\u003E\n\u003Cli class=\u0022node node--type--article node--view-mode--unordered-list is-linked\u0022\u003E\n    \u003Ca href=\u0022\/gebaeudehuelle\/glas-fassade\/bestandssanierung-wenn-bauplaene-fehlen\u0022\n       aria-label=\u0022Bestandssanierung: Wenn Baupl\u00e4ne fehlen\u0022\n       class=\u0022teaser-link\u0022\u003E\n        \u003Cspan class=\u0022teaser-link--text\u0022\u003EBestandssanierung: Wenn Baupl\u00e4ne fehlen\n\u003C\/span\u003E\n            \u003C\/a\u003E\n\u003C\/li\u003E\n\u003Cli class=\u0022node node--type--article node--view-mode--unordered-list is-linked\u0022\u003E\n    \u003Ca href=\u0022\/gebaeudehuelle\/glas-fassade\/sanierungsleitfaden-von-der-planung-bis-zur-umsetzung\u0022\n       aria-label=\u0022Sanierungsleitfaden: Von der Planung bis zur Umsetzung\u0022\n       class=\u0022teaser-link\u0022\u003E\n        \u003Cspan class=\u0022teaser-link--text\u0022\u003ESanierungsleitfaden: Von der Planung bis zur Umsetzung\n\u003C\/span\u003E\n            \u003C\/a\u003E\n\u003C\/li\u003E\n\u003Cli class=\u0022node node--type--article node--view-mode--unordered-list is-linked\u0022\u003E\n    \u003Ca href=\u0022\/gebaeudehuelle\/glas-fassade\/sanierungssprint-22-werktage-fuer-eine-komplett-sanierung\u0022\n       aria-label=\u0022Sanierungssprint: 22 Werktage f\u00fcr eine Komplett-Sanierung\u0022\n       class=\u0022teaser-link\u0022\u003E\n        \u003Cspan class=\u0022teaser-link--text\u0022\u003ESanierungssprint: 22 Werktage f\u00fcr eine Komplett-Sanierung\n\u003C\/span\u003E\n            \u003C\/a\u003E\n\u003C\/li\u003E\n\u003Cli class=\u0022node node--type--article node--view-mode--unordered-list is-linked\u0022\u003E\n    \u003Ca href=\u0022\/management\/markt\/prognose-fuer-2024-sanierungsquote-weiter-schwach\u0022\n       aria-label=\u0022Prognose f\u00fcr 2024: Sanierungsquote weiter schwach\u0022\n       class=\u0022teaser-link\u0022\u003E\n        \u003Cspan class=\u0022teaser-link--text\u0022\u003EPrognose f\u00fcr 2024: Sanierungsquote weiter schwach\n\u003C\/span\u003E\n            \u003C\/a\u003E\n\u003C\/li\u003E\n\u003Cli class=\u0022node node--type--article node--view-mode--unordered-list is-linked\u0022\u003E\n    \u003Ca href=\u0022\/klima-lueftung\/lueftungstechnik\/energetische-sanierung-mit-lueftung\u0022\n       aria-label=\u0022Energetische Sanierung mit L\u00fcftung\u0022\n       class=\u0022teaser-link\u0022\u003E\n        \u003Cspan class=\u0022teaser-link--text\u0022\u003EEnergetische Sanierung mit L\u00fcftung\n\u003C\/span\u003E\n            \u003C\/a\u003E\n\u003C\/li\u003E\n\u003Cli class=\u0022node node--type--article node--view-mode--unordered-list is-linked\u0022\u003E\n    \u003Ca href=\u0022\/heizung\/waermepumpen\/waermepumpe-einbau-auch-ohne-sanierung-moeglich\u0022\n       aria-label=\u0022W\u00e4rmepumpe: Einbau auch ohne Sanierung m\u00f6glich?\u0022\n       class=\u0022teaser-link\u0022\u003E\n        \u003Cspan class=\u0022teaser-link--text\u0022\u003EW\u00e4rmepumpe: Einbau auch ohne Sanierung m\u00f6glich?\n\u003C\/span\u003E\n            \u003C\/a\u003E\n\u003C\/li\u003E\n\u003Cli class=\u0022node node--type--article node--view-mode--unordered-list is-linked\u0022\u003E\n    \u003Ca href=\u0022\/management\/panorama\/energieeffizienz-jede-3-angebotene-immobilie-schlechter-als-klasse-e\u0022\n       aria-label=\u0022Energieeffizienz: Jede 3. angebotene Immobilie schlechter als Klasse E\u0022\n       class=\u0022teaser-link\u0022\u003E\n        \u003Cspan class=\u0022teaser-link--text\u0022\u003EEnergieeffizienz: Jede 3. angebotene Immobilie schneidet sehr schlecht ab\n\u003C\/span\u003E\n            \u003C\/a\u003E\n\u003C\/li\u003E\n\u003Cli class=\u0022node node--type--article node--view-mode--unordered-list is-linked\u0022\u003E\n    \u003Ca href=\u0022\/gebaeudehuelle\/glas-fassade\/energetische-sanierung-wie-viel-eigentuemer-finanzieren-koennen\u0022\n       aria-label=\u0022Energetische Sanierung: Wie viel Eigent\u00fcmer finanzieren k\u00f6nnen\u0022\n       class=\u0022teaser-link\u0022\u003E\n        \u003Cspan class=\u0022teaser-link--text\u0022\u003EEnergetische Sanierung: Wie viel Eigent\u00fcmer finanzieren k\u00f6nnen\n\u003C\/span\u003E\n            \u003C\/a\u003E\n\u003C\/li\u003E\n\u003Cli class=\u0022node node--type--article node--view-mode--unordered-list is-linked\u0022\u003E\n    \u003Ca href=\u0022\/gebaeudehuelle\/fenster-bauelemente\/neue-foerderregel-beim-sanieren-erst-vertrag-abschliessen-dann\u0022\n       aria-label=\u0022Neue F\u00f6rderregel beim Sanieren: Erst Vertrag abschlie\u00dfen, dann zum Amt\u0022\n       class=\u0022teaser-link\u0022\u003E\n        \u003Cspan class=\u0022teaser-link--text\u0022\u003ENeue F\u00f6rderregel beim Sanieren: Erst Vertrag abschlie\u00dfen, dann zum Amt\n\u003C\/span\u003E\n            \u003C\/a\u003E\n\u003C\/li\u003E\n\u003Cli class=\u0022node node--type--article node--view-mode--unordered-list is-linked\u0022\u003E\n    \u003Ca href=\u0022\/gebaeudehuelle\/glas-fassade\/gebaeudebestand-sanierungsquote-weiter-im-freien-fall\u0022\n       aria-label=\u0022Geb\u00e4udebestand: Sanierungsquote weiter im freien Fall\u0022\n       class=\u0022teaser-link\u0022\u003E\n        \u003Cspan class=\u0022teaser-link--text\u0022\u003EGeb\u00e4udebestand: Sanierungsquote weiter im freien Fall\n\u003C\/span\u003E\n            \u003C\/a\u003E\n\u003C\/li\u003E\n\u003Cli class=\u0022node node--type--article node--view-mode--unordered-list is-linked\u0022\u003E\n    \u003Ca href=\u0022\/gebaeudehuelle\/glas-fassade\/betonsanierung-mit-bakterien\u0022\n       aria-label=\u0022Betonsanierung mit Bakterien\u0022\n       class=\u0022teaser-link\u0022\u003E\n        \u003Cspan class=\u0022teaser-link--text\u0022\u003ESelbstheilender Beton durch Bakterien: Effektives Kultivierungsverfahren entwickelt\n\u003C\/span\u003E\n            \u003C\/a\u003E\n\u003C\/li\u003E\n","entity_type":"node","used_ids":["",23435,23423,23350,23303,23271,22799,22550,22016,21758,21602,20915,20382,20343,19951,19893,19533,19531,19518,19364,19300,19291,19141,19109,18801,18642,18616,18570,18497,18352,18312],"show_more":"\u003Cdiv class=\u0022del-show-more\u0022\u003E\u003Ca href=\u0022\/ajax\/del\/15c78a71-84bc-4be5-9027-34298ec3f3d1\/paragraph\/31\/30\/asc\/eyJ0YXhvbm9teV90ZXJtIjp7ImlkIjoiNzY0IiwidHlwZSI6ImFydGljbGVfdGFncyJ9fQ%3D%3D\u0022 title=\u0022Show more items\u0022 class=\u0022del-show-more-link use-ajax\u0022 rel=\u0022nofollow\u0022 data-target-type=\u0022node\u0022 aria-controls=\u0022del--paragraph-45378--content\u0022 aria-label=\u0022Show more items\u0022\u003EMehr anzeigen\u003C\/a\u003E\u003C\/div\u003E\n"}]