[{"command":"settings","settings":{"pluralDelimiter":"\u0003","suppressDeprecationErrors":true,"ajaxPageState":{"libraries":"eJw1jEEKwCAMwD4k-CRRV7dCXaV1iL5-E7pLSC5JFNf0adMl80dMM0VVQu3WjWkWJPpTuKKClcRiNiA1d8w7VswB7o59hn3xevEIlQXcCeFbQ1e_mOsLmCI0Qg","theme":"ivory","theme_token":null},"ajaxTrustedUrl":[],"blazy":{"loadInvisible":true,"offset":300,"saveViewportOffsetDelay":35,"validateDelay":null,"container":"","loader":false,"unblazy":false,"visibleClass":false,"compat":true},"blazyIo":{"disconnect":false,"rootMargin":"0px","threshold":[0,0.25,0.5,0.75,1]},"user":{"uid":0,"permissionsHash":"45145ff10299dd0624d6ca546e77b041201ed93c76c2a8c9916dd4f05d66e569","roles":["anonymous"],"custom_permissions":["none"]}},"merge":true},{"command":"add_css","data":[{"rel":"stylesheet","media":"all","href":"\/sites\/default\/files\/css\/css_A3LVLGfTDl6cRwvgFyZHb6f99NiSTk4jB2MV8IrHpqY.css?delta=0\u0026language=de\u0026theme=ivory\u0026include=eJxLykmsqtRPyikt0knOL0rVTykqLUjM0UvMSqwAAJIECmU"},{"rel":"stylesheet","media":"all","href":"\/sites\/default\/files\/css\/css_b1LJgX55_PliihHpD7ahvFnlUq8xUspelw3mtrlm3xw.css?delta=1\u0026language=de\u0026theme=ivory\u0026include=eJxLykmsqtRPyikt0knOL0rVTykqLUjM0UvMSqwAAJIECmU"}]},{"command":"add_js","selector":"body","data":[{"src":"\/sites\/default\/files\/js\/js_WLtdHHsxg4z_-bAgslnXUg_h4KYGRudwBQho2EngXWY.js?scope=footer\u0026delta=0\u0026language=de\u0026theme=ivory\u0026include=eJw1zEEKwCAMRNELCR5JEqs0EI0kFrGnL0K6Gd7fDDK8O-LZgO5HnZnBjMmm9xDelZj_VGlkxUuhulbBEa7doVFOpU-aO52XaLes1ETLB7MpLmQ"},{"src":"\/core\/assets\/vendor\/jquery\/jquery.min.js?v=4.0.0"},{"src":"\/sites\/default\/files\/js\/js_-CQUAwQDfnJ7GPKKYF8q5qZpor6yHntJXGRFwyOuRCU.js?scope=footer\u0026delta=2\u0026language=de\u0026theme=ivory\u0026include=eJw1zEEKwCAMRNELCR5JEqs0EI0kFrGnL0K6Gd7fDDK8O-LZgO5HnZnBjMmm9xDelZj_VGlkxUuhulbBEa7doVFOpU-aO52XaLes1ETLB7MpLmQ"}]},{"command":"showMoreTeasers","id":"del--paragraph-44845","content":"\u003Cdiv  class=\u0022node node--type--article node--view-mode--teaser\u0022\u003E\n  \u003Ca href=\u0022\/management\/markt\/steigende-ausbildungszahlen-im-handwerk-gen-z-setzt-auf-sichere-jobs\u0022\n     aria-label=\u0022Steigende Ausbildungszahlen im Handwerk: Gen Z setzt auf sichere Jobs\u0022\u003E\n      \u003Cfigure class=\u0022article--teaser-image\u0022\u003E\n              \u003Cdiv data-b-token=\u0022b-a75fa8317be\u0022 class=\u0022media media--blazy media--bundle--image media--image media--responsive\u0022\u003E  \u003Cpicture\u003E\n                  \u003Csource srcset=\u0022\/sites\/default\/files\/styles\/teaser_image_phone\/public\/2021-10\/azubi-im-handwerk.jpg.webp?h=95d44630\u0026amp;itok=InOP8L2q 1x\u0022 media=\u0022all and (max-width: 480px)\u0022 type=\u0022image\/webp\u0022 width=\u0022460\u0022 height=\u0022260\u0022\/\u003E\n              \u003Csource srcset=\u0022\/sites\/default\/files\/styles\/teaser_image_inline\/public\/2021-10\/azubi-im-handwerk.jpg.webp?h=95d44630\u0026amp;itok=T6JU-EB5 1x\u0022 media=\u0022all and (min-width: 481px) and (max-width: 767px)\u0022 type=\u0022image\/webp\u0022 width=\u0022200\u0022 height=\u0022150\u0022\/\u003E\n              \u003Csource srcset=\u0022\/sites\/default\/files\/styles\/teaser_image_inline\/public\/2021-10\/azubi-im-handwerk.jpg.webp?h=95d44630\u0026amp;itok=T6JU-EB5 1x\u0022 media=\u0022all and (min-width: 768px) and (max-width: 1023px)\u0022 type=\u0022image\/webp\u0022 width=\u0022200\u0022 height=\u0022150\u0022\/\u003E\n              \u003Csource srcset=\u0022\/sites\/default\/files\/styles\/teaser_image_inline\/public\/2021-10\/azubi-im-handwerk.jpg.webp?h=95d44630\u0026amp;itok=T6JU-EB5 1x\u0022 media=\u0022all and (min-width: 1024px) and (max-width: 1599px)\u0022 type=\u0022image\/webp\u0022 width=\u0022200\u0022 height=\u0022150\u0022\/\u003E\n              \u003Csource srcset=\u0022\/sites\/default\/files\/styles\/teaser_image_inline_xxl\/public\/2021-10\/azubi-im-handwerk.jpg.webp?h=95d44630\u0026amp;itok=F_On4zlz 1x\u0022 media=\u0022all and (min-width: 1600px)\u0022 type=\u0022image\/webp\u0022 width=\u0022240\u0022 height=\u0022180\u0022\/\u003E\n              \u003Csource srcset=\u0022\/sites\/default\/files\/styles\/teaser_image_phone\/public\/2021-10\/azubi-im-handwerk.jpg?h=95d44630\u0026amp;itok=InOP8L2q 1x\u0022 media=\u0022all and (max-width: 480px)\u0022 type=\u0022image\/jpeg\u0022 width=\u0022460\u0022 height=\u0022260\u0022\/\u003E\n              \u003Csource srcset=\u0022\/sites\/default\/files\/styles\/teaser_image_inline\/public\/2021-10\/azubi-im-handwerk.jpg?h=95d44630\u0026amp;itok=T6JU-EB5 1x\u0022 media=\u0022all and (min-width: 481px) and (max-width: 767px)\u0022 type=\u0022image\/jpeg\u0022 width=\u0022200\u0022 height=\u0022150\u0022\/\u003E\n              \u003Csource srcset=\u0022\/sites\/default\/files\/styles\/teaser_image_inline\/public\/2021-10\/azubi-im-handwerk.jpg?h=95d44630\u0026amp;itok=T6JU-EB5 1x\u0022 media=\u0022all and (min-width: 768px) and (max-width: 1023px)\u0022 type=\u0022image\/jpeg\u0022 width=\u0022200\u0022 height=\u0022150\u0022\/\u003E\n              \u003Csource srcset=\u0022\/sites\/default\/files\/styles\/teaser_image_inline\/public\/2021-10\/azubi-im-handwerk.jpg?h=95d44630\u0026amp;itok=T6JU-EB5 1x\u0022 media=\u0022all and (min-width: 1024px) and (max-width: 1599px)\u0022 type=\u0022image\/jpeg\u0022 width=\u0022200\u0022 height=\u0022150\u0022\/\u003E\n              \u003Csource srcset=\u0022\/sites\/default\/files\/styles\/teaser_image_inline_xxl\/public\/2021-10\/azubi-im-handwerk.jpg?h=95d44630\u0026amp;itok=F_On4zlz 1x\u0022 media=\u0022all and (min-width: 1600px)\u0022 type=\u0022image\/jpeg\u0022 width=\u0022240\u0022 height=\u0022180\u0022\/\u003E\n                  \n\u003Cimg decoding=\u0022async\u0022 class=\u0022media__element b-lazy\u0022 loading=\u0022lazy\u0022 width=\u0022200\u0022 height=\u0022150\u0022 data-zoomed=\u0022https:\/\/www.haustec.de\/sites\/default\/files\/styles\/content__zoomed\/public\/2021-10\/azubi-im-handwerk.jpg?itok=IsVmY-JF\u0022 src=\u0022\/sites\/default\/files\/styles\/teaser_image_inline\/public\/2021-10\/azubi-im-handwerk.jpg?h=95d44630\u0026amp;itok=T6JU-EB5\u0022 alt=\u0022Azubi im Handwerk\u0022 \/\u003E\n\n\n  \u003C\/picture\u003E\n        \u003C\/div\u003E\n  \n                  \u003C\/figure\u003E\n\n    \u003Carticle class=\u0022article--teaser-content\u0022\u003E\n      \u003Ch3 class=\u0022headline\u0022\u003E\n    Steigende Ausbildungszahlen im Handwerk: Gen Z setzt auf sichere Jobs\n  \u003C\/h3\u003E\n  \u003Cdiv class=\u0022article--teaser-body\u0022\u003E\n    \u003Cp\u003EMit 3.463 neuen Ausbildungsvertr\u00e4gen starten die Betriebe der Region Stuttgart erfolgreich in das neue Lehrjahr. Gegen\u00fcber dem Vorjahr entspricht das einem Plus von 5,3 Prozent. Jetzt gilt es, die Nachwuchskr\u00e4fte zu halten.\u003C\/p\u003E\n  \u003C\/div\u003E\n\n    \u003C\/article\u003E\n  \u003C\/a\u003E\n  \u003Cspan class=\u0022article--bookmark\u0022\u003E\u003Cdrupal-render-placeholder callback=\u0022flag.link_builder:build\u0022 arguments=\u00220=node\u0026amp;1=24349\u0026amp;2=bookmark\u0026amp;3=teaser\u0022 token=\u0022bEYCzUvhQf6fSIez0L6B4P1U2Anj4o7u_pATa67QnDQ\u0022\u003E\u003C\/drupal-render-placeholder\u003E\u003C\/span\u003E\n\u003C\/div\u003E\n\n\u003Cdiv  class=\u0022node node--type--article node--view-mode--teaser\u0022\u003E\n  \u003Ca href=\u0022\/klima-lueftung\/lueftungstechnik\/blauberg-ventilatoren-erweitert-zubehoer-um-tellerventil-vpd-125\u0022\n     aria-label=\u0022Blauberg Ventilatoren erweitert Zubeh\u00f6r um Tellerventil VPD 125\u0022\u003E\n      \u003Cfigure class=\u0022article--teaser-image\u0022\u003E\n              \u003Cdiv data-b-token=\u0022b-51bd20b9b47\u0022 class=\u0022media media--blazy media--bundle--image media--image media--responsive\u0022\u003E  \u003Cpicture\u003E\n                  \u003Csource srcset=\u0022\/sites\/default\/files\/styles\/teaser_image_phone\/public\/2026-08\/blauberg_tellerventil_vpd125_04.jpg.webp?h=ead4f64d\u0026amp;itok=ssMqUFTh 1x\u0022 media=\u0022all and (max-width: 480px)\u0022 type=\u0022image\/webp\u0022 width=\u0022460\u0022 height=\u0022260\u0022\/\u003E\n              \u003Csource srcset=\u0022\/sites\/default\/files\/styles\/teaser_image_inline\/public\/2026-08\/blauberg_tellerventil_vpd125_04.jpg.webp?h=ead4f64d\u0026amp;itok=u6XEN7Bq 1x\u0022 media=\u0022all and (min-width: 481px) and (max-width: 767px)\u0022 type=\u0022image\/webp\u0022 width=\u0022200\u0022 height=\u0022150\u0022\/\u003E\n              \u003Csource srcset=\u0022\/sites\/default\/files\/styles\/teaser_image_inline\/public\/2026-08\/blauberg_tellerventil_vpd125_04.jpg.webp?h=ead4f64d\u0026amp;itok=u6XEN7Bq 1x\u0022 media=\u0022all and (min-width: 768px) and (max-width: 1023px)\u0022 type=\u0022image\/webp\u0022 width=\u0022200\u0022 height=\u0022150\u0022\/\u003E\n              \u003Csource srcset=\u0022\/sites\/default\/files\/styles\/teaser_image_inline\/public\/2026-08\/blauberg_tellerventil_vpd125_04.jpg.webp?h=ead4f64d\u0026amp;itok=u6XEN7Bq 1x\u0022 media=\u0022all and (min-width: 1024px) and (max-width: 1599px)\u0022 type=\u0022image\/webp\u0022 width=\u0022200\u0022 height=\u0022150\u0022\/\u003E\n              \u003Csource srcset=\u0022\/sites\/default\/files\/styles\/teaser_image_inline_xxl\/public\/2026-08\/blauberg_tellerventil_vpd125_04.jpg.webp?h=ead4f64d\u0026amp;itok=0sOO55rs 1x\u0022 media=\u0022all and (min-width: 1600px)\u0022 type=\u0022image\/webp\u0022 width=\u0022240\u0022 height=\u0022180\u0022\/\u003E\n              \u003Csource srcset=\u0022\/sites\/default\/files\/styles\/teaser_image_phone\/public\/2026-08\/blauberg_tellerventil_vpd125_04.jpg?h=ead4f64d\u0026amp;itok=ssMqUFTh 1x\u0022 media=\u0022all and (max-width: 480px)\u0022 type=\u0022image\/jpeg\u0022 width=\u0022460\u0022 height=\u0022260\u0022\/\u003E\n              \u003Csource srcset=\u0022\/sites\/default\/files\/styles\/teaser_image_inline\/public\/2026-08\/blauberg_tellerventil_vpd125_04.jpg?h=ead4f64d\u0026amp;itok=u6XEN7Bq 1x\u0022 media=\u0022all and (min-width: 481px) and (max-width: 767px)\u0022 type=\u0022image\/jpeg\u0022 width=\u0022200\u0022 height=\u0022150\u0022\/\u003E\n              \u003Csource srcset=\u0022\/sites\/default\/files\/styles\/teaser_image_inline\/public\/2026-08\/blauberg_tellerventil_vpd125_04.jpg?h=ead4f64d\u0026amp;itok=u6XEN7Bq 1x\u0022 media=\u0022all and (min-width: 768px) and (max-width: 1023px)\u0022 type=\u0022image\/jpeg\u0022 width=\u0022200\u0022 height=\u0022150\u0022\/\u003E\n              \u003Csource srcset=\u0022\/sites\/default\/files\/styles\/teaser_image_inline\/public\/2026-08\/blauberg_tellerventil_vpd125_04.jpg?h=ead4f64d\u0026amp;itok=u6XEN7Bq 1x\u0022 media=\u0022all and (min-width: 1024px) and (max-width: 1599px)\u0022 type=\u0022image\/jpeg\u0022 width=\u0022200\u0022 height=\u0022150\u0022\/\u003E\n              \u003Csource srcset=\u0022\/sites\/default\/files\/styles\/teaser_image_inline_xxl\/public\/2026-08\/blauberg_tellerventil_vpd125_04.jpg?h=ead4f64d\u0026amp;itok=0sOO55rs 1x\u0022 media=\u0022all and (min-width: 1600px)\u0022 type=\u0022image\/jpeg\u0022 width=\u0022240\u0022 height=\u0022180\u0022\/\u003E\n                  \n\u003Cimg decoding=\u0022async\u0022 class=\u0022media__element b-lazy\u0022 loading=\u0022lazy\u0022 width=\u0022200\u0022 height=\u0022150\u0022 data-zoomed=\u0022https:\/\/www.haustec.de\/sites\/default\/files\/styles\/content__zoomed\/public\/2026-08\/blauberg_tellerventil_vpd125_04.jpg?itok=7RaZWawJ\u0022 src=\u0022\/sites\/default\/files\/styles\/teaser_image_inline\/public\/2026-08\/blauberg_tellerventil_vpd125_04.jpg?h=ead4f64d\u0026amp;itok=u6XEN7Bq\u0022 alt=\u0022Blauberg Ventilatoren erweitert Zubeh\u00f6r um Tellerventil VPD 125\u0022 title=\u0022Blauberg Ventilatoren erweitert Zubeh\u00f6r um Tellerventil VPD 125\u0022 \/\u003E\n\n\n  \u003C\/picture\u003E\n        \u003C\/div\u003E\n  \n                  \u003C\/figure\u003E\n\n    \u003Carticle class=\u0022article--teaser-content\u0022\u003E\n      \u003Ch3 class=\u0022headline\u0022\u003E\n    Blauberg Ventilatoren erweitert Zubeh\u00f6r um Tellerventil VPD 125\n  \u003C\/h3\u003E\n  \u003Cdiv class=\u0022article--teaser-body\u0022\u003E\n    \u003Cp\u003EF\u00fcr die zentrale Wohnrauml\u00fcftung erg\u00e4nzt Blauberg Ventilatoren sein Zubeh\u00f6r. Das Tellerventil \u201eVPD 125\u201c verteilt Luft im Raum und regelt den Volumenstrom. Zwei Leitelemente lenken den Luftstrom.\u003C\/p\u003E\n  \u003C\/div\u003E\n\n    \u003C\/article\u003E\n  \u003C\/a\u003E\n  \u003Cspan class=\u0022article--bookmark\u0022\u003E\u003Cdrupal-render-placeholder callback=\u0022flag.link_builder:build\u0022 arguments=\u00220=node\u0026amp;1=24344\u0026amp;2=bookmark\u0026amp;3=teaser\u0022 token=\u0022rusG6fkV_j7M5WqB7vsuFvwjngX6NGhh5ukNKoZ77dU\u0022\u003E\u003C\/drupal-render-placeholder\u003E\u003C\/span\u003E\n\u003C\/div\u003E\n\n\u003Cdiv  class=\u0022node node--type--article node--view-mode--teaser\u0022\u003E\n  \u003Ca href=\u0022\/management\/panorama\/kein-hacker-angriff-bei-teckentrup-unternehmen-weist-berichte-zurueck\u0022\n     aria-label=\u0022Kein Hacker-Angriff bei Teckentrup: Unternehmen weist Berichte zur\u00fcck\u0022\u003E\n      \u003Cfigure class=\u0022article--teaser-image\u0022\u003E\n              \u003Cdiv data-b-token=\u0022b-f6953ec6dad\u0022 class=\u0022media media--blazy media--bundle--image media--image media--responsive\u0022\u003E  \u003Cpicture\u003E\n                  \u003Csource srcset=\u0022\/sites\/default\/files\/styles\/teaser_image_phone\/public\/2024-12\/adobestock_593517704.jpeg.webp?h=6a4a7e3c\u0026amp;itok=0TR5NOJB 1x\u0022 media=\u0022all and (max-width: 480px)\u0022 type=\u0022image\/webp\u0022 width=\u0022460\u0022 height=\u0022260\u0022\/\u003E\n              \u003Csource srcset=\u0022\/sites\/default\/files\/styles\/teaser_image_inline\/public\/2024-12\/adobestock_593517704.jpeg.webp?h=6a4a7e3c\u0026amp;itok=GchKZoTs 1x\u0022 media=\u0022all and (min-width: 481px) and (max-width: 767px)\u0022 type=\u0022image\/webp\u0022 width=\u0022200\u0022 height=\u0022150\u0022\/\u003E\n              \u003Csource srcset=\u0022\/sites\/default\/files\/styles\/teaser_image_inline\/public\/2024-12\/adobestock_593517704.jpeg.webp?h=6a4a7e3c\u0026amp;itok=GchKZoTs 1x\u0022 media=\u0022all and (min-width: 768px) and (max-width: 1023px)\u0022 type=\u0022image\/webp\u0022 width=\u0022200\u0022 height=\u0022150\u0022\/\u003E\n              \u003Csource srcset=\u0022\/sites\/default\/files\/styles\/teaser_image_inline\/public\/2024-12\/adobestock_593517704.jpeg.webp?h=6a4a7e3c\u0026amp;itok=GchKZoTs 1x\u0022 media=\u0022all and (min-width: 1024px) and (max-width: 1599px)\u0022 type=\u0022image\/webp\u0022 width=\u0022200\u0022 height=\u0022150\u0022\/\u003E\n              \u003Csource srcset=\u0022\/sites\/default\/files\/styles\/teaser_image_inline_xxl\/public\/2024-12\/adobestock_593517704.jpeg.webp?h=6a4a7e3c\u0026amp;itok=3sJphd2r 1x\u0022 media=\u0022all and (min-width: 1600px)\u0022 type=\u0022image\/webp\u0022 width=\u0022240\u0022 height=\u0022180\u0022\/\u003E\n              \u003Csource srcset=\u0022\/sites\/default\/files\/styles\/teaser_image_phone\/public\/2024-12\/adobestock_593517704.jpeg?h=6a4a7e3c\u0026amp;itok=0TR5NOJB 1x\u0022 media=\u0022all and (max-width: 480px)\u0022 type=\u0022image\/jpeg\u0022 width=\u0022460\u0022 height=\u0022260\u0022\/\u003E\n              \u003Csource srcset=\u0022\/sites\/default\/files\/styles\/teaser_image_inline\/public\/2024-12\/adobestock_593517704.jpeg?h=6a4a7e3c\u0026amp;itok=GchKZoTs 1x\u0022 media=\u0022all and (min-width: 481px) and (max-width: 767px)\u0022 type=\u0022image\/jpeg\u0022 width=\u0022200\u0022 height=\u0022150\u0022\/\u003E\n              \u003Csource srcset=\u0022\/sites\/default\/files\/styles\/teaser_image_inline\/public\/2024-12\/adobestock_593517704.jpeg?h=6a4a7e3c\u0026amp;itok=GchKZoTs 1x\u0022 media=\u0022all and (min-width: 768px) and (max-width: 1023px)\u0022 type=\u0022image\/jpeg\u0022 width=\u0022200\u0022 height=\u0022150\u0022\/\u003E\n              \u003Csource srcset=\u0022\/sites\/default\/files\/styles\/teaser_image_inline\/public\/2024-12\/adobestock_593517704.jpeg?h=6a4a7e3c\u0026amp;itok=GchKZoTs 1x\u0022 media=\u0022all and (min-width: 1024px) and (max-width: 1599px)\u0022 type=\u0022image\/jpeg\u0022 width=\u0022200\u0022 height=\u0022150\u0022\/\u003E\n              \u003Csource srcset=\u0022\/sites\/default\/files\/styles\/teaser_image_inline_xxl\/public\/2024-12\/adobestock_593517704.jpeg?h=6a4a7e3c\u0026amp;itok=3sJphd2r 1x\u0022 media=\u0022all and (min-width: 1600px)\u0022 type=\u0022image\/jpeg\u0022 width=\u0022240\u0022 height=\u0022180\u0022\/\u003E\n                  \n\u003Cimg decoding=\u0022async\u0022 class=\u0022media__element b-lazy\u0022 loading=\u0022lazy\u0022 width=\u0022200\u0022 height=\u0022150\u0022 data-zoomed=\u0022https:\/\/www.haustec.de\/sites\/default\/files\/styles\/content__zoomed\/public\/2024-12\/adobestock_593517704.jpeg?itok=YoRN_1oO\u0022 src=\u0022\/sites\/default\/files\/styles\/teaser_image_inline\/public\/2024-12\/adobestock_593517704.jpeg?h=6a4a7e3c\u0026amp;itok=GchKZoTs\u0022 alt=\u0022Cyberversicherung f\u00fcrs Handwerk: Lohnt sich das?\u0022 title=\u0022Cyberversicherung f\u00fcrs Handwerk: Lohnt sich das?\u0022 \/\u003E\n\n\n  \u003C\/picture\u003E\n        \u003C\/div\u003E\n  \n                  \u003C\/figure\u003E\n\n    \u003Carticle class=\u0022article--teaser-content\u0022\u003E\n      \u003Ch3 class=\u0022headline\u0022\u003E\n    Kein Hacker-Angriff bei Teckentrup: Unternehmen weist Berichte entschieden zur\u00fcck\n  \u003C\/h3\u003E\n  \u003Cdiv class=\u0022article--teaser-body\u0022\u003E\n    \u003Cp\u003EIn einer Gegendarstellung stellt der Garagentor-Hersteller klar, dass IT-Sicherheit und Kundendatenschutz bei Teckentrup gew\u00e4hrleistet sind. Presse und soziale Medien berichteten von einem vermeintlichen Erpressungsversuch.\u003C\/p\u003E\n  \u003C\/div\u003E\n\n    \u003C\/article\u003E\n  \u003C\/a\u003E\n  \u003Cspan class=\u0022article--bookmark\u0022\u003E\u003Cdrupal-render-placeholder callback=\u0022flag.link_builder:build\u0022 arguments=\u00220=node\u0026amp;1=24348\u0026amp;2=bookmark\u0026amp;3=teaser\u0022 token=\u0022d_x7FQduIBPHWBNn0jv5WSNo4zrT2f1HNMYaxr64ZuA\u0022\u003E\u003C\/drupal-render-placeholder\u003E\u003C\/span\u003E\n\u003C\/div\u003E\n\n\u003Cdiv  class=\u0022node node--type--article node--view-mode--teaser\u0022\u003E\n  \u003Ca href=\u0022\/management\/it\/wenn-das-lager-bremst-mit-optislotting-kommissionierwege-und-personalkosten-senken\u0022\n     aria-label=\u0022Wenn das Lager bremst: Mit OptiSlotting Kommissionierwege und Personalkosten senken \u2013 ohne IT-Projekt\u0022\u003E\n      \u003Cfigure class=\u0022article--teaser-image\u0022\u003E\n              \u003Cdiv data-b-token=\u0022b-800ef90016f\u0022 class=\u0022media media--blazy media--bundle--image media--image media--responsive\u0022\u003E  \u003Cpicture\u003E\n                  \u003Csource srcset=\u0022\/sites\/default\/files\/styles\/teaser_image_phone\/public\/2026-08\/2optislotting512.png.webp?h=8166ac98\u0026amp;itok=10pJbubC 1x\u0022 media=\u0022all and (max-width: 480px)\u0022 type=\u0022image\/webp\u0022 width=\u0022460\u0022 height=\u0022260\u0022\/\u003E\n              \u003Csource srcset=\u0022\/sites\/default\/files\/styles\/teaser_image_inline\/public\/2026-08\/2optislotting512.png.webp?h=8166ac98\u0026amp;itok=TjuXGw-w 1x\u0022 media=\u0022all and (min-width: 481px) and (max-width: 767px)\u0022 type=\u0022image\/webp\u0022 width=\u0022200\u0022 height=\u0022150\u0022\/\u003E\n              \u003Csource srcset=\u0022\/sites\/default\/files\/styles\/teaser_image_inline\/public\/2026-08\/2optislotting512.png.webp?h=8166ac98\u0026amp;itok=TjuXGw-w 1x\u0022 media=\u0022all and (min-width: 768px) and (max-width: 1023px)\u0022 type=\u0022image\/webp\u0022 width=\u0022200\u0022 height=\u0022150\u0022\/\u003E\n              \u003Csource srcset=\u0022\/sites\/default\/files\/styles\/teaser_image_inline\/public\/2026-08\/2optislotting512.png.webp?h=8166ac98\u0026amp;itok=TjuXGw-w 1x\u0022 media=\u0022all and (min-width: 1024px) and (max-width: 1599px)\u0022 type=\u0022image\/webp\u0022 width=\u0022200\u0022 height=\u0022150\u0022\/\u003E\n              \u003Csource srcset=\u0022\/sites\/default\/files\/styles\/teaser_image_inline_xxl\/public\/2026-08\/2optislotting512.png.webp?h=8166ac98\u0026amp;itok=R29qsJhF 1x\u0022 media=\u0022all and (min-width: 1600px)\u0022 type=\u0022image\/webp\u0022 width=\u0022240\u0022 height=\u0022180\u0022\/\u003E\n              \u003Csource srcset=\u0022\/sites\/default\/files\/styles\/teaser_image_phone\/public\/2026-08\/2optislotting512.png?h=8166ac98\u0026amp;itok=10pJbubC 1x\u0022 media=\u0022all and (max-width: 480px)\u0022 type=\u0022image\/png\u0022 width=\u0022460\u0022 height=\u0022260\u0022\/\u003E\n              \u003Csource srcset=\u0022\/sites\/default\/files\/styles\/teaser_image_inline\/public\/2026-08\/2optislotting512.png?h=8166ac98\u0026amp;itok=TjuXGw-w 1x\u0022 media=\u0022all and (min-width: 481px) and (max-width: 767px)\u0022 type=\u0022image\/png\u0022 width=\u0022200\u0022 height=\u0022150\u0022\/\u003E\n              \u003Csource srcset=\u0022\/sites\/default\/files\/styles\/teaser_image_inline\/public\/2026-08\/2optislotting512.png?h=8166ac98\u0026amp;itok=TjuXGw-w 1x\u0022 media=\u0022all and (min-width: 768px) and (max-width: 1023px)\u0022 type=\u0022image\/png\u0022 width=\u0022200\u0022 height=\u0022150\u0022\/\u003E\n              \u003Csource srcset=\u0022\/sites\/default\/files\/styles\/teaser_image_inline\/public\/2026-08\/2optislotting512.png?h=8166ac98\u0026amp;itok=TjuXGw-w 1x\u0022 media=\u0022all and (min-width: 1024px) and (max-width: 1599px)\u0022 type=\u0022image\/png\u0022 width=\u0022200\u0022 height=\u0022150\u0022\/\u003E\n              \u003Csource srcset=\u0022\/sites\/default\/files\/styles\/teaser_image_inline_xxl\/public\/2026-08\/2optislotting512.png?h=8166ac98\u0026amp;itok=R29qsJhF 1x\u0022 media=\u0022all and (min-width: 1600px)\u0022 type=\u0022image\/png\u0022 width=\u0022240\u0022 height=\u0022180\u0022\/\u003E\n                  \n\u003Cimg decoding=\u0022async\u0022 class=\u0022media__element b-lazy\u0022 loading=\u0022lazy\u0022 width=\u0022200\u0022 height=\u0022150\u0022 data-zoomed=\u0022https:\/\/www.haustec.de\/sites\/default\/files\/styles\/content__zoomed\/public\/2026-08\/2optislotting512.png?itok=mVSR2K-t\u0022 src=\u0022\/sites\/default\/files\/styles\/teaser_image_inline\/public\/2026-08\/2optislotting512.png?h=8166ac98\u0026amp;itok=TjuXGw-w\u0022 alt=\u0022Wenn das Lager bremst: Mit OptiSlotting Kommissionierwege und Personalkosten senken \u2013 ohne IT-Projekt\u0022 title=\u0022Wenn das Lager bremst: Mit OptiSlotting Kommissionierwege und Personalkosten senken \u2013 ohne IT-Projekt\u0022 \/\u003E\n\n\n  \u003C\/picture\u003E\n        \u003C\/div\u003E\n  \n                  \u003C\/figure\u003E\n\n    \u003Carticle class=\u0022article--teaser-content\u0022\u003E\n      \u003Ch3 class=\u0022headline\u0022\u003E\n    Wenn das Lager bremst: Mit OptiSlotting Kommissionierwege und Personalkosten senken \u2013 ohne IT-Projekt\n  \u003C\/h3\u003E\n  \u003Cdiv class=\u0022article--teaser-body\u0022\u003E\n    \u003Cp\u003EKnapp die H\u00e4lfte der Lagerarbeitszeit geht f\u00fcr Laufwege drauf. Nicht f\u00fcr Picks, nicht f\u00fcr Wertsch\u00f6pfung - f\u00fcr Meter. Und trotzdem fragt in den meisten mittelst\u00e4ndischen Betrieben niemand, ob die Artikel noch an den richtigen Pl\u00e4tzen stehen.\u003C\/p\u003E\n  \u003C\/div\u003E\n\n    \u003C\/article\u003E\n  \u003C\/a\u003E\n  \u003Cspan class=\u0022article--bookmark\u0022\u003E\u003Cdrupal-render-placeholder callback=\u0022flag.link_builder:build\u0022 arguments=\u00220=node\u0026amp;1=24312\u0026amp;2=bookmark\u0026amp;3=teaser\u0022 token=\u0022HDHf0AL_XjV1jNPKlTxoZtESuoF7De1cDAFe5GHguHs\u0022\u003E\u003C\/drupal-render-placeholder\u003E\u003C\/span\u003E\n\u003C\/div\u003E\n\n\u003Cdiv  class=\u0022node node--type--article node--view-mode--teaser\u0022\u003E\n  \u003Ca href=\u0022\/management\/markt\/so-steht-die-kaelte-klima-und-waermepumpenbranche-2026-da\u0022\n     aria-label=\u0022So steht die K\u00e4lte- Klima- und W\u00e4rmepumpenbranche 2026 da\u0022\u003E\n      \u003Cfigure class=\u0022article--teaser-image\u0022\u003E\n              \u003Cdiv data-b-token=\u0022b-b8e9d1ac737\u0022 class=\u0022media media--blazy media--bundle--image media--image media--responsive\u0022\u003E  \u003Cpicture\u003E\n                  \u003Csource srcset=\u0022\/sites\/default\/files\/styles\/teaser_image_phone\/public\/konjunktur_wachstum_fotolia_bounlow-pic.jpg.webp?h=8328c14c\u0026amp;itok=CmRPooAI 1x\u0022 media=\u0022all and (max-width: 480px)\u0022 type=\u0022image\/webp\u0022 width=\u0022460\u0022 height=\u0022260\u0022\/\u003E\n              \u003Csource srcset=\u0022\/sites\/default\/files\/styles\/teaser_image_inline\/public\/konjunktur_wachstum_fotolia_bounlow-pic.jpg.webp?h=8328c14c\u0026amp;itok=C1eymajY 1x\u0022 media=\u0022all and (min-width: 481px) and (max-width: 767px)\u0022 type=\u0022image\/webp\u0022 width=\u0022200\u0022 height=\u0022150\u0022\/\u003E\n              \u003Csource srcset=\u0022\/sites\/default\/files\/styles\/teaser_image_inline\/public\/konjunktur_wachstum_fotolia_bounlow-pic.jpg.webp?h=8328c14c\u0026amp;itok=C1eymajY 1x\u0022 media=\u0022all and (min-width: 768px) and (max-width: 1023px)\u0022 type=\u0022image\/webp\u0022 width=\u0022200\u0022 height=\u0022150\u0022\/\u003E\n              \u003Csource srcset=\u0022\/sites\/default\/files\/styles\/teaser_image_inline\/public\/konjunktur_wachstum_fotolia_bounlow-pic.jpg.webp?h=8328c14c\u0026amp;itok=C1eymajY 1x\u0022 media=\u0022all and (min-width: 1024px) and (max-width: 1599px)\u0022 type=\u0022image\/webp\u0022 width=\u0022200\u0022 height=\u0022150\u0022\/\u003E\n              \u003Csource srcset=\u0022\/sites\/default\/files\/styles\/teaser_image_inline_xxl\/public\/konjunktur_wachstum_fotolia_bounlow-pic.jpg.webp?h=8328c14c\u0026amp;itok=nJOb6WkQ 1x\u0022 media=\u0022all and (min-width: 1600px)\u0022 type=\u0022image\/webp\u0022 width=\u0022240\u0022 height=\u0022180\u0022\/\u003E\n              \u003Csource srcset=\u0022\/sites\/default\/files\/styles\/teaser_image_phone\/public\/konjunktur_wachstum_fotolia_bounlow-pic.jpg?h=8328c14c\u0026amp;itok=CmRPooAI 1x\u0022 media=\u0022all and (max-width: 480px)\u0022 type=\u0022image\/jpeg\u0022 width=\u0022460\u0022 height=\u0022260\u0022\/\u003E\n              \u003Csource srcset=\u0022\/sites\/default\/files\/styles\/teaser_image_inline\/public\/konjunktur_wachstum_fotolia_bounlow-pic.jpg?h=8328c14c\u0026amp;itok=C1eymajY 1x\u0022 media=\u0022all and (min-width: 481px) and (max-width: 767px)\u0022 type=\u0022image\/jpeg\u0022 width=\u0022200\u0022 height=\u0022150\u0022\/\u003E\n              \u003Csource srcset=\u0022\/sites\/default\/files\/styles\/teaser_image_inline\/public\/konjunktur_wachstum_fotolia_bounlow-pic.jpg?h=8328c14c\u0026amp;itok=C1eymajY 1x\u0022 media=\u0022all and (min-width: 768px) and (max-width: 1023px)\u0022 type=\u0022image\/jpeg\u0022 width=\u0022200\u0022 height=\u0022150\u0022\/\u003E\n              \u003Csource srcset=\u0022\/sites\/default\/files\/styles\/teaser_image_inline\/public\/konjunktur_wachstum_fotolia_bounlow-pic.jpg?h=8328c14c\u0026amp;itok=C1eymajY 1x\u0022 media=\u0022all and (min-width: 1024px) and (max-width: 1599px)\u0022 type=\u0022image\/jpeg\u0022 width=\u0022200\u0022 height=\u0022150\u0022\/\u003E\n              \u003Csource srcset=\u0022\/sites\/default\/files\/styles\/teaser_image_inline_xxl\/public\/konjunktur_wachstum_fotolia_bounlow-pic.jpg?h=8328c14c\u0026amp;itok=nJOb6WkQ 1x\u0022 media=\u0022all and (min-width: 1600px)\u0022 type=\u0022image\/jpeg\u0022 width=\u0022240\u0022 height=\u0022180\u0022\/\u003E\n                  \n\u003Cimg decoding=\u0022async\u0022 class=\u0022media__element b-lazy\u0022 loading=\u0022lazy\u0022 width=\u0022200\u0022 height=\u0022150\u0022 data-zoomed=\u0022https:\/\/www.haustec.de\/sites\/default\/files\/styles\/content__zoomed\/public\/konjunktur_wachstum_fotolia_bounlow-pic.jpg?itok=ow6bBRg9\u0022 src=\u0022\/sites\/default\/files\/styles\/teaser_image_inline\/public\/konjunktur_wachstum_fotolia_bounlow-pic.jpg?h=8328c14c\u0026amp;itok=C1eymajY\u0022 alt=\u00222017: Bauunternehmer erwarten erneut Umsatzrekord\u0022 title=\u00222017: Bauunternehmer erwarten erneut Umsatzrekord\u0022 \/\u003E\n\n\n  \u003C\/picture\u003E\n        \u003C\/div\u003E\n  \n                  \u003C\/figure\u003E\n\n    \u003Carticle class=\u0022article--teaser-content\u0022\u003E\n      \u003Ch3 class=\u0022headline\u0022\u003E\n    So steht die K\u00e4lte- Klima- und W\u00e4rmepumpenbranche 2026 da\n  \u003C\/h3\u003E\n  \u003Cdiv class=\u0022article--teaser-body\u0022\u003E\n    \u003Cp\u003EDie Konjunkturumfrage 2026 zeigt eine wirtschaftlich stabile und zukunftsorientierte K\u00e4lte- und Klimabranche. Hohe Nachfrage, Herausforderungen durch K\u00e4ltemittel und Fachkr\u00e4ftemangel sowie die Unternehmensnachfolge pr\u00e4gen die aktuelle Entwicklung.\u00a0\u003C\/p\u003E\n  \u003C\/div\u003E\n\n    \u003C\/article\u003E\n  \u003C\/a\u003E\n  \u003Cspan class=\u0022article--bookmark\u0022\u003E\u003Cdrupal-render-placeholder callback=\u0022flag.link_builder:build\u0022 arguments=\u00220=node\u0026amp;1=24341\u0026amp;2=bookmark\u0026amp;3=teaser\u0022 token=\u0022ovTzNFoq_xzw_14_CVJ5wDuM_JudQxI3YZKjG6Kwl5Y\u0022\u003E\u003C\/drupal-render-placeholder\u003E\u003C\/span\u003E\n\u003C\/div\u003E\n\n","entity_type":"node","used_ids":["",24349,24344,24348,24312,24341],"show_more":"\u003Cdiv class=\u0022del-show-more\u0022\u003E\u003Ca href=\u0022\/ajax\/del\/20215022-40a5-438a-ae5c-774948e16218\/1375144\/paragraph\/6\/5\/asc\/eyJub2RlIjp7ImlkIjoiMTIiLCJ0eXBlIjoicGFnZSJ9fQ%3D%3D\u0022 title=\u0022Show more items\u0022 class=\u0022del-show-more-link use-ajax\u0022 rel=\u0022nofollow\u0022 data-target-type=\u0022node\u0022 aria-controls=\u0022del--paragraph-44845--content\u0022 aria-label=\u0022Show more items\u0022\u003EMehr anzeigen\u003C\/a\u003E\u003C\/div\u003E\n"}]