[{"command":"settings","settings":{"pluralDelimiter":"\u0003","suppressDeprecationErrors":true,"ajaxPageState":{"libraries":"eJw1jEEKwCAMwD4k-CRRV7dCXaV1iL5-E7pLSC5JFNf0adMl80dMM0VVQu3WjWkWJPpTuKKClcRiNiA1d8w7VswB7o59hn3xevEIlQXcCeFbQ1e_mOsLmCI0Qg","theme":"ivory","theme_token":null},"ajaxTrustedUrl":[],"blazy":{"loadInvisible":true,"offset":300,"saveViewportOffsetDelay":35,"validateDelay":null,"container":"","loader":false,"unblazy":false,"visibleClass":false,"compat":true},"blazyIo":{"disconnect":false,"rootMargin":"0px","threshold":[0,0.25,0.5,0.75,1]},"user":{"uid":0,"permissionsHash":"45145ff10299dd0624d6ca546e77b041201ed93c76c2a8c9916dd4f05d66e569","roles":["anonymous"],"custom_permissions":["none"]}},"merge":true},{"command":"add_css","data":[{"rel":"stylesheet","media":"all","href":"\/sites\/default\/files\/css\/css_A3LVLGfTDl6cRwvgFyZHb6f99NiSTk4jB2MV8IrHpqY.css?delta=0\u0026language=de\u0026theme=ivory\u0026include=eJxLykmsqtRPyikt0knOL0rVTykqLUjM0UvMSqwAAJIECmU"},{"rel":"stylesheet","media":"all","href":"\/sites\/default\/files\/css\/css_b1LJgX55_PliihHpD7ahvFnlUq8xUspelw3mtrlm3xw.css?delta=1\u0026language=de\u0026theme=ivory\u0026include=eJxLykmsqtRPyikt0knOL0rVTykqLUjM0UvMSqwAAJIECmU"}]},{"command":"add_js","selector":"body","data":[{"src":"\/sites\/default\/files\/js\/js_WLtdHHsxg4z_-bAgslnXUg_h4KYGRudwBQho2EngXWY.js?scope=footer\u0026delta=0\u0026language=de\u0026theme=ivory\u0026include=eJw1zEEKwCAMRNELCR5JEqs0EI0kFrGnL0K6Gd7fDDK8O-LZgO5HnZnBjMmm9xDelZj_VGlkxUuhulbBEa7doVFOpU-aO52XaLes1ETLB7MpLmQ"},{"src":"\/core\/assets\/vendor\/jquery\/jquery.min.js?v=4.0.0"},{"src":"\/sites\/default\/files\/js\/js_-CQUAwQDfnJ7GPKKYF8q5qZpor6yHntJXGRFwyOuRCU.js?scope=footer\u0026delta=2\u0026language=de\u0026theme=ivory\u0026include=eJw1zEEKwCAMRNELCR5JEqs0EI0kFrGnL0K6Gd7fDDK8O-LZgO5HnZnBjMmm9xDelZj_VGlkxUuhulbBEa7doVFOpU-aO52XaLes1ETLB7MpLmQ"}]},{"command":"showMoreTeasers","id":"del--paragraph-44845","content":"\u003Cdiv  class=\u0022node node--type--article node--view-mode--teaser\u0022\u003E\n  \u003Ca href=\u0022\/heizung\/waermeerzeugung\/buderus-beratungsexzellenz-unterstuetzung-fuer-heizungsfachbetriebe\u0022\n     aria-label=\u0022Buderus Beratungsexzellenz: Unterst\u00fctzung f\u00fcr Heizungsfachbetriebe\u0022\u003E\n      \u003Cfigure class=\u0022article--teaser-image\u0022\u003E\n              \u003Cdiv data-b-token=\u0022b-c2282d25dc8\u0022 class=\u0022media media--blazy media--bundle--image media--image media--responsive\u0022\u003E  \u003Cpicture\u003E\n                  \u003Csource srcset=\u0022\/sites\/default\/files\/styles\/teaser_image_phone\/public\/2026-09\/abb_02_buderus_beratungsexzellenz-scaled.jpg.webp?h=b2bd669b\u0026amp;itok=uLew1ENA 1x\u0022 media=\u0022all and (max-width: 480px)\u0022 type=\u0022image\/webp\u0022 width=\u0022460\u0022 height=\u0022260\u0022\/\u003E\n              \u003Csource srcset=\u0022\/sites\/default\/files\/styles\/teaser_image_inline\/public\/2026-09\/abb_02_buderus_beratungsexzellenz-scaled.jpg.webp?h=b2bd669b\u0026amp;itok=wsNVhtyH 1x\u0022 media=\u0022all and (min-width: 481px) and (max-width: 767px)\u0022 type=\u0022image\/webp\u0022 width=\u0022200\u0022 height=\u0022150\u0022\/\u003E\n              \u003Csource srcset=\u0022\/sites\/default\/files\/styles\/teaser_image_inline\/public\/2026-09\/abb_02_buderus_beratungsexzellenz-scaled.jpg.webp?h=b2bd669b\u0026amp;itok=wsNVhtyH 1x\u0022 media=\u0022all and (min-width: 768px) and (max-width: 1023px)\u0022 type=\u0022image\/webp\u0022 width=\u0022200\u0022 height=\u0022150\u0022\/\u003E\n              \u003Csource srcset=\u0022\/sites\/default\/files\/styles\/teaser_image_inline\/public\/2026-09\/abb_02_buderus_beratungsexzellenz-scaled.jpg.webp?h=b2bd669b\u0026amp;itok=wsNVhtyH 1x\u0022 media=\u0022all and (min-width: 1024px) and (max-width: 1599px)\u0022 type=\u0022image\/webp\u0022 width=\u0022200\u0022 height=\u0022150\u0022\/\u003E\n              \u003Csource srcset=\u0022\/sites\/default\/files\/styles\/teaser_image_inline_xxl\/public\/2026-09\/abb_02_buderus_beratungsexzellenz-scaled.jpg.webp?h=b2bd669b\u0026amp;itok=2chUlQkI 1x\u0022 media=\u0022all and (min-width: 1600px)\u0022 type=\u0022image\/webp\u0022 width=\u0022240\u0022 height=\u0022180\u0022\/\u003E\n              \u003Csource srcset=\u0022\/sites\/default\/files\/styles\/teaser_image_phone\/public\/2026-09\/abb_02_buderus_beratungsexzellenz-scaled.jpg?h=b2bd669b\u0026amp;itok=uLew1ENA 1x\u0022 media=\u0022all and (max-width: 480px)\u0022 type=\u0022image\/jpeg\u0022 width=\u0022460\u0022 height=\u0022260\u0022\/\u003E\n              \u003Csource srcset=\u0022\/sites\/default\/files\/styles\/teaser_image_inline\/public\/2026-09\/abb_02_buderus_beratungsexzellenz-scaled.jpg?h=b2bd669b\u0026amp;itok=wsNVhtyH 1x\u0022 media=\u0022all and (min-width: 481px) and (max-width: 767px)\u0022 type=\u0022image\/jpeg\u0022 width=\u0022200\u0022 height=\u0022150\u0022\/\u003E\n              \u003Csource srcset=\u0022\/sites\/default\/files\/styles\/teaser_image_inline\/public\/2026-09\/abb_02_buderus_beratungsexzellenz-scaled.jpg?h=b2bd669b\u0026amp;itok=wsNVhtyH 1x\u0022 media=\u0022all and (min-width: 768px) and (max-width: 1023px)\u0022 type=\u0022image\/jpeg\u0022 width=\u0022200\u0022 height=\u0022150\u0022\/\u003E\n              \u003Csource srcset=\u0022\/sites\/default\/files\/styles\/teaser_image_inline\/public\/2026-09\/abb_02_buderus_beratungsexzellenz-scaled.jpg?h=b2bd669b\u0026amp;itok=wsNVhtyH 1x\u0022 media=\u0022all and (min-width: 1024px) and (max-width: 1599px)\u0022 type=\u0022image\/jpeg\u0022 width=\u0022200\u0022 height=\u0022150\u0022\/\u003E\n              \u003Csource srcset=\u0022\/sites\/default\/files\/styles\/teaser_image_inline_xxl\/public\/2026-09\/abb_02_buderus_beratungsexzellenz-scaled.jpg?h=b2bd669b\u0026amp;itok=2chUlQkI 1x\u0022 media=\u0022all and (min-width: 1600px)\u0022 type=\u0022image\/jpeg\u0022 width=\u0022240\u0022 height=\u0022180\u0022\/\u003E\n                  \n\u003Cimg decoding=\u0022async\u0022 class=\u0022media__element b-lazy\u0022 loading=\u0022lazy\u0022 width=\u0022200\u0022 height=\u0022150\u0022 data-zoomed=\u0022https:\/\/www.haustec.de\/sites\/default\/files\/styles\/content__zoomed\/public\/2026-09\/abb_02_buderus_beratungsexzellenz-scaled.jpg?itok=RLe5EWAW\u0022 src=\u0022\/sites\/default\/files\/styles\/teaser_image_inline\/public\/2026-09\/abb_02_buderus_beratungsexzellenz-scaled.jpg?h=b2bd669b\u0026amp;itok=wsNVhtyH\u0022 alt=\u0022Buderus Beratungsexzellenz: Unterst\u00fctzung f\u00fcr Heizungsfachbetriebe\u0022 title=\u0022Buderus Beratungsexzellenz: Unterst\u00fctzung f\u00fcr Heizungsfachbetriebe\u0022 \/\u003E\n\n\n  \u003C\/picture\u003E\n        \u003C\/div\u003E\n  \n                  \u003C\/figure\u003E\n\n    \u003Carticle class=\u0022article--teaser-content\u0022\u003E\n      \u003Ch3 class=\u0022headline\u0022\u003E\n    Buderus Beratungsexzellenz gibt strukturierte Unterst\u00fctzung f\u00fcr Heizungsfachbetriebe\n  \u003C\/h3\u003E\n  \u003Cdiv class=\u0022article--teaser-body\u0022\u003E\n    \u003Cp\u003EMit der Initiative \u201eBeratungsexzellenz\u201c erleichtert Buderus Heizungsfachbetrieben die strukturierte Beratung von Endkunden. Im Fokus stehen individuelle Heizungsl\u00f6sungen f\u00fcr Neubau und Modernisierung.\u003C\/p\u003E\n  \u003C\/div\u003E\n\n    \u003C\/article\u003E\n  \u003C\/a\u003E\n  \u003Cspan class=\u0022article--bookmark\u0022\u003E\u003Cdrupal-render-placeholder callback=\u0022flag.link_builder:build\u0022 arguments=\u00220=node\u0026amp;1=24357\u0026amp;2=bookmark\u0026amp;3=teaser\u0022 token=\u0022Son0-nGUf7QRz5E_zhoYaBN3gg4Q7c8pJZLenHA7mFI\u0022\u003E\u003C\/drupal-render-placeholder\u003E\u003C\/span\u003E\n\u003C\/div\u003E\n\n\u003Cdiv  class=\u0022node node--type--article node--view-mode--teaser\u0022\u003E\n  \u003Ca href=\u0022\/management\/markt\/serielles-sanieren-10-neue-gdw-rahmenvereinbarung-gestartet\u0022\n     aria-label=\u0022Serielles Sanieren 1.0: Neue GdW-Rahmenvereinbarung gestartet\u0022\u003E\n      \u003Cfigure class=\u0022article--teaser-image\u0022\u003E\n              \u003Cdiv data-b-token=\u0022b-c471ffd0ea2\u0022 class=\u0022media media--blazy media--bundle--image media--image media--responsive\u0022\u003E  \u003Cpicture\u003E\n                  \u003Csource srcset=\u0022\/sites\/default\/files\/styles\/teaser_image_phone\/public\/2025-12\/geberit_referenz_pfl-m_kranlieferung.jpg.webp?h=6f8e2d4a\u0026amp;itok=rO87iWne 1x\u0022 media=\u0022all and (max-width: 480px)\u0022 type=\u0022image\/webp\u0022 width=\u0022460\u0022 height=\u0022260\u0022\/\u003E\n              \u003Csource srcset=\u0022\/sites\/default\/files\/styles\/teaser_image_inline\/public\/2025-12\/geberit_referenz_pfl-m_kranlieferung.jpg.webp?h=6f8e2d4a\u0026amp;itok=ZEV0mppv 1x\u0022 media=\u0022all and (min-width: 481px) and (max-width: 767px)\u0022 type=\u0022image\/webp\u0022 width=\u0022200\u0022 height=\u0022150\u0022\/\u003E\n              \u003Csource srcset=\u0022\/sites\/default\/files\/styles\/teaser_image_inline\/public\/2025-12\/geberit_referenz_pfl-m_kranlieferung.jpg.webp?h=6f8e2d4a\u0026amp;itok=ZEV0mppv 1x\u0022 media=\u0022all and (min-width: 768px) and (max-width: 1023px)\u0022 type=\u0022image\/webp\u0022 width=\u0022200\u0022 height=\u0022150\u0022\/\u003E\n              \u003Csource srcset=\u0022\/sites\/default\/files\/styles\/teaser_image_inline\/public\/2025-12\/geberit_referenz_pfl-m_kranlieferung.jpg.webp?h=6f8e2d4a\u0026amp;itok=ZEV0mppv 1x\u0022 media=\u0022all and (min-width: 1024px) and (max-width: 1599px)\u0022 type=\u0022image\/webp\u0022 width=\u0022200\u0022 height=\u0022150\u0022\/\u003E\n              \u003Csource srcset=\u0022\/sites\/default\/files\/styles\/teaser_image_inline_xxl\/public\/2025-12\/geberit_referenz_pfl-m_kranlieferung.jpg.webp?h=6f8e2d4a\u0026amp;itok=jEz1od0V 1x\u0022 media=\u0022all and (min-width: 1600px)\u0022 type=\u0022image\/webp\u0022 width=\u0022240\u0022 height=\u0022180\u0022\/\u003E\n              \u003Csource srcset=\u0022\/sites\/default\/files\/styles\/teaser_image_phone\/public\/2025-12\/geberit_referenz_pfl-m_kranlieferung.jpg?h=6f8e2d4a\u0026amp;itok=rO87iWne 1x\u0022 media=\u0022all and (max-width: 480px)\u0022 type=\u0022image\/jpeg\u0022 width=\u0022460\u0022 height=\u0022260\u0022\/\u003E\n              \u003Csource srcset=\u0022\/sites\/default\/files\/styles\/teaser_image_inline\/public\/2025-12\/geberit_referenz_pfl-m_kranlieferung.jpg?h=6f8e2d4a\u0026amp;itok=ZEV0mppv 1x\u0022 media=\u0022all and (min-width: 481px) and (max-width: 767px)\u0022 type=\u0022image\/jpeg\u0022 width=\u0022200\u0022 height=\u0022150\u0022\/\u003E\n              \u003Csource srcset=\u0022\/sites\/default\/files\/styles\/teaser_image_inline\/public\/2025-12\/geberit_referenz_pfl-m_kranlieferung.jpg?h=6f8e2d4a\u0026amp;itok=ZEV0mppv 1x\u0022 media=\u0022all and (min-width: 768px) and (max-width: 1023px)\u0022 type=\u0022image\/jpeg\u0022 width=\u0022200\u0022 height=\u0022150\u0022\/\u003E\n              \u003Csource srcset=\u0022\/sites\/default\/files\/styles\/teaser_image_inline\/public\/2025-12\/geberit_referenz_pfl-m_kranlieferung.jpg?h=6f8e2d4a\u0026amp;itok=ZEV0mppv 1x\u0022 media=\u0022all and (min-width: 1024px) and (max-width: 1599px)\u0022 type=\u0022image\/jpeg\u0022 width=\u0022200\u0022 height=\u0022150\u0022\/\u003E\n              \u003Csource srcset=\u0022\/sites\/default\/files\/styles\/teaser_image_inline_xxl\/public\/2025-12\/geberit_referenz_pfl-m_kranlieferung.jpg?h=6f8e2d4a\u0026amp;itok=jEz1od0V 1x\u0022 media=\u0022all and (min-width: 1600px)\u0022 type=\u0022image\/jpeg\u0022 width=\u0022240\u0022 height=\u0022180\u0022\/\u003E\n                  \n\u003Cimg decoding=\u0022async\u0022 class=\u0022media__element b-lazy\u0022 loading=\u0022lazy\u0022 width=\u0022200\u0022 height=\u0022150\u0022 data-zoomed=\u0022https:\/\/www.haustec.de\/sites\/default\/files\/styles\/content__zoomed\/public\/2025-12\/geberit_referenz_pfl-m_kranlieferung.jpg?itok=Qdsq2-Hm\u0022 src=\u0022\/sites\/default\/files\/styles\/teaser_image_inline\/public\/2025-12\/geberit_referenz_pfl-m_kranlieferung.jpg?h=6f8e2d4a\u0026amp;itok=ZEV0mppv\u0022 alt=\u0022Geberit serielle Badsanierung\u0022 \/\u003E\n\n\n  \u003C\/picture\u003E\n        \u003C\/div\u003E\n  \n                  \u003C\/figure\u003E\n\n    \u003Carticle class=\u0022article--teaser-content\u0022\u003E\n      \u003Ch3 class=\u0022headline\u0022\u003E\n    Serielles Sanieren 1.0: Neue GdW-Rahmenvereinbarung f\u00fcr schnellere und skalierbare Geb\u00e4udemodernisierung gestartet\n  \u003C\/h3\u003E\n  \u003Cdiv class=\u0022article--teaser-body\u0022\u003E\n    \u003Cp\u003EDie europaweite Ausschreibung \u201eSerielles Sanieren 1.0\u201c soll energetische Modernisierungen beschleunigen und bezahlbar machen. Was die Rahmenvereinbarung Wohnungsunternehmen bringt und wie das Ausschreibungsverfahren l\u00e4uft.\u003C\/p\u003E\n  \u003C\/div\u003E\n\n    \u003C\/article\u003E\n  \u003C\/a\u003E\n  \u003Cspan class=\u0022article--bookmark\u0022\u003E\u003Cdrupal-render-placeholder callback=\u0022flag.link_builder:build\u0022 arguments=\u00220=node\u0026amp;1=24356\u0026amp;2=bookmark\u0026amp;3=teaser\u0022 token=\u0022as3Sd3FH1dgl3gY6II6eK7pcrMaHK1Gf8Oi4iRS80gc\u0022\u003E\u003C\/drupal-render-placeholder\u003E\u003C\/span\u003E\n\u003C\/div\u003E\n\n\u003Cdiv  class=\u0022node node--type--article node--view-mode--teaser\u0022\u003E\n  \u003Ca href=\u0022\/management\/markt\/luft-luft-waermepumpen-zusatzgeschaeft-fuer-pv-installationsbetriebe\u0022\n     aria-label=\u0022Luft-Luft-W\u00e4rmepumpen: Zusatzgesch\u00e4ft f\u00fcr PV-Installationsbetriebe\u0022\u003E\n      \u003Cfigure class=\u0022article--teaser-image\u0022\u003E\n              \u003Cdiv data-b-token=\u0022b-6d3fb93e52c\u0022 class=\u0022media media--blazy media--bundle--image media--image media--responsive\u0022\u003E  \u003Cpicture\u003E\n                  \u003Csource srcset=\u0022\/sites\/default\/files\/styles\/teaser_image_phone\/public\/2026-09\/daikin-llwp.jpg.webp?h=ae1281eb\u0026amp;itok=yJYosAgN 1x\u0022 media=\u0022all and (max-width: 480px)\u0022 type=\u0022image\/webp\u0022 width=\u0022460\u0022 height=\u0022260\u0022\/\u003E\n              \u003Csource srcset=\u0022\/sites\/default\/files\/styles\/teaser_image_inline\/public\/2026-09\/daikin-llwp.jpg.webp?h=ae1281eb\u0026amp;itok=LU75IobV 1x\u0022 media=\u0022all and (min-width: 481px) and (max-width: 767px)\u0022 type=\u0022image\/webp\u0022 width=\u0022200\u0022 height=\u0022150\u0022\/\u003E\n              \u003Csource srcset=\u0022\/sites\/default\/files\/styles\/teaser_image_inline\/public\/2026-09\/daikin-llwp.jpg.webp?h=ae1281eb\u0026amp;itok=LU75IobV 1x\u0022 media=\u0022all and (min-width: 768px) and (max-width: 1023px)\u0022 type=\u0022image\/webp\u0022 width=\u0022200\u0022 height=\u0022150\u0022\/\u003E\n              \u003Csource srcset=\u0022\/sites\/default\/files\/styles\/teaser_image_inline\/public\/2026-09\/daikin-llwp.jpg.webp?h=ae1281eb\u0026amp;itok=LU75IobV 1x\u0022 media=\u0022all and (min-width: 1024px) and (max-width: 1599px)\u0022 type=\u0022image\/webp\u0022 width=\u0022200\u0022 height=\u0022150\u0022\/\u003E\n              \u003Csource srcset=\u0022\/sites\/default\/files\/styles\/teaser_image_inline_xxl\/public\/2026-09\/daikin-llwp.jpg.webp?h=ae1281eb\u0026amp;itok=v5JNO6JT 1x\u0022 media=\u0022all and (min-width: 1600px)\u0022 type=\u0022image\/webp\u0022 width=\u0022240\u0022 height=\u0022180\u0022\/\u003E\n              \u003Csource srcset=\u0022\/sites\/default\/files\/styles\/teaser_image_phone\/public\/2026-09\/daikin-llwp.jpg?h=ae1281eb\u0026amp;itok=yJYosAgN 1x\u0022 media=\u0022all and (max-width: 480px)\u0022 type=\u0022image\/jpeg\u0022 width=\u0022460\u0022 height=\u0022260\u0022\/\u003E\n              \u003Csource srcset=\u0022\/sites\/default\/files\/styles\/teaser_image_inline\/public\/2026-09\/daikin-llwp.jpg?h=ae1281eb\u0026amp;itok=LU75IobV 1x\u0022 media=\u0022all and (min-width: 481px) and (max-width: 767px)\u0022 type=\u0022image\/jpeg\u0022 width=\u0022200\u0022 height=\u0022150\u0022\/\u003E\n              \u003Csource srcset=\u0022\/sites\/default\/files\/styles\/teaser_image_inline\/public\/2026-09\/daikin-llwp.jpg?h=ae1281eb\u0026amp;itok=LU75IobV 1x\u0022 media=\u0022all and (min-width: 768px) and (max-width: 1023px)\u0022 type=\u0022image\/jpeg\u0022 width=\u0022200\u0022 height=\u0022150\u0022\/\u003E\n              \u003Csource srcset=\u0022\/sites\/default\/files\/styles\/teaser_image_inline\/public\/2026-09\/daikin-llwp.jpg?h=ae1281eb\u0026amp;itok=LU75IobV 1x\u0022 media=\u0022all and (min-width: 1024px) and (max-width: 1599px)\u0022 type=\u0022image\/jpeg\u0022 width=\u0022200\u0022 height=\u0022150\u0022\/\u003E\n              \u003Csource srcset=\u0022\/sites\/default\/files\/styles\/teaser_image_inline_xxl\/public\/2026-09\/daikin-llwp.jpg?h=ae1281eb\u0026amp;itok=v5JNO6JT 1x\u0022 media=\u0022all and (min-width: 1600px)\u0022 type=\u0022image\/jpeg\u0022 width=\u0022240\u0022 height=\u0022180\u0022\/\u003E\n                  \n\u003Cimg decoding=\u0022async\u0022 class=\u0022media__element b-lazy\u0022 loading=\u0022lazy\u0022 width=\u0022200\u0022 height=\u0022150\u0022 data-zoomed=\u0022https:\/\/www.haustec.de\/sites\/default\/files\/styles\/content__zoomed\/public\/2026-09\/daikin-llwp.jpg?itok=1-sRg7QU\u0022 src=\u0022\/sites\/default\/files\/styles\/teaser_image_inline\/public\/2026-09\/daikin-llwp.jpg?h=ae1281eb\u0026amp;itok=LU75IobV\u0022 alt=\u0022Luft-Luft-W\u00e4rmepumpen: Zusatzgesch\u00e4ft f\u00fcr PV-Installationsbetriebe\u0022 title=\u0022Luft-Luft-W\u00e4rmepumpen: Zusatzgesch\u00e4ft f\u00fcr PV-Installationsbetriebe\u0022 \/\u003E\n\n\n  \u003C\/picture\u003E\n        \u003C\/div\u003E\n  \n                  \u003C\/figure\u003E\n\n    \u003Carticle class=\u0022article--teaser-content\u0022\u003E\n      \u003Ch3 class=\u0022headline\u0022\u003E\n    Luft-Luft-W\u00e4rmepumpen: Ein wachsendes Gesch\u00e4ftsfeld f\u00fcr PV-Installationsbetriebe\n  \u003C\/h3\u003E\n  \u003Cdiv class=\u0022article--teaser-body\u0022\u003E\n    \u003Cp\u003EMit Hitzewellen und wachsendem Interesse an Klimaanlagen bieten Luft-Luft-W\u00e4rmepumpen ein neues Gesch\u00e4ftsfeld f\u00fcr PV-Installateure. Die Systeme f\u00f6rdern die Nutzung von Solarstrom f\u00fcr K\u00fchlung und Heizung und lassen sich unkompliziert in Energiekonzepte integrieren.\u003C\/p\u003E\n  \u003C\/div\u003E\n\n    \u003C\/article\u003E\n  \u003C\/a\u003E\n  \u003Cspan class=\u0022article--bookmark\u0022\u003E\u003Cdrupal-render-placeholder callback=\u0022flag.link_builder:build\u0022 arguments=\u00220=node\u0026amp;1=24354\u0026amp;2=bookmark\u0026amp;3=teaser\u0022 token=\u0022vWChcCi8n_-kXjIzjQEodVp6Y8o-oMECDI3ajKlSHr8\u0022\u003E\u003C\/drupal-render-placeholder\u003E\u003C\/span\u003E\n\u003C\/div\u003E\n\n\u003Cdiv  class=\u0022node node--type--article node--view-mode--teaser\u0022\u003E\n  \u003Ca href=\u0022\/management\/markt\/steigende-ausbildungszahlen-im-handwerk-gen-z-setzt-auf-sichere-jobs\u0022\n     aria-label=\u0022Steigende Ausbildungszahlen im Handwerk: Gen Z setzt auf sichere Jobs\u0022\u003E\n      \u003Cfigure class=\u0022article--teaser-image\u0022\u003E\n              \u003Cdiv data-b-token=\u0022b-72a3b411378\u0022 class=\u0022media media--blazy media--bundle--image media--image media--responsive\u0022\u003E  \u003Cpicture\u003E\n                  \u003Csource srcset=\u0022\/sites\/default\/files\/styles\/teaser_image_phone\/public\/2021-10\/azubi-im-handwerk.jpg.webp?h=95d44630\u0026amp;itok=InOP8L2q 1x\u0022 media=\u0022all and (max-width: 480px)\u0022 type=\u0022image\/webp\u0022 width=\u0022460\u0022 height=\u0022260\u0022\/\u003E\n              \u003Csource srcset=\u0022\/sites\/default\/files\/styles\/teaser_image_inline\/public\/2021-10\/azubi-im-handwerk.jpg.webp?h=95d44630\u0026amp;itok=T6JU-EB5 1x\u0022 media=\u0022all and (min-width: 481px) and (max-width: 767px)\u0022 type=\u0022image\/webp\u0022 width=\u0022200\u0022 height=\u0022150\u0022\/\u003E\n              \u003Csource srcset=\u0022\/sites\/default\/files\/styles\/teaser_image_inline\/public\/2021-10\/azubi-im-handwerk.jpg.webp?h=95d44630\u0026amp;itok=T6JU-EB5 1x\u0022 media=\u0022all and (min-width: 768px) and (max-width: 1023px)\u0022 type=\u0022image\/webp\u0022 width=\u0022200\u0022 height=\u0022150\u0022\/\u003E\n              \u003Csource srcset=\u0022\/sites\/default\/files\/styles\/teaser_image_inline\/public\/2021-10\/azubi-im-handwerk.jpg.webp?h=95d44630\u0026amp;itok=T6JU-EB5 1x\u0022 media=\u0022all and (min-width: 1024px) and (max-width: 1599px)\u0022 type=\u0022image\/webp\u0022 width=\u0022200\u0022 height=\u0022150\u0022\/\u003E\n              \u003Csource srcset=\u0022\/sites\/default\/files\/styles\/teaser_image_inline_xxl\/public\/2021-10\/azubi-im-handwerk.jpg.webp?h=95d44630\u0026amp;itok=F_On4zlz 1x\u0022 media=\u0022all and (min-width: 1600px)\u0022 type=\u0022image\/webp\u0022 width=\u0022240\u0022 height=\u0022180\u0022\/\u003E\n              \u003Csource srcset=\u0022\/sites\/default\/files\/styles\/teaser_image_phone\/public\/2021-10\/azubi-im-handwerk.jpg?h=95d44630\u0026amp;itok=InOP8L2q 1x\u0022 media=\u0022all and (max-width: 480px)\u0022 type=\u0022image\/jpeg\u0022 width=\u0022460\u0022 height=\u0022260\u0022\/\u003E\n              \u003Csource srcset=\u0022\/sites\/default\/files\/styles\/teaser_image_inline\/public\/2021-10\/azubi-im-handwerk.jpg?h=95d44630\u0026amp;itok=T6JU-EB5 1x\u0022 media=\u0022all and (min-width: 481px) and (max-width: 767px)\u0022 type=\u0022image\/jpeg\u0022 width=\u0022200\u0022 height=\u0022150\u0022\/\u003E\n              \u003Csource srcset=\u0022\/sites\/default\/files\/styles\/teaser_image_inline\/public\/2021-10\/azubi-im-handwerk.jpg?h=95d44630\u0026amp;itok=T6JU-EB5 1x\u0022 media=\u0022all and (min-width: 768px) and (max-width: 1023px)\u0022 type=\u0022image\/jpeg\u0022 width=\u0022200\u0022 height=\u0022150\u0022\/\u003E\n              \u003Csource srcset=\u0022\/sites\/default\/files\/styles\/teaser_image_inline\/public\/2021-10\/azubi-im-handwerk.jpg?h=95d44630\u0026amp;itok=T6JU-EB5 1x\u0022 media=\u0022all and (min-width: 1024px) and (max-width: 1599px)\u0022 type=\u0022image\/jpeg\u0022 width=\u0022200\u0022 height=\u0022150\u0022\/\u003E\n              \u003Csource srcset=\u0022\/sites\/default\/files\/styles\/teaser_image_inline_xxl\/public\/2021-10\/azubi-im-handwerk.jpg?h=95d44630\u0026amp;itok=F_On4zlz 1x\u0022 media=\u0022all and (min-width: 1600px)\u0022 type=\u0022image\/jpeg\u0022 width=\u0022240\u0022 height=\u0022180\u0022\/\u003E\n                  \n\u003Cimg decoding=\u0022async\u0022 class=\u0022media__element b-lazy\u0022 loading=\u0022lazy\u0022 width=\u0022200\u0022 height=\u0022150\u0022 data-zoomed=\u0022https:\/\/www.haustec.de\/sites\/default\/files\/styles\/content__zoomed\/public\/2021-10\/azubi-im-handwerk.jpg?itok=IsVmY-JF\u0022 src=\u0022\/sites\/default\/files\/styles\/teaser_image_inline\/public\/2021-10\/azubi-im-handwerk.jpg?h=95d44630\u0026amp;itok=T6JU-EB5\u0022 alt=\u0022Azubi im Handwerk\u0022 \/\u003E\n\n\n  \u003C\/picture\u003E\n        \u003C\/div\u003E\n  \n                  \u003C\/figure\u003E\n\n    \u003Carticle class=\u0022article--teaser-content\u0022\u003E\n      \u003Ch3 class=\u0022headline\u0022\u003E\n    Steigende Ausbildungszahlen im Handwerk: Gen Z setzt auf sichere Jobs\n  \u003C\/h3\u003E\n  \u003Cdiv class=\u0022article--teaser-body\u0022\u003E\n    \u003Cp\u003EMit 3.463 neuen Ausbildungsvertr\u00e4gen starten die Betriebe der Region Stuttgart erfolgreich in das neue Lehrjahr. Gegen\u00fcber dem Vorjahr entspricht das einem Plus von 5,3 Prozent. Jetzt gilt es, die Nachwuchskr\u00e4fte zu halten.\u003C\/p\u003E\n  \u003C\/div\u003E\n\n    \u003C\/article\u003E\n  \u003C\/a\u003E\n  \u003Cspan class=\u0022article--bookmark\u0022\u003E\u003Cdrupal-render-placeholder callback=\u0022flag.link_builder:build\u0022 arguments=\u00220=node\u0026amp;1=24349\u0026amp;2=bookmark\u0026amp;3=teaser\u0022 token=\u0022bEYCzUvhQf6fSIez0L6B4P1U2Anj4o7u_pATa67QnDQ\u0022\u003E\u003C\/drupal-render-placeholder\u003E\u003C\/span\u003E\n\u003C\/div\u003E\n\n\u003Cdiv  class=\u0022node node--type--article node--view-mode--teaser\u0022\u003E\n  \u003Ca href=\u0022\/klima-lueftung\/lueftungstechnik\/blauberg-ventilatoren-erweitert-zubehoer-um-tellerventil-vpd-125\u0022\n     aria-label=\u0022Blauberg Ventilatoren erweitert Zubeh\u00f6r um Tellerventil VPD 125\u0022\u003E\n      \u003Cfigure class=\u0022article--teaser-image\u0022\u003E\n              \u003Cdiv data-b-token=\u0022b-e5ef2cced76\u0022 class=\u0022media media--blazy media--bundle--image media--image media--responsive\u0022\u003E  \u003Cpicture\u003E\n                  \u003Csource srcset=\u0022\/sites\/default\/files\/styles\/teaser_image_phone\/public\/2026-08\/blauberg_tellerventil_vpd125_04.jpg.webp?h=ead4f64d\u0026amp;itok=ssMqUFTh 1x\u0022 media=\u0022all and (max-width: 480px)\u0022 type=\u0022image\/webp\u0022 width=\u0022460\u0022 height=\u0022260\u0022\/\u003E\n              \u003Csource srcset=\u0022\/sites\/default\/files\/styles\/teaser_image_inline\/public\/2026-08\/blauberg_tellerventil_vpd125_04.jpg.webp?h=ead4f64d\u0026amp;itok=u6XEN7Bq 1x\u0022 media=\u0022all and (min-width: 481px) and (max-width: 767px)\u0022 type=\u0022image\/webp\u0022 width=\u0022200\u0022 height=\u0022150\u0022\/\u003E\n              \u003Csource srcset=\u0022\/sites\/default\/files\/styles\/teaser_image_inline\/public\/2026-08\/blauberg_tellerventil_vpd125_04.jpg.webp?h=ead4f64d\u0026amp;itok=u6XEN7Bq 1x\u0022 media=\u0022all and (min-width: 768px) and (max-width: 1023px)\u0022 type=\u0022image\/webp\u0022 width=\u0022200\u0022 height=\u0022150\u0022\/\u003E\n              \u003Csource srcset=\u0022\/sites\/default\/files\/styles\/teaser_image_inline\/public\/2026-08\/blauberg_tellerventil_vpd125_04.jpg.webp?h=ead4f64d\u0026amp;itok=u6XEN7Bq 1x\u0022 media=\u0022all and (min-width: 1024px) and (max-width: 1599px)\u0022 type=\u0022image\/webp\u0022 width=\u0022200\u0022 height=\u0022150\u0022\/\u003E\n              \u003Csource srcset=\u0022\/sites\/default\/files\/styles\/teaser_image_inline_xxl\/public\/2026-08\/blauberg_tellerventil_vpd125_04.jpg.webp?h=ead4f64d\u0026amp;itok=0sOO55rs 1x\u0022 media=\u0022all and (min-width: 1600px)\u0022 type=\u0022image\/webp\u0022 width=\u0022240\u0022 height=\u0022180\u0022\/\u003E\n              \u003Csource srcset=\u0022\/sites\/default\/files\/styles\/teaser_image_phone\/public\/2026-08\/blauberg_tellerventil_vpd125_04.jpg?h=ead4f64d\u0026amp;itok=ssMqUFTh 1x\u0022 media=\u0022all and (max-width: 480px)\u0022 type=\u0022image\/jpeg\u0022 width=\u0022460\u0022 height=\u0022260\u0022\/\u003E\n              \u003Csource srcset=\u0022\/sites\/default\/files\/styles\/teaser_image_inline\/public\/2026-08\/blauberg_tellerventil_vpd125_04.jpg?h=ead4f64d\u0026amp;itok=u6XEN7Bq 1x\u0022 media=\u0022all and (min-width: 481px) and (max-width: 767px)\u0022 type=\u0022image\/jpeg\u0022 width=\u0022200\u0022 height=\u0022150\u0022\/\u003E\n              \u003Csource srcset=\u0022\/sites\/default\/files\/styles\/teaser_image_inline\/public\/2026-08\/blauberg_tellerventil_vpd125_04.jpg?h=ead4f64d\u0026amp;itok=u6XEN7Bq 1x\u0022 media=\u0022all and (min-width: 768px) and (max-width: 1023px)\u0022 type=\u0022image\/jpeg\u0022 width=\u0022200\u0022 height=\u0022150\u0022\/\u003E\n              \u003Csource srcset=\u0022\/sites\/default\/files\/styles\/teaser_image_inline\/public\/2026-08\/blauberg_tellerventil_vpd125_04.jpg?h=ead4f64d\u0026amp;itok=u6XEN7Bq 1x\u0022 media=\u0022all and (min-width: 1024px) and (max-width: 1599px)\u0022 type=\u0022image\/jpeg\u0022 width=\u0022200\u0022 height=\u0022150\u0022\/\u003E\n              \u003Csource srcset=\u0022\/sites\/default\/files\/styles\/teaser_image_inline_xxl\/public\/2026-08\/blauberg_tellerventil_vpd125_04.jpg?h=ead4f64d\u0026amp;itok=0sOO55rs 1x\u0022 media=\u0022all and (min-width: 1600px)\u0022 type=\u0022image\/jpeg\u0022 width=\u0022240\u0022 height=\u0022180\u0022\/\u003E\n                  \n\u003Cimg decoding=\u0022async\u0022 class=\u0022media__element b-lazy\u0022 loading=\u0022lazy\u0022 width=\u0022200\u0022 height=\u0022150\u0022 data-zoomed=\u0022https:\/\/www.haustec.de\/sites\/default\/files\/styles\/content__zoomed\/public\/2026-08\/blauberg_tellerventil_vpd125_04.jpg?itok=7RaZWawJ\u0022 src=\u0022\/sites\/default\/files\/styles\/teaser_image_inline\/public\/2026-08\/blauberg_tellerventil_vpd125_04.jpg?h=ead4f64d\u0026amp;itok=u6XEN7Bq\u0022 alt=\u0022Blauberg Ventilatoren erweitert Zubeh\u00f6r um Tellerventil VPD 125\u0022 title=\u0022Blauberg Ventilatoren erweitert Zubeh\u00f6r um Tellerventil VPD 125\u0022 \/\u003E\n\n\n  \u003C\/picture\u003E\n        \u003C\/div\u003E\n  \n                  \u003C\/figure\u003E\n\n    \u003Carticle class=\u0022article--teaser-content\u0022\u003E\n      \u003Ch3 class=\u0022headline\u0022\u003E\n    Blauberg Ventilatoren erweitert Zubeh\u00f6r um Tellerventil VPD 125\n  \u003C\/h3\u003E\n  \u003Cdiv class=\u0022article--teaser-body\u0022\u003E\n    \u003Cp\u003EF\u00fcr die zentrale Wohnrauml\u00fcftung erg\u00e4nzt Blauberg Ventilatoren sein Zubeh\u00f6r. Das Tellerventil \u201eVPD 125\u201c verteilt Luft im Raum und regelt den Volumenstrom. Zwei Leitelemente lenken den Luftstrom.\u003C\/p\u003E\n  \u003C\/div\u003E\n\n    \u003C\/article\u003E\n  \u003C\/a\u003E\n  \u003Cspan class=\u0022article--bookmark\u0022\u003E\u003Cdrupal-render-placeholder callback=\u0022flag.link_builder:build\u0022 arguments=\u00220=node\u0026amp;1=24344\u0026amp;2=bookmark\u0026amp;3=teaser\u0022 token=\u0022rusG6fkV_j7M5WqB7vsuFvwjngX6NGhh5ukNKoZ77dU\u0022\u003E\u003C\/drupal-render-placeholder\u003E\u003C\/span\u003E\n\u003C\/div\u003E\n\n","entity_type":"node","used_ids":["",24357,24356,24354,24349,24344],"show_more":"\u003Cdiv class=\u0022del-show-more\u0022\u003E\u003Ca href=\u0022\/ajax\/del\/20215022-40a5-438a-ae5c-774948e16218\/1375372\/paragraph\/6\/5\/asc\/eyJub2RlIjp7ImlkIjoiMTIiLCJ0eXBlIjoicGFnZSJ9fQ%3D%3D\u0022 title=\u0022Show more items\u0022 class=\u0022del-show-more-link use-ajax\u0022 rel=\u0022nofollow\u0022 data-target-type=\u0022node\u0022 aria-controls=\u0022del--paragraph-44845--content\u0022 aria-label=\u0022Show more items\u0022\u003EMehr anzeigen\u003C\/a\u003E\u003C\/div\u003E\n"}]