[{"command":"settings","settings":{"pluralDelimiter":"\u0003","suppressDeprecationErrors":true,"ajaxPageState":{"libraries":"eJw1jEEKwCAMwD4k-CRRV7dCXaV1iL5-E7pLSC5JFNf0adMl80dMM0VVQu3WjWkWJPpTuKKClcRiNiA1d8w7VswB7o59hn3xevEIlQXcCeFbQ1e_mOsLmCI0Qg","theme":"ivory","theme_token":null},"ajaxTrustedUrl":[],"blazy":{"loadInvisible":true,"offset":300,"saveViewportOffsetDelay":35,"validateDelay":null,"container":"","loader":false,"unblazy":false,"visibleClass":false,"compat":true},"blazyIo":{"disconnect":false,"rootMargin":"0px","threshold":[0,0.25,0.5,0.75,1]},"user":{"uid":0,"permissionsHash":"45145ff10299dd0624d6ca546e77b041201ed93c76c2a8c9916dd4f05d66e569","roles":["anonymous"],"custom_permissions":["none"]}},"merge":true},{"command":"add_css","data":[{"rel":"stylesheet","media":"all","href":"\/sites\/default\/files\/css\/css_A3LVLGfTDl6cRwvgFyZHb6f99NiSTk4jB2MV8IrHpqY.css?delta=0\u0026language=de\u0026theme=ivory\u0026include=eJxLykmsqtRPyikt0knOL0rVTykqLUjM0UvMSqwAAJIECmU"},{"rel":"stylesheet","media":"all","href":"\/sites\/default\/files\/css\/css_b1LJgX55_PliihHpD7ahvFnlUq8xUspelw3mtrlm3xw.css?delta=1\u0026language=de\u0026theme=ivory\u0026include=eJxLykmsqtRPyikt0knOL0rVTykqLUjM0UvMSqwAAJIECmU"}]},{"command":"add_js","selector":"body","data":[{"src":"\/sites\/default\/files\/js\/js_WLtdHHsxg4z_-bAgslnXUg_h4KYGRudwBQho2EngXWY.js?scope=footer\u0026delta=0\u0026language=de\u0026theme=ivory\u0026include=eJw1zEEKwCAMRNELCR5JEqs0EI0kFrGnL0K6Gd7fDDK8O-LZgO5HnZnBjMmm9xDelZj_VGlkxUuhulbBEa7doVFOpU-aO52XaLes1ETLB7MpLmQ"},{"src":"\/core\/assets\/vendor\/jquery\/jquery.min.js?v=4.0.0"},{"src":"\/sites\/default\/files\/js\/js_-CQUAwQDfnJ7GPKKYF8q5qZpor6yHntJXGRFwyOuRCU.js?scope=footer\u0026delta=2\u0026language=de\u0026theme=ivory\u0026include=eJw1zEEKwCAMRNELCR5JEqs0EI0kFrGnL0K6Gd7fDDK8O-LZgO5HnZnBjMmm9xDelZj_VGlkxUuhulbBEa7doVFOpU-aO52XaLes1ETLB7MpLmQ"}]},{"command":"showMoreTeasers","id":"del--paragraph-44845","content":"\u003Cdiv  class=\u0022node node--type--article node--view-mode--teaser\u0022\u003E\n  \u003Ca href=\u0022\/management\/panorama\/anpassung-den-klimawandel-als-briefmarke\u0022\n     aria-label=\u0022Anpassung an den Klimawandel als Briefmarke\u0022\u003E\n      \u003Cfigure class=\u0022article--teaser-image\u0022\u003E\n              \u003Cdiv data-b-token=\u0022b-ac2fbb81082\u0022 class=\u0022media media--blazy media--bundle--image media--image media--responsive\u0022\u003E  \u003Cpicture\u003E\n                  \u003Csource srcset=\u0022\/sites\/default\/files\/styles\/teaser_image_phone\/public\/2026-09\/sonderbriefmarke-klimawandel-serie.png.webp?h=d1cb525d\u0026amp;itok=wHPUnjvy 1x\u0022 media=\u0022all and (max-width: 480px)\u0022 type=\u0022image\/webp\u0022 width=\u0022460\u0022 height=\u0022260\u0022\/\u003E\n              \u003Csource srcset=\u0022\/sites\/default\/files\/styles\/teaser_image_inline\/public\/2026-09\/sonderbriefmarke-klimawandel-serie.png.webp?h=d1cb525d\u0026amp;itok=KKwqxeZ4 1x\u0022 media=\u0022all and (min-width: 481px) and (max-width: 767px)\u0022 type=\u0022image\/webp\u0022 width=\u0022200\u0022 height=\u0022150\u0022\/\u003E\n              \u003Csource srcset=\u0022\/sites\/default\/files\/styles\/teaser_image_inline\/public\/2026-09\/sonderbriefmarke-klimawandel-serie.png.webp?h=d1cb525d\u0026amp;itok=KKwqxeZ4 1x\u0022 media=\u0022all and (min-width: 768px) and (max-width: 1023px)\u0022 type=\u0022image\/webp\u0022 width=\u0022200\u0022 height=\u0022150\u0022\/\u003E\n              \u003Csource srcset=\u0022\/sites\/default\/files\/styles\/teaser_image_inline\/public\/2026-09\/sonderbriefmarke-klimawandel-serie.png.webp?h=d1cb525d\u0026amp;itok=KKwqxeZ4 1x\u0022 media=\u0022all and (min-width: 1024px) and (max-width: 1599px)\u0022 type=\u0022image\/webp\u0022 width=\u0022200\u0022 height=\u0022150\u0022\/\u003E\n              \u003Csource srcset=\u0022\/sites\/default\/files\/styles\/teaser_image_inline_xxl\/public\/2026-09\/sonderbriefmarke-klimawandel-serie.png.webp?h=d1cb525d\u0026amp;itok=yDk_CcNK 1x\u0022 media=\u0022all and (min-width: 1600px)\u0022 type=\u0022image\/webp\u0022 width=\u0022240\u0022 height=\u0022180\u0022\/\u003E\n              \u003Csource srcset=\u0022\/sites\/default\/files\/styles\/teaser_image_phone\/public\/2026-09\/sonderbriefmarke-klimawandel-serie.png?h=d1cb525d\u0026amp;itok=wHPUnjvy 1x\u0022 media=\u0022all and (max-width: 480px)\u0022 type=\u0022image\/png\u0022 width=\u0022460\u0022 height=\u0022260\u0022\/\u003E\n              \u003Csource srcset=\u0022\/sites\/default\/files\/styles\/teaser_image_inline\/public\/2026-09\/sonderbriefmarke-klimawandel-serie.png?h=d1cb525d\u0026amp;itok=KKwqxeZ4 1x\u0022 media=\u0022all and (min-width: 481px) and (max-width: 767px)\u0022 type=\u0022image\/png\u0022 width=\u0022200\u0022 height=\u0022150\u0022\/\u003E\n              \u003Csource srcset=\u0022\/sites\/default\/files\/styles\/teaser_image_inline\/public\/2026-09\/sonderbriefmarke-klimawandel-serie.png?h=d1cb525d\u0026amp;itok=KKwqxeZ4 1x\u0022 media=\u0022all and (min-width: 768px) and (max-width: 1023px)\u0022 type=\u0022image\/png\u0022 width=\u0022200\u0022 height=\u0022150\u0022\/\u003E\n              \u003Csource srcset=\u0022\/sites\/default\/files\/styles\/teaser_image_inline\/public\/2026-09\/sonderbriefmarke-klimawandel-serie.png?h=d1cb525d\u0026amp;itok=KKwqxeZ4 1x\u0022 media=\u0022all and (min-width: 1024px) and (max-width: 1599px)\u0022 type=\u0022image\/png\u0022 width=\u0022200\u0022 height=\u0022150\u0022\/\u003E\n              \u003Csource srcset=\u0022\/sites\/default\/files\/styles\/teaser_image_inline_xxl\/public\/2026-09\/sonderbriefmarke-klimawandel-serie.png?h=d1cb525d\u0026amp;itok=yDk_CcNK 1x\u0022 media=\u0022all and (min-width: 1600px)\u0022 type=\u0022image\/png\u0022 width=\u0022240\u0022 height=\u0022180\u0022\/\u003E\n                  \n\u003Cimg decoding=\u0022async\u0022 class=\u0022media__element b-lazy\u0022 loading=\u0022lazy\u0022 width=\u0022200\u0022 height=\u0022150\u0022 data-zoomed=\u0022https:\/\/www.haustec.de\/sites\/default\/files\/styles\/content__zoomed\/public\/2026-09\/sonderbriefmarke-klimawandel-serie.png?itok=XtjiDjJY\u0022 src=\u0022\/sites\/default\/files\/styles\/teaser_image_inline\/public\/2026-09\/sonderbriefmarke-klimawandel-serie.png?h=d1cb525d\u0026amp;itok=KKwqxeZ4\u0022 alt=\u0022Anpassung an den Klimawandel als Briefmarke\u0022 title=\u0022Anpassung an den Klimawandel als Briefmarke\u0022 \/\u003E\n\n\n  \u003C\/picture\u003E\n        \u003C\/div\u003E\n  \n                  \u003C\/figure\u003E\n\n    \u003Carticle class=\u0022article--teaser-content\u0022\u003E\n      \u003Ch3 class=\u0022headline\u0022\u003E\n    Neue Briefmarke zeigt die Anpassung an den Klimawandel\n  \u003C\/h3\u003E\n  \u003Cdiv class=\u0022article--teaser-body\u0022\u003E\n    \u003Cp\u003EDie Sonderbriefmarke \u201eF\u00fcr den Umweltschutz\u201c 2026 thematisiert Klimaanpassung als Schl\u00fcssel zur Vorsorge gegen Extremwetter. Sie zeigt, wie Gr\u00fcnfl\u00e4chen, Wassermanagement und resiliente Infrastruktur Leben sch\u00fctzt.\u00a0\u003C\/p\u003E\n  \u003C\/div\u003E\n\n    \u003C\/article\u003E\n  \u003C\/a\u003E\n  \u003Cspan class=\u0022article--bookmark\u0022\u003E\u003Cdrupal-render-placeholder callback=\u0022flag.link_builder:build\u0022 arguments=\u00220=node\u0026amp;1=24363\u0026amp;2=bookmark\u0026amp;3=teaser\u0022 token=\u0022ETv0uoVvo0WmGPjd7_ppKOF2urxOA4CLwSRUMd6DaFU\u0022\u003E\u003C\/drupal-render-placeholder\u003E\u003C\/span\u003E\n\u003C\/div\u003E\n\n\u003Cdiv  class=\u0022node node--type--article node--view-mode--teaser\u0022\u003E\n  \u003Ca href=\u0022\/sanitaer\/bad-design\/mehr-umsatz-bei-geringem-mehraufwand-systemwannen-mit-rueckentherapie\u0022\n     aria-label=\u0022Mehr Umsatz bei geringem Mehraufwand: Systemwannen mit R\u00fcckentherapie\u0022\u003E\n      \u003Cfigure class=\u0022article--teaser-image\u0022\u003E\n              \u003Cdiv data-b-token=\u0022b-fdf6861115e\u0022 class=\u0022media media--blazy media--bundle--image media--image media--responsive\u0022\u003E  \u003Cpicture\u003E\n                  \u003Csource srcset=\u0022\/sites\/default\/files\/styles\/teaser_image_phone\/public\/2026-09\/systemwanne.jpg.webp?h=c9a3a702\u0026amp;itok=lASX6gnL 1x\u0022 media=\u0022all and (max-width: 480px)\u0022 type=\u0022image\/webp\u0022 width=\u0022460\u0022 height=\u0022260\u0022\/\u003E\n              \u003Csource srcset=\u0022\/sites\/default\/files\/styles\/teaser_image_inline\/public\/2026-09\/systemwanne.jpg.webp?h=c9a3a702\u0026amp;itok=s-AnFemV 1x\u0022 media=\u0022all and (min-width: 481px) and (max-width: 767px)\u0022 type=\u0022image\/webp\u0022 width=\u0022200\u0022 height=\u0022150\u0022\/\u003E\n              \u003Csource srcset=\u0022\/sites\/default\/files\/styles\/teaser_image_inline\/public\/2026-09\/systemwanne.jpg.webp?h=c9a3a702\u0026amp;itok=s-AnFemV 1x\u0022 media=\u0022all and (min-width: 768px) and (max-width: 1023px)\u0022 type=\u0022image\/webp\u0022 width=\u0022200\u0022 height=\u0022150\u0022\/\u003E\n              \u003Csource srcset=\u0022\/sites\/default\/files\/styles\/teaser_image_inline\/public\/2026-09\/systemwanne.jpg.webp?h=c9a3a702\u0026amp;itok=s-AnFemV 1x\u0022 media=\u0022all and (min-width: 1024px) and (max-width: 1599px)\u0022 type=\u0022image\/webp\u0022 width=\u0022200\u0022 height=\u0022150\u0022\/\u003E\n              \u003Csource srcset=\u0022\/sites\/default\/files\/styles\/teaser_image_inline_xxl\/public\/2026-09\/systemwanne.jpg.webp?h=c9a3a702\u0026amp;itok=b70bq6MR 1x\u0022 media=\u0022all and (min-width: 1600px)\u0022 type=\u0022image\/webp\u0022 width=\u0022240\u0022 height=\u0022180\u0022\/\u003E\n              \u003Csource srcset=\u0022\/sites\/default\/files\/styles\/teaser_image_phone\/public\/2026-09\/systemwanne.jpg?h=c9a3a702\u0026amp;itok=lASX6gnL 1x\u0022 media=\u0022all and (max-width: 480px)\u0022 type=\u0022image\/jpeg\u0022 width=\u0022460\u0022 height=\u0022260\u0022\/\u003E\n              \u003Csource srcset=\u0022\/sites\/default\/files\/styles\/teaser_image_inline\/public\/2026-09\/systemwanne.jpg?h=c9a3a702\u0026amp;itok=s-AnFemV 1x\u0022 media=\u0022all and (min-width: 481px) and (max-width: 767px)\u0022 type=\u0022image\/jpeg\u0022 width=\u0022200\u0022 height=\u0022150\u0022\/\u003E\n              \u003Csource srcset=\u0022\/sites\/default\/files\/styles\/teaser_image_inline\/public\/2026-09\/systemwanne.jpg?h=c9a3a702\u0026amp;itok=s-AnFemV 1x\u0022 media=\u0022all and (min-width: 768px) and (max-width: 1023px)\u0022 type=\u0022image\/jpeg\u0022 width=\u0022200\u0022 height=\u0022150\u0022\/\u003E\n              \u003Csource srcset=\u0022\/sites\/default\/files\/styles\/teaser_image_inline\/public\/2026-09\/systemwanne.jpg?h=c9a3a702\u0026amp;itok=s-AnFemV 1x\u0022 media=\u0022all and (min-width: 1024px) and (max-width: 1599px)\u0022 type=\u0022image\/jpeg\u0022 width=\u0022200\u0022 height=\u0022150\u0022\/\u003E\n              \u003Csource srcset=\u0022\/sites\/default\/files\/styles\/teaser_image_inline_xxl\/public\/2026-09\/systemwanne.jpg?h=c9a3a702\u0026amp;itok=b70bq6MR 1x\u0022 media=\u0022all and (min-width: 1600px)\u0022 type=\u0022image\/jpeg\u0022 width=\u0022240\u0022 height=\u0022180\u0022\/\u003E\n                  \n\u003Cimg decoding=\u0022async\u0022 class=\u0022media__element b-lazy\u0022 loading=\u0022lazy\u0022 width=\u0022200\u0022 height=\u0022150\u0022 data-zoomed=\u0022https:\/\/www.haustec.de\/sites\/default\/files\/styles\/content__zoomed\/public\/2026-09\/systemwanne.jpg?itok=HvPwnGzp\u0022 src=\u0022\/sites\/default\/files\/styles\/teaser_image_inline\/public\/2026-09\/systemwanne.jpg?h=c9a3a702\u0026amp;itok=s-AnFemV\u0022 alt=\u0022Mehr Umsatz durch Systemwannen: R\u00fcckentherapie als verkaufsstarkes Zusatzangebot\u0022 title=\u0022Mehr Umsatz durch Systemwannen: R\u00fcckentherapie als verkaufsstarkes Zusatzangebot\u0022 \/\u003E\n\n\n  \u003C\/picture\u003E\n        \u003C\/div\u003E\n  \n                  \u003C\/figure\u003E\n\n    \u003Carticle class=\u0022article--teaser-content\u0022\u003E\n      \u003Ch3 class=\u0022headline\u0022\u003E\n    Mehr Umsatz bei geringem Mehraufwand: Systemwannen mit R\u00fcckentherapie\n  \u003C\/h3\u003E\n  \u003Cdiv class=\u0022article--teaser-body\u0022\u003E\n    \u003Cp\u003EMit Repabad-Systemwannen steigern Fachbetriebe ihren Umsatz bei minimalem Mehraufwand. Die integrierte R\u00fcckentherapie bietet Kunden Mehrwert und hebt Badprojekte hervor. Gezielter Beratung und Aktionen sorgen f\u00fcr mehr Verkaufserfolg.\u003C\/p\u003E\n  \u003C\/div\u003E\n\n    \u003C\/article\u003E\n  \u003C\/a\u003E\n  \u003Cspan class=\u0022article--bookmark\u0022\u003E\u003Cdrupal-render-placeholder callback=\u0022flag.link_builder:build\u0022 arguments=\u00220=node\u0026amp;1=24368\u0026amp;2=bookmark\u0026amp;3=teaser\u0022 token=\u0022Dj_QJQlou60S0d7ZCZnkKyKug4UA0jvkwMK3X2kZ04c\u0022\u003E\u003C\/drupal-render-placeholder\u003E\u003C\/span\u003E\n\u003C\/div\u003E\n\n\u003Cdiv  class=\u0022node node--type--article node--view-mode--teaser\u0022\u003E\n  \u003Ca href=\u0022\/energie\/ohne-solarstrom-waeren-boersenstrompreise-rund-20-prozent-hoeher\u0022\n     aria-label=\u0022Ohne Solarstrom w\u00e4ren B\u00f6rsenstrompreise rund 20 Prozent h\u00f6her\u0022\u003E\n      \u003Cfigure class=\u0022article--teaser-image\u0022\u003E\n              \u003Cdiv data-b-token=\u0022b-7f6a27a6f11\u0022 class=\u0022media media--blazy media--bundle--image media--image media--responsive\u0022\u003E  \u003Cpicture\u003E\n                  \u003Csource srcset=\u0022\/sites\/default\/files\/styles\/teaser_image_phone\/public\/2026-09\/adobestock_1922439382.jpeg.webp?h=059c1cd6\u0026amp;itok=c03G1zwS 1x\u0022 media=\u0022all and (max-width: 480px)\u0022 type=\u0022image\/webp\u0022 width=\u0022460\u0022 height=\u0022260\u0022\/\u003E\n              \u003Csource srcset=\u0022\/sites\/default\/files\/styles\/teaser_image_inline\/public\/2026-09\/adobestock_1922439382.jpeg.webp?h=059c1cd6\u0026amp;itok=ndBDY3do 1x\u0022 media=\u0022all and (min-width: 481px) and (max-width: 767px)\u0022 type=\u0022image\/webp\u0022 width=\u0022200\u0022 height=\u0022150\u0022\/\u003E\n              \u003Csource srcset=\u0022\/sites\/default\/files\/styles\/teaser_image_inline\/public\/2026-09\/adobestock_1922439382.jpeg.webp?h=059c1cd6\u0026amp;itok=ndBDY3do 1x\u0022 media=\u0022all and (min-width: 768px) and (max-width: 1023px)\u0022 type=\u0022image\/webp\u0022 width=\u0022200\u0022 height=\u0022150\u0022\/\u003E\n              \u003Csource srcset=\u0022\/sites\/default\/files\/styles\/teaser_image_inline\/public\/2026-09\/adobestock_1922439382.jpeg.webp?h=059c1cd6\u0026amp;itok=ndBDY3do 1x\u0022 media=\u0022all and (min-width: 1024px) and (max-width: 1599px)\u0022 type=\u0022image\/webp\u0022 width=\u0022200\u0022 height=\u0022150\u0022\/\u003E\n              \u003Csource srcset=\u0022\/sites\/default\/files\/styles\/teaser_image_inline_xxl\/public\/2026-09\/adobestock_1922439382.jpeg.webp?h=059c1cd6\u0026amp;itok=g-I-lQ38 1x\u0022 media=\u0022all and (min-width: 1600px)\u0022 type=\u0022image\/webp\u0022 width=\u0022240\u0022 height=\u0022180\u0022\/\u003E\n              \u003Csource srcset=\u0022\/sites\/default\/files\/styles\/teaser_image_phone\/public\/2026-09\/adobestock_1922439382.jpeg?h=059c1cd6\u0026amp;itok=c03G1zwS 1x\u0022 media=\u0022all and (max-width: 480px)\u0022 type=\u0022image\/jpeg\u0022 width=\u0022460\u0022 height=\u0022260\u0022\/\u003E\n              \u003Csource srcset=\u0022\/sites\/default\/files\/styles\/teaser_image_inline\/public\/2026-09\/adobestock_1922439382.jpeg?h=059c1cd6\u0026amp;itok=ndBDY3do 1x\u0022 media=\u0022all and (min-width: 481px) and (max-width: 767px)\u0022 type=\u0022image\/jpeg\u0022 width=\u0022200\u0022 height=\u0022150\u0022\/\u003E\n              \u003Csource srcset=\u0022\/sites\/default\/files\/styles\/teaser_image_inline\/public\/2026-09\/adobestock_1922439382.jpeg?h=059c1cd6\u0026amp;itok=ndBDY3do 1x\u0022 media=\u0022all and (min-width: 768px) and (max-width: 1023px)\u0022 type=\u0022image\/jpeg\u0022 width=\u0022200\u0022 height=\u0022150\u0022\/\u003E\n              \u003Csource srcset=\u0022\/sites\/default\/files\/styles\/teaser_image_inline\/public\/2026-09\/adobestock_1922439382.jpeg?h=059c1cd6\u0026amp;itok=ndBDY3do 1x\u0022 media=\u0022all and (min-width: 1024px) and (max-width: 1599px)\u0022 type=\u0022image\/jpeg\u0022 width=\u0022200\u0022 height=\u0022150\u0022\/\u003E\n              \u003Csource srcset=\u0022\/sites\/default\/files\/styles\/teaser_image_inline_xxl\/public\/2026-09\/adobestock_1922439382.jpeg?h=059c1cd6\u0026amp;itok=g-I-lQ38 1x\u0022 media=\u0022all and (min-width: 1600px)\u0022 type=\u0022image\/jpeg\u0022 width=\u0022240\u0022 height=\u0022180\u0022\/\u003E\n                  \n\u003Cimg decoding=\u0022async\u0022 class=\u0022media__element b-lazy\u0022 loading=\u0022lazy\u0022 width=\u0022200\u0022 height=\u0022150\u0022 data-zoomed=\u0022https:\/\/www.haustec.de\/sites\/default\/files\/styles\/content__zoomed\/public\/2026-09\/adobestock_1922439382.jpeg?itok=9GDPk1hQ\u0022 src=\u0022\/sites\/default\/files\/styles\/teaser_image_inline\/public\/2026-09\/adobestock_1922439382.jpeg?h=059c1cd6\u0026amp;itok=ndBDY3do\u0022 alt=\u0022Ohne Solarstrom w\u00e4ren B\u00f6rsenstrompreise rund 20 Prozent h\u00f6her\u0022 title=\u0022Ohne Solarstrom w\u00e4ren B\u00f6rsenstrompreise rund 20 Prozent h\u00f6her\u0022 \/\u003E\n\n\n  \u003C\/picture\u003E\n        \u003C\/div\u003E\n  \n                  \u003C\/figure\u003E\n\n    \u003Carticle class=\u0022article--teaser-content\u0022\u003E\n      \u003Ch3 class=\u0022headline\u0022\u003E\n    Ohne Solarstrom w\u00e4ren B\u00f6rsenstrompreise rund 20 Prozent h\u00f6her\n  \u003C\/h3\u003E\n  \u003Cdiv class=\u0022article--teaser-body\u0022\u003E\n    \u003Cp\u003ESolarenergie senkt die Stromkosten in Deutschland um rund 15,7 Milliarden Euro. Auch ohne eigene Anlage profitieren Haushalte durch niedrigere Strompreise. Sehr viel Geld sparen jedoch Industriebetriebe.\u003C\/p\u003E\n  \u003C\/div\u003E\n\n    \u003C\/article\u003E\n  \u003C\/a\u003E\n  \u003Cspan class=\u0022article--bookmark\u0022\u003E\u003Cdrupal-render-placeholder callback=\u0022flag.link_builder:build\u0022 arguments=\u00220=node\u0026amp;1=24360\u0026amp;2=bookmark\u0026amp;3=teaser\u0022 token=\u00227mpWWpbFagNImmAPyQWRrJXLXmMiH9JfiIZ9_Zh4PCA\u0022\u003E\u003C\/drupal-render-placeholder\u003E\u003C\/span\u003E\n\u003C\/div\u003E\n\n\u003Cdiv  class=\u0022node node--type--article node--view-mode--teaser\u0022\u003E\n  \u003Ca href=\u0022\/energie\/smarter-e-europe-neue-wechselrichter-fuer-nutzer-und-netz\u0022\n     aria-label=\u0022The smarter E Europe: Neue Wechselrichter f\u00fcr Nutzer und Netz\u0022\u003E\n      \u003Cfigure class=\u0022article--teaser-image\u0022\u003E\n              \u003Cdiv data-b-token=\u0022b-2277b8b0f74\u0022 class=\u0022media media--blazy media--bundle--image media--image media--responsive\u0022\u003E  \u003Cpicture\u003E\n                  \u003Csource srcset=\u0022\/sites\/default\/files\/styles\/teaser_image_phone\/public\/2026-08\/060041_01_huawei-award-tse_hs.jpg.webp?h=5f62bdfc\u0026amp;itok=2TBfh0r1 1x\u0022 media=\u0022all and (max-width: 480px)\u0022 type=\u0022image\/webp\u0022 width=\u0022460\u0022 height=\u0022260\u0022\/\u003E\n              \u003Csource srcset=\u0022\/sites\/default\/files\/styles\/teaser_image_inline\/public\/2026-08\/060041_01_huawei-award-tse_hs.jpg.webp?h=5f62bdfc\u0026amp;itok=7QyFRdme 1x\u0022 media=\u0022all and (min-width: 481px) and (max-width: 767px)\u0022 type=\u0022image\/webp\u0022 width=\u0022200\u0022 height=\u0022150\u0022\/\u003E\n              \u003Csource srcset=\u0022\/sites\/default\/files\/styles\/teaser_image_inline\/public\/2026-08\/060041_01_huawei-award-tse_hs.jpg.webp?h=5f62bdfc\u0026amp;itok=7QyFRdme 1x\u0022 media=\u0022all and (min-width: 768px) and (max-width: 1023px)\u0022 type=\u0022image\/webp\u0022 width=\u0022200\u0022 height=\u0022150\u0022\/\u003E\n              \u003Csource srcset=\u0022\/sites\/default\/files\/styles\/teaser_image_inline\/public\/2026-08\/060041_01_huawei-award-tse_hs.jpg.webp?h=5f62bdfc\u0026amp;itok=7QyFRdme 1x\u0022 media=\u0022all and (min-width: 1024px) and (max-width: 1599px)\u0022 type=\u0022image\/webp\u0022 width=\u0022200\u0022 height=\u0022150\u0022\/\u003E\n              \u003Csource srcset=\u0022\/sites\/default\/files\/styles\/teaser_image_inline_xxl\/public\/2026-08\/060041_01_huawei-award-tse_hs.jpg.webp?h=5f62bdfc\u0026amp;itok=C9UIJF5B 1x\u0022 media=\u0022all and (min-width: 1600px)\u0022 type=\u0022image\/webp\u0022 width=\u0022240\u0022 height=\u0022180\u0022\/\u003E\n              \u003Csource srcset=\u0022\/sites\/default\/files\/styles\/teaser_image_phone\/public\/2026-08\/060041_01_huawei-award-tse_hs.jpg?h=5f62bdfc\u0026amp;itok=2TBfh0r1 1x\u0022 media=\u0022all and (max-width: 480px)\u0022 type=\u0022image\/jpeg\u0022 width=\u0022460\u0022 height=\u0022260\u0022\/\u003E\n              \u003Csource srcset=\u0022\/sites\/default\/files\/styles\/teaser_image_inline\/public\/2026-08\/060041_01_huawei-award-tse_hs.jpg?h=5f62bdfc\u0026amp;itok=7QyFRdme 1x\u0022 media=\u0022all and (min-width: 481px) and (max-width: 767px)\u0022 type=\u0022image\/jpeg\u0022 width=\u0022200\u0022 height=\u0022150\u0022\/\u003E\n              \u003Csource srcset=\u0022\/sites\/default\/files\/styles\/teaser_image_inline\/public\/2026-08\/060041_01_huawei-award-tse_hs.jpg?h=5f62bdfc\u0026amp;itok=7QyFRdme 1x\u0022 media=\u0022all and (min-width: 768px) and (max-width: 1023px)\u0022 type=\u0022image\/jpeg\u0022 width=\u0022200\u0022 height=\u0022150\u0022\/\u003E\n              \u003Csource srcset=\u0022\/sites\/default\/files\/styles\/teaser_image_inline\/public\/2026-08\/060041_01_huawei-award-tse_hs.jpg?h=5f62bdfc\u0026amp;itok=7QyFRdme 1x\u0022 media=\u0022all and (min-width: 1024px) and (max-width: 1599px)\u0022 type=\u0022image\/jpeg\u0022 width=\u0022200\u0022 height=\u0022150\u0022\/\u003E\n              \u003Csource srcset=\u0022\/sites\/default\/files\/styles\/teaser_image_inline_xxl\/public\/2026-08\/060041_01_huawei-award-tse_hs.jpg?h=5f62bdfc\u0026amp;itok=C9UIJF5B 1x\u0022 media=\u0022all and (min-width: 1600px)\u0022 type=\u0022image\/jpeg\u0022 width=\u0022240\u0022 height=\u0022180\u0022\/\u003E\n                  \n\u003Cimg decoding=\u0022async\u0022 class=\u0022media__element b-lazy\u0022 loading=\u0022lazy\u0022 width=\u0022200\u0022 height=\u0022150\u0022 data-zoomed=\u0022https:\/\/www.haustec.de\/sites\/default\/files\/styles\/content__zoomed\/public\/2026-08\/060041_01_huawei-award-tse_hs.jpg?itok=yET6xG4x\u0022 src=\u0022\/sites\/default\/files\/styles\/teaser_image_inline\/public\/2026-08\/060041_01_huawei-award-tse_hs.jpg?h=5f62bdfc\u0026amp;itok=7QyFRdme\u0022 alt=\u0022Neue Wechselrichter f\u00fcr Nutzer und Netz\u0022 title=\u0022Neue Wechselrichter f\u00fcr Nutzer und Netz\u0022 \/\u003E\n\n\n  \u003C\/picture\u003E\n        \u003C\/div\u003E\n  \n                  \u003C\/figure\u003E\n\n    \u003Carticle class=\u0022article--teaser-content\u0022\u003E\n      \u003Ch3 class=\u0022headline\u0022\u003E\n      \u003Cspan class=\u0022article--protection-icon\u0022\u003E\u003Ci class=\u0022mi mi-add\u0022\u003E\u003C\/i\u003E\u003C\/span\u003E\n    The smarter E Europe: Neue Wechselrichter f\u00fcr Nutzer und Netz\n  \u003C\/h3\u003E\n  \u003Cdiv class=\u0022article--teaser-body\u0022\u003E\n    \u003Cp\u003EViel Neues bei den Anbietern von Leistungselektronik: Wechselrichter und Speichersysteme wachsen zusammen, auch im C\u0026I-Gesch\u00e4ft und bei Solarparks. Gleichzeitig st\u00fctzen sie Spannung und Frequenz im Netz \u2013 und erlauben neue Erl\u00f6smodelle.\u003C\/p\u003E\n  \u003C\/div\u003E\n\n    \u003C\/article\u003E\n  \u003C\/a\u003E\n  \u003Cspan class=\u0022article--bookmark\u0022\u003E\u003Cdrupal-render-placeholder callback=\u0022flag.link_builder:build\u0022 arguments=\u00220=node\u0026amp;1=24303\u0026amp;2=bookmark\u0026amp;3=teaser\u0022 token=\u0022qHRkVI8LLf0iuMA8mX5HZHIv1vW5NRSTGmoJ2A3LyJU\u0022\u003E\u003C\/drupal-render-placeholder\u003E\u003C\/span\u003E\n\u003C\/div\u003E\n\n\u003Cdiv  class=\u0022node node--type--article node--view-mode--teaser\u0022\u003E\n  \u003Ca href=\u0022\/heizung\/waermeerzeugung\/buderus-beratungsexzellenz-unterstuetzung-fuer-heizungsfachbetriebe\u0022\n     aria-label=\u0022Buderus Beratungsexzellenz: Unterst\u00fctzung f\u00fcr Heizungsfachbetriebe\u0022\u003E\n      \u003Cfigure class=\u0022article--teaser-image\u0022\u003E\n              \u003Cdiv data-b-token=\u0022b-d2b4ac5099b\u0022 class=\u0022media media--blazy media--bundle--image media--image media--responsive\u0022\u003E  \u003Cpicture\u003E\n                  \u003Csource srcset=\u0022\/sites\/default\/files\/styles\/teaser_image_phone\/public\/2026-09\/abb_02_buderus_beratungsexzellenz-scaled.jpg.webp?h=b2bd669b\u0026amp;itok=uLew1ENA 1x\u0022 media=\u0022all and (max-width: 480px)\u0022 type=\u0022image\/webp\u0022 width=\u0022460\u0022 height=\u0022260\u0022\/\u003E\n              \u003Csource srcset=\u0022\/sites\/default\/files\/styles\/teaser_image_inline\/public\/2026-09\/abb_02_buderus_beratungsexzellenz-scaled.jpg.webp?h=b2bd669b\u0026amp;itok=wsNVhtyH 1x\u0022 media=\u0022all and (min-width: 481px) and (max-width: 767px)\u0022 type=\u0022image\/webp\u0022 width=\u0022200\u0022 height=\u0022150\u0022\/\u003E\n              \u003Csource srcset=\u0022\/sites\/default\/files\/styles\/teaser_image_inline\/public\/2026-09\/abb_02_buderus_beratungsexzellenz-scaled.jpg.webp?h=b2bd669b\u0026amp;itok=wsNVhtyH 1x\u0022 media=\u0022all and (min-width: 768px) and (max-width: 1023px)\u0022 type=\u0022image\/webp\u0022 width=\u0022200\u0022 height=\u0022150\u0022\/\u003E\n              \u003Csource srcset=\u0022\/sites\/default\/files\/styles\/teaser_image_inline\/public\/2026-09\/abb_02_buderus_beratungsexzellenz-scaled.jpg.webp?h=b2bd669b\u0026amp;itok=wsNVhtyH 1x\u0022 media=\u0022all and (min-width: 1024px) and (max-width: 1599px)\u0022 type=\u0022image\/webp\u0022 width=\u0022200\u0022 height=\u0022150\u0022\/\u003E\n              \u003Csource srcset=\u0022\/sites\/default\/files\/styles\/teaser_image_inline_xxl\/public\/2026-09\/abb_02_buderus_beratungsexzellenz-scaled.jpg.webp?h=b2bd669b\u0026amp;itok=2chUlQkI 1x\u0022 media=\u0022all and (min-width: 1600px)\u0022 type=\u0022image\/webp\u0022 width=\u0022240\u0022 height=\u0022180\u0022\/\u003E\n              \u003Csource srcset=\u0022\/sites\/default\/files\/styles\/teaser_image_phone\/public\/2026-09\/abb_02_buderus_beratungsexzellenz-scaled.jpg?h=b2bd669b\u0026amp;itok=uLew1ENA 1x\u0022 media=\u0022all and (max-width: 480px)\u0022 type=\u0022image\/jpeg\u0022 width=\u0022460\u0022 height=\u0022260\u0022\/\u003E\n              \u003Csource srcset=\u0022\/sites\/default\/files\/styles\/teaser_image_inline\/public\/2026-09\/abb_02_buderus_beratungsexzellenz-scaled.jpg?h=b2bd669b\u0026amp;itok=wsNVhtyH 1x\u0022 media=\u0022all and (min-width: 481px) and (max-width: 767px)\u0022 type=\u0022image\/jpeg\u0022 width=\u0022200\u0022 height=\u0022150\u0022\/\u003E\n              \u003Csource srcset=\u0022\/sites\/default\/files\/styles\/teaser_image_inline\/public\/2026-09\/abb_02_buderus_beratungsexzellenz-scaled.jpg?h=b2bd669b\u0026amp;itok=wsNVhtyH 1x\u0022 media=\u0022all and (min-width: 768px) and (max-width: 1023px)\u0022 type=\u0022image\/jpeg\u0022 width=\u0022200\u0022 height=\u0022150\u0022\/\u003E\n              \u003Csource srcset=\u0022\/sites\/default\/files\/styles\/teaser_image_inline\/public\/2026-09\/abb_02_buderus_beratungsexzellenz-scaled.jpg?h=b2bd669b\u0026amp;itok=wsNVhtyH 1x\u0022 media=\u0022all and (min-width: 1024px) and (max-width: 1599px)\u0022 type=\u0022image\/jpeg\u0022 width=\u0022200\u0022 height=\u0022150\u0022\/\u003E\n              \u003Csource srcset=\u0022\/sites\/default\/files\/styles\/teaser_image_inline_xxl\/public\/2026-09\/abb_02_buderus_beratungsexzellenz-scaled.jpg?h=b2bd669b\u0026amp;itok=2chUlQkI 1x\u0022 media=\u0022all and (min-width: 1600px)\u0022 type=\u0022image\/jpeg\u0022 width=\u0022240\u0022 height=\u0022180\u0022\/\u003E\n                  \n\u003Cimg decoding=\u0022async\u0022 class=\u0022media__element b-lazy\u0022 loading=\u0022lazy\u0022 width=\u0022200\u0022 height=\u0022150\u0022 data-zoomed=\u0022https:\/\/www.haustec.de\/sites\/default\/files\/styles\/content__zoomed\/public\/2026-09\/abb_02_buderus_beratungsexzellenz-scaled.jpg?itok=RLe5EWAW\u0022 src=\u0022\/sites\/default\/files\/styles\/teaser_image_inline\/public\/2026-09\/abb_02_buderus_beratungsexzellenz-scaled.jpg?h=b2bd669b\u0026amp;itok=wsNVhtyH\u0022 alt=\u0022Buderus Beratungsexzellenz: Unterst\u00fctzung f\u00fcr Heizungsfachbetriebe\u0022 title=\u0022Buderus Beratungsexzellenz: Unterst\u00fctzung f\u00fcr Heizungsfachbetriebe\u0022 \/\u003E\n\n\n  \u003C\/picture\u003E\n        \u003C\/div\u003E\n  \n                  \u003C\/figure\u003E\n\n    \u003Carticle class=\u0022article--teaser-content\u0022\u003E\n      \u003Ch3 class=\u0022headline\u0022\u003E\n    Buderus Beratungsexzellenz gibt strukturierte Unterst\u00fctzung f\u00fcr Heizungsfachbetriebe\n  \u003C\/h3\u003E\n  \u003Cdiv class=\u0022article--teaser-body\u0022\u003E\n    \u003Cp\u003EMit der Initiative \u201eBeratungsexzellenz\u201c erleichtert Buderus Heizungsfachbetrieben die strukturierte Beratung von Endkunden. Im Fokus stehen individuelle Heizungsl\u00f6sungen f\u00fcr Neubau und Modernisierung.\u003C\/p\u003E\n  \u003C\/div\u003E\n\n    \u003C\/article\u003E\n  \u003C\/a\u003E\n  \u003Cspan class=\u0022article--bookmark\u0022\u003E\u003Cdrupal-render-placeholder callback=\u0022flag.link_builder:build\u0022 arguments=\u00220=node\u0026amp;1=24357\u0026amp;2=bookmark\u0026amp;3=teaser\u0022 token=\u0022Son0-nGUf7QRz5E_zhoYaBN3gg4Q7c8pJZLenHA7mFI\u0022\u003E\u003C\/drupal-render-placeholder\u003E\u003C\/span\u003E\n\u003C\/div\u003E\n\n","entity_type":"node","used_ids":["",24363,24368,24360,24303,24357],"show_more":"\u003Cdiv class=\u0022del-show-more\u0022\u003E\u003Ca href=\u0022\/ajax\/del\/20215022-40a5-438a-ae5c-774948e16218\/1375491\/paragraph\/6\/5\/asc\/eyJub2RlIjp7ImlkIjoiMTIiLCJ0eXBlIjoicGFnZSJ9fQ%3D%3D\u0022 title=\u0022Show more items\u0022 class=\u0022del-show-more-link use-ajax\u0022 rel=\u0022nofollow\u0022 data-target-type=\u0022node\u0022 aria-controls=\u0022del--paragraph-44845--content\u0022 aria-label=\u0022Show more items\u0022\u003EMehr anzeigen\u003C\/a\u003E\u003C\/div\u003E\n"}]