[{"command":"settings","settings":{"pluralDelimiter":"\u0003","suppressDeprecationErrors":true,"ajaxPageState":{"libraries":"eJxLqcxLzM1Mjk_NK8ksqYzPySwu0S_OyC-Pz80vSgUAtBcL_w","theme":"ivory","theme_token":null},"ajaxTrustedUrl":[],"user":{"uid":0,"permissionsHash":"45145ff10299dd0624d6ca546e77b041201ed93c76c2a8c9916dd4f05d66e569","roles":["anonymous"],"custom_permissions":["none"]}},"merge":true},{"command":"add_css","data":[{"rel":"stylesheet","media":"all","href":"\/sites\/default\/files\/css\/css_o0ADUb7yDHQ8o800zQVJp3VQ9weKwIDGJEYSMBWLURw.css?delta=0\u0026language=de\u0026theme=ivory\u0026include=eJxLzi9K1U8pKi1IzNFLzEqsAAA0wAYz"},{"rel":"stylesheet","media":"all","href":"\/sites\/default\/files\/css\/css_b1LJgX55_PliihHpD7ahvFnlUq8xUspelw3mtrlm3xw.css?delta=1\u0026language=de\u0026theme=ivory\u0026include=eJxLzi9K1U8pKi1IzNFLzEqsAAA0wAYz"}]},{"command":"add_js","selector":"body","data":[{"src":"\/core\/assets\/vendor\/jquery\/jquery.min.js?v=4.0.0"},{"src":"\/sites\/default\/files\/js\/js_e2g_i7ViUPN-woOjvyw6RGYTrT44WHuPVVy5Tl7arhE.js?scope=footer\u0026delta=1\u0026language=de\u0026theme=ivory\u0026include=eJxLqcxLzM1Mjk_NK8ksqYzPySwu0S_OyC-Pz80vSgUAtBcL_w"}]},{"command":"showMoreTeasers","id":"del--paragraph-45340","content":"\u003Cli class=\u0022node node--type--article node--view-mode--unordered-list is-linked\u0022\u003E\n    \u003Ca href=\u0022\/energie\/pv-module\/balkonkraftwerk-die-besten-mini-solaranlagen-im-vergleich\u0022\n       aria-label=\u0022Balkonkraftwerk: Die besten Mini-Solaranlagen im Vergleich\u0022\n       class=\u0022teaser-link\u0022\u003E\n        \u003Cspan class=\u0022teaser-link--text\u0022\u003EBalkonkraftwerk: Die besten Mini-Solaranlagen im Vergleich\n\u003C\/span\u003E\n            \u003C\/a\u003E\n\u003C\/li\u003E\n\u003Cli class=\u0022node node--type--article node--view-mode--unordered-list is-linked\u0022\u003E\n    \u003Ca href=\u0022\/energie\/windkraftausbau-im-sueden-buendnis-fordert-faire-ausschreibungsregeln\u0022\n       aria-label=\u0022Windkraftausbau im S\u00fcden: B\u00fcndnis fordert faire Ausschreibungsregeln\u0022\n       class=\u0022teaser-link\u0022\u003E\n        \u003Cspan class=\u0022teaser-link--text\u0022\u003EWindkraftausbau im S\u00fcden: B\u00fcndnis fordert faire Ausschreibungsregeln\n\u003C\/span\u003E\n            \u003C\/a\u003E\n\u003C\/li\u003E\n\u003Cli class=\u0022node node--type--article node--view-mode--unordered-list is-linked\u0022\u003E\n    \u003Ca href=\u0022\/energie\/eeg-plaene-bedrohen-solar-ausbau-und-arbeitsplaetze\u0022\n       aria-label=\u0022EEG-Pl\u00e4ne bedrohen Solar-Ausbau und Arbeitspl\u00e4tze\u0022\n       class=\u0022teaser-link\u0022\u003E\n        \u003Cspan class=\u0022teaser-link--text\u0022\u003EEEG-Pl\u00e4ne bedrohen Solar-Ausbau und Arbeitspl\u00e4tze\n\u003C\/span\u003E\n            \u003C\/a\u003E\n\u003C\/li\u003E\n\u003Cli class=\u0022node node--type--article node--view-mode--unordered-list is-linked\u0022\u003E\n    \u003Ca href=\u0022\/energie\/pv-module\/solarbranche-warnt-vor-energiewende-stopp-durch-neues-netzpaket\u0022\n       aria-label=\u0022Solarbranche warnt vor Energiewende-Stopp durch neues Netzpaket\u0022\n       class=\u0022teaser-link\u0022\u003E\n        \u003Cspan class=\u0022teaser-link--text\u0022\u003ESolarbranche warnt vor Energiewende-Stopp durch neues Netzpaket\n\u003C\/span\u003E\n            \u003C\/a\u003E\n\u003C\/li\u003E\n\u003Cli class=\u0022node node--type--article node--view-mode--unordered-list is-linked\u0022\u003E\n    \u003Ca href=\u0022\/heizung\/waermepumpen\/ikea-waermepumpen-vamo-wird-partner-von-svea-solar\u0022\n       aria-label=\u0022Ikea-W\u00e4rmepumpen: Vamo wird Partner von Svea Solar\u0022\n       class=\u0022teaser-link\u0022\u003E\n        \u003Cspan class=\u0022teaser-link--text\u0022\u003EIkea-W\u00e4rmepumpen: Vamo wird Partner von Svea Solar\n\u003C\/span\u003E\n            \u003C\/a\u003E\n\u003C\/li\u003E\n\u003Cli class=\u0022node node--type--article node--view-mode--unordered-list is-linked\u0022\u003E\n    \u003Ca href=\u0022\/heizung\/waermepumpen\/geothermische-waermepumpen-sind-guenstigste-heizungsoption\u0022\n       aria-label=\u0022Geothermische W\u00e4rmepumpen sind g\u00fcnstigste Heizungsoption\u0022\n       class=\u0022teaser-link\u0022\u003E\n        \u003Cspan class=\u0022teaser-link--text\u0022\u003EGeothermische W\u00e4rmepumpen sind g\u00fcnstigste Heizungsoption\n\u003C\/span\u003E\n            \u003C\/a\u003E\n\u003C\/li\u003E\n\u003Cli class=\u0022node node--type--article node--view-mode--unordered-list is-linked\u0022\u003E\n    \u003Ca href=\u0022\/energie\/pv-module\/pv-einspeiseverguetung-wegfall-wuerde-solarausbau-mehrfamilienhaeusern-gefaehrden\u0022\n       aria-label=\u0022PV-Einspeiseverg\u00fctung: Wegfall w\u00fcrde Solarausbau in Mehrfamilienh\u00e4usern gef\u00e4hrden\u0022\n       class=\u0022teaser-link\u0022\u003E\n        \u003Cspan class=\u0022teaser-link--text\u0022\u003EPV-Einspeiseverg\u00fctung: Wegfall w\u00fcrde Solarausbau in Mehrfamilienh\u00e4usern gef\u00e4hrden\n\u003C\/span\u003E\n            \u003C\/a\u003E\n\u003C\/li\u003E\n\u003Cli class=\u0022node node--type--article node--view-mode--unordered-list is-linked\u0022\u003E\n    \u003Ca href=\u0022\/energie\/batteriespeicher\/kraftwerksauktionen-speicher-nicht-benachteiligen\u0022\n       aria-label=\u0022Kraftwerksauktionen: Speicher nicht benachteiligen\u0022\n       class=\u0022teaser-link\u0022\u003E\n        \u003Cspan class=\u0022teaser-link--text\u0022\u003EKraftwerksauktionen: Speicher nicht benachteiligen\n\u003C\/span\u003E\n            \u003C\/a\u003E\n\u003C\/li\u003E\n\u003Cli class=\u0022node node--type--article node--view-mode--unordered-list is-linked\u0022\u003E\n    \u003Ca href=\u0022\/heizung\/waermepumpen\/waer-me-pum-pen-im-be-stand-datenbank-fuer-praxisbeispiele\u0022\n       aria-label=\u0022W\u00e4r\u00adme\u00adpum\u00adpen im Be\u00adstand: Datenbank f\u00fcr Praxisbeispiele\u0022\n       class=\u0022teaser-link\u0022\u003E\n        \u003Cspan class=\u0022teaser-link--text\u0022\u003EW\u00e4r\u00adme\u00adpum\u00adpen im Be\u00adstand: Datenbank f\u00fcr Praxisbeispiele\n\u003C\/span\u003E\n            \u003C\/a\u003E\n\u003C\/li\u003E\n\u003Cli class=\u0022node node--type--article node--view-mode--unordered-list is-linked\u0022\u003E\n    \u003Ca href=\u0022\/energie\/pv-module\/whitepaper-vom-balkonkraftwerk-zum-energiesystem\u0022\n       aria-label=\u0022Whitepaper: Vom Balkonkraftwerk zum Energiesystem\u0022\n       class=\u0022teaser-link\u0022\u003E\n        \u003Cspan class=\u0022teaser-link--text\u0022\u003EWhitepaper: Vom Balkonkraftwerk zum Energiesystem\n\u003C\/span\u003E\n            \u003C\/a\u003E\n\u003C\/li\u003E\n\u003Cli class=\u0022node node--type--article node--view-mode--unordered-list is-linked\u0022\u003E\n    \u003Ca href=\u0022\/energie\/batteriespeicher\/batteriespeicher-kommunales-flaechenpooling\u0022\n       aria-label=\u0022Batteriespeicher: Kommunales Fl\u00e4chenpooling\u0022\n       class=\u0022teaser-link\u0022\u003E\n        \u003Cspan class=\u0022teaser-link--text\u0022\u003EBatteriespeicher: Kommunales Fl\u00e4chenpooling\n\u003C\/span\u003E\n            \u003C\/a\u003E\n\u003C\/li\u003E\n\u003Cli class=\u0022node node--type--article node--view-mode--unordered-list is-linked\u0022\u003E\n    \u003Ca href=\u0022\/heizung\/waermeerzeugung\/heizungen-fachkonferenz-sucht-realisierbare-loesungen\u0022\n       aria-label=\u0022Heizungen: Fachkonferenz sucht realisierbare L\u00f6sungen\u0022\n       class=\u0022teaser-link\u0022\u003E\n        \u003Cspan class=\u0022teaser-link--text\u0022\u003EHeizungen: Fachkonferenz sucht realisierbare L\u00f6sungen\n\u003C\/span\u003E\n            \u003C\/a\u003E\n\u003C\/li\u003E\n\u003Cli class=\u0022node node--type--article node--view-mode--unordered-list is-linked\u0022\u003E\n    \u003Ca href=\u0022\/energie\/biomethan-als-kraftstoff-neuer-leitfaden-fuer-biogasanlagen\u0022\n       aria-label=\u0022Biomethan als Kraftstoff: Neuer Leitfaden f\u00fcr Biogasanlagen\u0022\n       class=\u0022teaser-link\u0022\u003E\n        \u003Cspan class=\u0022teaser-link--text\u0022\u003EBiomethan als Kraftstoff: Neuer Leitfaden f\u00fcr Biogasanlagen\n\u003C\/span\u003E\n            \u003C\/a\u003E\n\u003C\/li\u003E\n\u003Cli class=\u0022node node--type--article node--view-mode--unordered-list is-linked\u0022\u003E\n    \u003Ca href=\u0022\/heizung\/waermepumpen\/stiebel-eltron-sucht-deutschlands-aelteste-waermepumpe\u0022\n       aria-label=\u0022Stiebel Eltron sucht Deutschlands \u00e4lteste W\u00e4rmepumpe\u0022\n       class=\u0022teaser-link\u0022\u003E\n        \u003Cspan class=\u0022teaser-link--text\u0022\u003EStiebel Eltron sucht Deutschlands \u00e4lteste W\u00e4rmepumpe\n\u003C\/span\u003E\n            \u003C\/a\u003E\n\u003C\/li\u003E\n\u003Cli class=\u0022node node--type--article node--view-mode--unordered-list is-linked\u0022\u003E\n    \u003Ca href=\u0022\/energie\/bund-auswertung-fordert-ambitionierten-windkraftausbau\u0022\n       aria-label=\u0022BUND-Auswertung fordert ambitionierten Windkraftausbau\u0022\n       class=\u0022teaser-link\u0022\u003E\n        \u003Cspan class=\u0022teaser-link--text\u0022\u003EBUND-Auswertung fordert ambitionierten Windkraftausbau\n\u003C\/span\u003E\n            \u003C\/a\u003E\n\u003C\/li\u003E\n\u003Cli class=\u0022node node--type--article node--view-mode--unordered-list is-linked\u0022\u003E\n    \u003Ca href=\u0022\/management\/panorama\/sma-endlich-raus-der-abhaengigkeit-von-fossilen-brennstoffen\u0022\n       aria-label=\u0022SMA: \u0026quot;Endlich raus der Abh\u00e4ngigkeit von fossilen Brennstoffen\u0026quot;\u0022\n       class=\u0022teaser-link\u0022\u003E\n        \u003Cspan class=\u0022teaser-link--text\u0022\u003ESMA: \u0026quot;Endlich raus der Abh\u00e4ngigkeit von fossilen Brennstoffen\u0026quot;\n\u003C\/span\u003E\n            \u003C\/a\u003E\n\u003C\/li\u003E\n\u003Cli class=\u0022node node--type--article node--view-mode--unordered-list is-linked\u0022\u003E\n    \u003Ca href=\u0022\/heizung\/waermeerzeugung\/vdkf-zum-gmg-heizung-der-vergangenheit\u0022\n       aria-label=\u0022VDKF zum GMG: Heizung der Vergangenheit\u0022\n       class=\u0022teaser-link\u0022\u003E\n        \u003Cspan class=\u0022teaser-link--text\u0022\u003EVDKF zum GMG: Heizung der Vergangenheit\n\u003C\/span\u003E\n            \u003C\/a\u003E\n\u003C\/li\u003E\n\u003Cli class=\u0022node node--type--article node--view-mode--unordered-list is-linked\u0022\u003E\n    \u003Ca href=\u0022\/heizung\/waermeerzeugung\/gmg-frontalangriff-auf-klimaschutz\u0022\n       aria-label=\u0022GMG: \u0026quot;Frontalangriff auf Klimaschutz\u0026quot;\u0022\n       class=\u0022teaser-link\u0022\u003E\n        \u003Cspan class=\u0022teaser-link--text\u0022\u003EGMG: \u0026quot;Frontalangriff auf Klimaschutz\u0026quot;\n\u003C\/span\u003E\n            \u003C\/a\u003E\n\u003C\/li\u003E\n\u003Cli class=\u0022node node--type--article node--view-mode--unordered-list is-linked\u0022\u003E\n    \u003Ca href=\u0022\/heizung\/waermeerzeugung\/kommunale-waermeplanung-waermepumpen-stehen-im-zentrum\u0022\n       aria-label=\u0022Kommunale W\u00e4rmeplanung: W\u00e4rmepumpen stehen im Zentrum\u0022\n       class=\u0022teaser-link\u0022\u003E\n        \u003Cspan class=\u0022teaser-link--text\u0022\u003EKommunale W\u00e4rmeplanung: W\u00e4rmepumpen stehen im Zentrum\n\u003C\/span\u003E\n            \u003C\/a\u003E\n\u003C\/li\u003E\n\u003Cli class=\u0022node node--type--article node--view-mode--unordered-list is-linked\u0022\u003E\n    \u003Ca href=\u0022\/energie\/umweltminister-will-stromspar-check-ausweiten\u0022\n       aria-label=\u0022Umweltminister will Stromspar-Check ausweiten\u0022\n       class=\u0022teaser-link\u0022\u003E\n        \u003Cspan class=\u0022teaser-link--text\u0022\u003EUmweltminister will Stromspar-Check ausweiten\n\u003C\/span\u003E\n            \u003C\/a\u003E\n\u003C\/li\u003E\n\u003Cli class=\u0022node node--type--article node--view-mode--unordered-list is-linked\u0022\u003E\n    \u003Ca href=\u0022\/energie\/pv-module\/pv-anlagen-gruendliche-pruefung-und-reinigung-im-fruehling\u0022\n       aria-label=\u0022PV-Anlagen: Gr\u00fcndliche Pr\u00fcfung und Reinigung im Fr\u00fchling\u0022\n       class=\u0022teaser-link\u0022\u003E\n        \u003Cspan class=\u0022teaser-link--text\u0022\u003EPV-Anlagen: Gr\u00fcndliche Pr\u00fcfung und Reinigung im Fr\u00fchling\n\u003C\/span\u003E\n            \u003C\/a\u003E\n\u003C\/li\u003E\n\u003Cli class=\u0022node node--type--article node--view-mode--unordered-list is-linked\u0022\u003E\n    \u003Ca href=\u0022\/energie\/pv-module\/solarbranche-warnt-vor-kahlschlag-beim-solarausbau\u0022\n       aria-label=\u0022Solarbranche warnt vor Kahlschlag beim Solarausbau\u0022\n       class=\u0022teaser-link\u0022\u003E\n        \u003Cspan class=\u0022teaser-link--text\u0022\u003ESolarbranche warnt vor Kahlschlag beim Solarausbau\n\u003C\/span\u003E\n            \u003C\/a\u003E\n\u003C\/li\u003E\n\u003Cli class=\u0022node node--type--article node--view-mode--unordered-list is-linked\u0022\u003E\n    \u003Ca href=\u0022\/heizung\/waermeerzeugung\/shk-handwerk-bei-heizungswahl-nicht-auf-politik-hoeren\u0022\n       aria-label=\u0022SHK-Handwerk: Bei Heizungswahl nicht auf Politik h\u00f6ren\u0022\n       class=\u0022teaser-link\u0022\u003E\n        \u003Cspan class=\u0022teaser-link--text\u0022\u003ESHK-Handwerk: Bei Heizungswahl nicht auf Politik h\u00f6ren\n\u003C\/span\u003E\n            \u003C\/a\u003E\n\u003C\/li\u003E\n\u003Cli class=\u0022node node--type--article node--view-mode--unordered-list is-linked\u0022\u003E\n    \u003Ca href=\u0022\/heizung\/waermeerzeugung\/kalte-winterwochen-zeigen-anforderungen-heizsysteme-auf\u0022\n       aria-label=\u0022Kalte Winterwochen zeigen Anforderungen an Heizsysteme auf\u0022\n       class=\u0022teaser-link\u0022\u003E\n        \u003Cspan class=\u0022teaser-link--text\u0022\u003EKalte Winterwochen zeigen Anforderungen an Heizsysteme auf\n\u003C\/span\u003E\n            \u003C\/a\u003E\n\u003C\/li\u003E\n\u003Cli class=\u0022node node--type--article node--view-mode--unordered-list is-linked\u0022\u003E\n    \u003Ca href=\u0022\/energie\/pv-module\/wenn-rekorde-nicht-reichen-solarzellen-erfolgreich-kommerzialisieren\u0022\n       aria-label=\u0022Wenn Rekorde nicht reichen: Solarzellen erfolgreich kommerzialisieren\u0022\n       class=\u0022teaser-link\u0022\u003E\n        \u003Cspan class=\u0022teaser-link--text\u0022\u003EWenn Rekorde nicht reichen: Solarzellen erfolgreich kommerzialisieren\n\u003C\/span\u003E\n            \u003C\/a\u003E\n\u003C\/li\u003E\n\u003Cli class=\u0022node node--type--article node--view-mode--unordered-list is-linked\u0022\u003E\n    \u003Ca href=\u0022\/heizung\/waermepumpen\/grosswaermepumpen-waermenetze-unabhaengig-von-fossilen-energien\u0022\n       aria-label=\u0022Gro\u00dfw\u00e4rmepumpen: W\u00e4rmenetze unabh\u00e4ngig von fossilen Energien\u0022\n       class=\u0022teaser-link\u0022\u003E\n        \u003Cspan class=\u0022teaser-link--text\u0022\u003EGro\u00dfw\u00e4rmepumpen: W\u00e4rmenetze unabh\u00e4ngig von fossilen Energien\n\u003C\/span\u003E\n            \u003C\/a\u003E\n\u003C\/li\u003E\n\u003Cli class=\u0022node node--type--article node--view-mode--unordered-list is-linked\u0022\u003E\n    \u003Ca href=\u0022\/energie\/pv-module\/waehler-gegen-solartechnik-ausbaubremse\u0022\n       aria-label=\u0022W\u00e4hler gegen Solartechnik-Ausbaubremse\u0022\n       class=\u0022teaser-link\u0022\u003E\n        \u003Cspan class=\u0022teaser-link--text\u0022\u003EW\u00e4hler gegen Solartechnik-Ausbaubremse\n\u003C\/span\u003E\n            \u003C\/a\u003E\n\u003C\/li\u003E\n\u003Cli class=\u0022node node--type--article node--view-mode--unordered-list is-linked\u0022\u003E\n    \u003Ca href=\u0022\/energie\/pv-module\/fraunhofer-ise-tandem-pv-module-erzielen-rekordwirkungsgrade\u0022\n       aria-label=\u0022Fraunhofer ISE: Tandem-PV-Module erzielen Rekordwirkungsgrade\u0022\n       class=\u0022teaser-link\u0022\u003E\n        \u003Cspan class=\u0022teaser-link--text\u0022\u003EFraunhofer ISE: Tandem-PV-Module erzielen Rekordwirkungsgrade\n\u003C\/span\u003E\n            \u003C\/a\u003E\n\u003C\/li\u003E\n\u003Cli class=\u0022node node--type--article node--view-mode--unordered-list is-linked\u0022\u003E\n    \u003Ca href=\u0022\/energie\/plaene-zum-netzpaket-erneuerbare-blockade-statt-ausbau\u0022\n       aria-label=\u0022Pl\u00e4ne zum Netzpaket: Erneuerbare-Blockade statt Ausbau\u0022\n       class=\u0022teaser-link\u0022\u003E\n        \u003Cspan class=\u0022teaser-link--text\u0022\u003EPl\u00e4ne zum Netzpaket: Erneuerbare-Blockade statt Ausbau\n\u003C\/span\u003E\n            \u003C\/a\u003E\n\u003C\/li\u003E\n\u003Cli class=\u0022node node--type--article node--view-mode--unordered-list is-linked\u0022\u003E\n    \u003Ca href=\u0022\/heizung\/waermepumpen\/berliner-stromausfall-weniger-schaeden-waermepumpen-als-gedacht\u0022\n       aria-label=\u0022Berliner Stromausfall: Weniger Sch\u00e4den an W\u00e4rmepumpen als gedacht\u0022\n       class=\u0022teaser-link\u0022\u003E\n        \u003Cspan class=\u0022teaser-link--text\u0022\u003EBerliner Stromausfall: Weniger Sch\u00e4den an W\u00e4rmepumpen als gedacht\n\u003C\/span\u003E\n            \u003C\/a\u003E\n\u003C\/li\u003E\n","entity_type":"node","used_ids":["",23801,23782,23770,23762,23751,23743,23734,23724,23684,23661,23651,23636,23635,23634,23598,23515,23514,23513,23508,23504,23503,23486,23482,23462,23446,23431,23417,23399,23398,23374],"show_more":"\u003Cdiv class=\u0022del-show-more\u0022\u003E\u003Ca href=\u0022\/ajax\/del\/419ead81-1d1e-4a6d-b871-a7c0493201d5\/paragraph\/31\/30\/asc\/eyJub2RlIjp7ImlkIjoiNzE3NCIsInR5cGUiOiJwYWdlIn19\u0022 title=\u0022Show more items\u0022 class=\u0022del-show-more-link use-ajax\u0022 rel=\u0022nofollow\u0022 data-target-type=\u0022node\u0022 aria-controls=\u0022del--paragraph-45340--content\u0022 aria-label=\u0022Show more items\u0022\u003EMehr anzeigen\u003C\/a\u003E\u003C\/div\u003E\n"}]