[{"command":"showMoreTeasers","id":"del--paragraph-45428","content":"\u003Cli class=\u0022node node--type--article node--view-mode--unordered-list is-linked\u0022\u003E\n    \u003Ca href=\u0022\/sanitaer\/bad-design\/hsk-duschkabinenbau-designs-fuer-renodeco-wandverkleidungen\u0022\n       aria-label=\u0022HSK Duschkabinenbau: Designs f\u00fcr RenoDeco Wandverkleidungen\u0022\n       class=\u0022teaser-link\u0022\u003E\n        \u003Cspan class=\u0022teaser-link--text\u0022\u003EHSK Duschkabinenbau: Neue Designs f\u00fcr RenoDeco Wandverkleidungen\n\u003C\/span\u003E\n            \u003C\/a\u003E\n\u003C\/li\u003E\n\u003Cli class=\u0022node node--type--article node--view-mode--unordered-list is-linked\u0022\u003E\n    \u003Ca href=\u0022\/sanitaer\/bad-design\/hsk-duschkabinenbau-stilvolle-badhelfer-fuer-alle-lebenslagen\u0022\n       aria-label=\u0022HSK Duschkabinenbau: Stilvolle Badhelfer f\u00fcr alle Lebenslagen\u0022\n       class=\u0022teaser-link\u0022\u003E\n        \u003Cspan class=\u0022teaser-link--text\u0022\u003EHSK Duschkabinenbau: Stilvolle Badhelfer f\u00fcr alle Lebenslagen\n\u003C\/span\u003E\n            \u003C\/a\u003E\n\u003C\/li\u003E\n\u003Cli class=\u0022node node--type--article node--view-mode--unordered-list is-linked\u0022\u003E\n    \u003Ca href=\u0022\/sanitaer\/bad-design\/duschwelten-decomotion-rueckwaende-fuer-duschen-feinspachteloptik\u0022\n       aria-label=\u0022Duschwelten DecoMotion: R\u00fcckw\u00e4nde f\u00fcr Duschen in Feinspachteloptik\u0022\n       class=\u0022teaser-link\u0022\u003E\n        \u003Cspan class=\u0022teaser-link--text\u0022\u003EDuschwelten DecoMotion: R\u00fcckw\u00e4nde f\u00fcr Duschen in Feinspachteloptik\n\u003C\/span\u003E\n            \u003C\/a\u003E\n\u003C\/li\u003E\n\u003Cli class=\u0022node node--type--article node--view-mode--unordered-list is-linked\u0022\u003E\n    \u003Ca href=\u0022\/sanitaer\/bad-design\/platzsparende-schiebetuer-loesung-fuer-walk-duschkabinen\u0022\n       aria-label=\u0022Platzsparende Schiebet\u00fcr-L\u00f6sung f\u00fcr Walk In Duschkabinen\u0022\n       class=\u0022teaser-link\u0022\u003E\n        \u003Cspan class=\u0022teaser-link--text\u0022\u003EPlatzsparende Schiebet\u00fcr-L\u00f6sung f\u00fcr Walk In Duschkabinen\n\u003C\/span\u003E\n            \u003C\/a\u003E\n\u003C\/li\u003E\n\u003Cli class=\u0022node node--type--article node--view-mode--unordered-list is-linked\u0022\u003E\n    \u003Ca href=\u0022\/sanitaer\/installationstechnik\/dural-neue-farben-fuer-profile-ablagen-und-duschrinnen\u0022\n       aria-label=\u0022Dural: Neue Farben f\u00fcr Profile, Ablagen und Duschrinnen\u0022\n       class=\u0022teaser-link\u0022\u003E\n        \u003Cspan class=\u0022teaser-link--text\u0022\u003EDural: Neue Farben f\u00fcr Profile, Ablagen und Duschrinnen\n\u003C\/span\u003E\n            \u003C\/a\u003E\n\u003C\/li\u003E\n\u003Cli class=\u0022node node--type--article node--view-mode--unordered-list is-linked\u0022\u003E\n    \u003Ca href=\u0022\/sanitaer\/bad-design\/kein-widerspruch-barrierefreiheit-und-designanspruch\u0022\n       aria-label=\u0022Kein Widerspruch: Barrierefreiheit und Designanspruch\u0022\n       class=\u0022teaser-link\u0022\u003E\n        \u003Cspan class=\u0022teaser-link--text\u0022\u003EKein Widerspruch: Barrierefreiheit und Designanspruch\n\u003C\/span\u003E\n            \u003C\/a\u003E\n\u003C\/li\u003E\n\u003Cli class=\u0022node node--type--article node--view-mode--unordered-list is-linked\u0022\u003E\n    \u003Ca href=\u0022\/sanitaer\/bad-design\/burghotel-falkenstein-entspannung-auf-1250-metern-hoehe\u0022\n       aria-label=\u0022Burghotel Falkenstein: Entspannung auf 1.250 Metern H\u00f6he\u0022\n       class=\u0022teaser-link\u0022\u003E\n        \u003Cspan class=\u0022teaser-link--text\u0022\u003EBurghotel Falkenstein: Entspannung auf 1.250 Metern H\u00f6he\n\u003C\/span\u003E\n            \u003C\/a\u003E\n\u003C\/li\u003E\n\u003Cli class=\u0022node node--type--article node--view-mode--unordered-list is-linked\u0022\u003E\n    \u003Ca href=\u0022\/sanitaer\/bad-design\/duravit-passende-armaturen-und-keramiken-fuer-jedes-bad\u0022\n       aria-label=\u0022Duravit: Passende Armaturen und Keramiken f\u00fcr jedes Bad\u0022\n       class=\u0022teaser-link\u0022\u003E\n        \u003Cspan class=\u0022teaser-link--text\u0022\u003EDuravit: Passende Armaturen und Keramiken f\u00fcr jedes Bad\n\u003C\/span\u003E\n            \u003C\/a\u003E\n\u003C\/li\u003E\n\u003Cli class=\u0022node node--type--article node--view-mode--unordered-list is-linked\u0022\u003E\n    \u003Ca href=\u0022\/sanitaer\/bad-design\/hsk-duschkabinenbau-serie-exklusiv-20\u0022\n       aria-label=\u0022HSK Duschkabinenbau: Serie Exklusiv 2.0\u0022\n       class=\u0022teaser-link\u0022\u003E\n        \u003Cspan class=\u0022teaser-link--text\u0022\u003EHSK Duschkabinenbau: Serie Exklusiv 2.0\n\u003C\/span\u003E\n            \u003C\/a\u003E\n\u003C\/li\u003E\n\u003Cli class=\u0022node node--type--article node--view-mode--unordered-list is-linked\u0022\u003E\n    \u003Ca href=\u0022\/sanitaer\/bad-design\/luxstainability-fuer-silent-yachts-mit-miena-waschtischen-von-kaldewei\u0022\n       aria-label=\u0022Luxstainability f\u00fcr Silent-Yachts mit Miena-Waschtischen von Kaldewei\u0022\n       class=\u0022teaser-link\u0022\u003E\n        \u003Cspan class=\u0022teaser-link--text\u0022\u003ELuxstainability f\u00fcr Silent-Yachts mit Miena-Waschtischen von Kaldewei\n\u003C\/span\u003E\n            \u003C\/a\u003E\n\u003C\/li\u003E\n\u003Cli class=\u0022node node--type--article node--view-mode--unordered-list is-linked\u0022\u003E\n    \u003Ca href=\u0022\/sanitaer\/bad-design\/burgbad-sideboard-als-stauraum-und-deko-buehne-im-bad-einsetzen\u0022\n       aria-label=\u0022Burgbad: Sideboard als Stauraum und Deko-B\u00fchne im Bad einsetzen\u0022\n       class=\u0022teaser-link\u0022\u003E\n        \u003Cspan class=\u0022teaser-link--text\u0022\u003EBurgbad: Sideboard als Stauraum und Deko-B\u00fchne im Bad einsetzen\n\u003C\/span\u003E\n            \u003C\/a\u003E\n\u003C\/li\u003E\n\u003Cli class=\u0022node node--type--article node--view-mode--unordered-list is-linked\u0022\u003E\n    \u003Ca href=\u0022\/sanitaer\/bad-design\/nobili-velis-minimalistische-armaturen-aus-italien\u0022\n       aria-label=\u0022Nobili Velis: Minimalistische Armaturen aus Italien\u0022\n       class=\u0022teaser-link\u0022\u003E\n        \u003Cspan class=\u0022teaser-link--text\u0022\u003ENobili Velis: Minimalistische Armaturen aus Italien\n\u003C\/span\u003E\n            \u003C\/a\u003E\n\u003C\/li\u003E\n\u003Cli class=\u0022node node--type--article node--view-mode--unordered-list is-linked\u0022\u003E\n    \u003Ca href=\u0022\/sanitaer\/bad-design\/duravit-familienbad-mit-kleinem-grundriss-sanieren\u0022\n       aria-label=\u0022Duravit: Familienbad mit kleinem Grundriss sanieren\u0022\n       class=\u0022teaser-link\u0022\u003E\n        \u003Cspan class=\u0022teaser-link--text\u0022\u003EDuravit: Familienbad mit kleinem Grundriss sanieren\n\u003C\/span\u003E\n            \u003C\/a\u003E\n\u003C\/li\u003E\n\u003Cli class=\u0022node node--type--article node--view-mode--unordered-list is-linked\u0022\u003E\n    \u003Ca href=\u0022\/sanitaer\/bad-design\/geberit-bemusterungstool-fuer-installateure-und-partner\u0022\n       aria-label=\u0022Geberit: Bemusterungstool f\u00fcr Installateure und Partner\u0022\n       class=\u0022teaser-link\u0022\u003E\n        \u003Cspan class=\u0022teaser-link--text\u0022\u003EGeberit: Bemusterungstool f\u00fcr Installateure und Partner\n\u003C\/span\u003E\n            \u003C\/a\u003E\n\u003C\/li\u003E\n\u003Cli class=\u0022node node--type--article node--view-mode--unordered-list is-linked\u0022\u003E\n    \u003Ca href=\u0022\/sanitaer\/bad-design\/alferpro-das-bad-effektiv-abdichten-und-elegant-gestalten\u0022\n       aria-label=\u0022Alferpro: Das Bad effektiv abdichten und elegant gestalten\u0022\n       class=\u0022teaser-link\u0022\u003E\n        \u003Cspan class=\u0022teaser-link--text\u0022\u003EAlferpro: Das Bad effektiv abdichten und elegant gestalten\n\u003C\/span\u003E\n            \u003C\/a\u003E\n\u003C\/li\u003E\n\u003Cli class=\u0022node node--type--article node--view-mode--unordered-list is-linked\u0022\u003E\n    \u003Ca href=\u0022\/sanitaer\/bad-design\/hotel-seegarten-kaldewei-nueva-waschtische-von-werner-aisslinger\u0022\n       aria-label=\u0022Hotel Seegarten: Kaldewei-Nueva-Waschtische von Werner Aisslinger\u00a0\u0022\n       class=\u0022teaser-link\u0022\u003E\n        \u003Cspan class=\u0022teaser-link--text\u0022\u003EHotel Seegarten: Kaldewei-Nueva-Waschtische von Werner Aisslinger\u00a0\n\u003C\/span\u003E\n            \u003C\/a\u003E\n\u003C\/li\u003E\n\u003Cli class=\u0022node node--type--article node--view-mode--unordered-list is-linked\u0022\u003E\n    \u003Ca href=\u0022\/sanitaer\/bad-design\/ceratherm-navigo-duschthermostat-von-ideal-standard\u0022\n       aria-label=\u0022Ceratherm Navigo: Duschthermostat von Ideal Standard\u0022\n       class=\u0022teaser-link\u0022\u003E\n        \u003Cspan class=\u0022teaser-link--text\u0022\u003ECeratherm Navigo: Duschthermostat von Ideal Standard\n\u003C\/span\u003E\n            \u003C\/a\u003E\n\u003C\/li\u003E\n\u003Cli class=\u0022node node--type--article node--view-mode--unordered-list is-linked\u0022\u003E\n    \u003Ca href=\u0022\/sanitaer\/bad-design\/villeroy-boch-newo-guenstige-bad-serie-mit-design-anspruch\u0022\n       aria-label=\u0022Villeroy \u0026amp; Boch Newo: G\u00fcnstige Bad-Serie mit Design-Anspruch\u0022\n       class=\u0022teaser-link\u0022\u003E\n        \u003Cspan class=\u0022teaser-link--text\u0022\u003EVilleroy \u0026amp; Boch Newo: G\u00fcnstige Bad-Serie mit Design-Anspruch\n\u003C\/span\u003E\n            \u003C\/a\u003E\n\u003C\/li\u003E\n\u003Cli class=\u0022node node--type--article node--view-mode--unordered-list is-linked\u0022\u003E\n    \u003Ca href=\u0022\/sanitaer\/bad-design\/badrenovierung-raumkonzept-mit-viel-natur\u0022\n       aria-label=\u0022Badrenovierung: Raumkonzept mit viel Natur\u0022\n       class=\u0022teaser-link\u0022\u003E\n        \u003Cspan class=\u0022teaser-link--text\u0022\u003EBadrenovierung: Raumkonzept mit viel Natur\n\u003C\/span\u003E\n            \u003C\/a\u003E\n\u003C\/li\u003E\n\u003Cli class=\u0022node node--type--article node--view-mode--unordered-list is-linked\u0022\u003E\n    \u003Ca href=\u0022\/sanitaer\/bad-design\/ideal-standard-praesentiert-kollektionen-calla-und-joy-neo\u0022\n       aria-label=\u0022Ideal Standard pr\u00e4sentiert Kollektionen Calla und Joy Neo\u0022\n       class=\u0022teaser-link\u0022\u003E\n        \u003Cspan class=\u0022teaser-link--text\u0022\u003EIdeal Standard pr\u00e4sentiert Kollektionen Calla und Joy Neo\n\u003C\/span\u003E\n            \u003C\/a\u003E\n\u003C\/li\u003E\n\u003Cli class=\u0022node node--type--article node--view-mode--unordered-list is-linked\u0022\u003E\n    \u003Ca href=\u0022\/sanitaer\/bad-design\/lua-schlichtes-baddesign-von-laufen\u0022\n       aria-label=\u0022Lua: Schlichtes Baddesign von Laufen\u0022\n       class=\u0022teaser-link\u0022\u003E\n        \u003Cspan class=\u0022teaser-link--text\u0022\u003ELua: Schlichtes Baddesign von Laufen\n\u003C\/span\u003E\n            \u003C\/a\u003E\n\u003C\/li\u003E\n\u003Cli class=\u0022node node--type--article node--view-mode--unordered-list is-linked\u0022\u003E\n    \u003Ca href=\u0022\/sanitaer\/bad-design\/alu-spiegelschraenke-von-hsk-duschkabinenbau\u0022\n       aria-label=\u0022Alu-Spiegelschr\u00e4nke von HSK Duschkabinenbau\u0022\n       class=\u0022teaser-link\u0022\u003E\n        \u003Cspan class=\u0022teaser-link--text\u0022\u003EAlu-Spiegelschr\u00e4nke von HSK Duschkabinenbau\n\u003C\/span\u003E\n            \u003C\/a\u003E\n\u003C\/li\u003E\n\u003Cli class=\u0022node node--type--article node--view-mode--unordered-list is-linked\u0022\u003E\n    \u003Ca href=\u0022\/sanitaer\/bad-design\/villeroy-loop-friends-badausstattung-neuem-look\u0022\n       aria-label=\u0022Villeroy Loop \u0026amp; Friends: Badausstattung in neuem Look\u0022\n       class=\u0022teaser-link\u0022\u003E\n        \u003Cspan class=\u0022teaser-link--text\u0022\u003EVilleroy Loop \u0026amp; Friends: Badausstattung in neuem Look\n\u003C\/span\u003E\n            \u003C\/a\u003E\n\u003C\/li\u003E\n\u003Cli class=\u0022node node--type--article node--view-mode--unordered-list is-linked\u0022\u003E\n    \u003Ca href=\u0022\/sanitaer\/bad-design\/schlueter-badgestaltung-aus-einer-hand-mattem-schwarz\u0022\n       aria-label=\u0022Schl\u00fcter: Badgestaltung aus einer Hand in mattem Schwarz\u00a0\u0022\n       class=\u0022teaser-link\u0022\u003E\n        \u003Cspan class=\u0022teaser-link--text\u0022\u003ESchl\u00fcter: Badgestaltung aus einer Hand in mattem Schwarz\u00a0\n\u003C\/span\u003E\n            \u003C\/a\u003E\n\u003C\/li\u003E\n\u003Cli class=\u0022node node--type--article node--view-mode--unordered-list is-linked\u0022\u003E\n    \u003Ca href=\u0022\/sanitaer\/bad-design\/aquaxpro-armaturenserie-von-hsk\u0022\n       aria-label=\u0022AquaXPro: Armaturenserie von HSK\u0022\n       class=\u0022teaser-link\u0022\u003E\n        \u003Cspan class=\u0022teaser-link--text\u0022\u003EAquaXPro: Armaturenserie von HSK\n\u003C\/span\u003E\n            \u003C\/a\u003E\n\u003C\/li\u003E\n\u003Cli class=\u0022node node--type--article node--view-mode--unordered-list is-linked\u0022\u003E\n    \u003Ca href=\u0022\/sanitaer\/bad-design\/duravit-komplettbadserie-d-neo-klaren-und-geometrischen-formen\u0022\n       aria-label=\u0022Duravit: Komplettbadserie D-Neo in klaren und geometrischen Formen\u0022\n       class=\u0022teaser-link\u0022\u003E\n        \u003Cspan class=\u0022teaser-link--text\u0022\u003EDuravit: Komplettbadserie D-Neo in klaren und geometrischen Formen\n\u003C\/span\u003E\n            \u003C\/a\u003E\n\u003C\/li\u003E\n\u003Cli class=\u0022node node--type--article node--view-mode--unordered-list is-linked\u0022\u003E\n    \u003Ca href=\u0022\/sanitaer\/bad-design\/victoria-residence-natur-trifft-moderne\u0022\n       aria-label=\u0022Victoria Residence: Natur trifft Moderne\u0022\n       class=\u0022teaser-link\u0022\u003E\n        \u003Cspan class=\u0022teaser-link--text\u0022\u003EVictoria Residence: Natur trifft Moderne\n\u003C\/span\u003E\n            \u003C\/a\u003E\n\u003C\/li\u003E\n\u003Cli class=\u0022node node--type--article node--view-mode--unordered-list is-linked\u0022\u003E\n    \u003Ca href=\u0022\/sanitaer\/bad-design\/glassdouche-ein-bad-fuenf-optionen\u0022\n       aria-label=\u0022Glassdouche: Ein Bad, f\u00fcnf Optionen\u0022\n       class=\u0022teaser-link\u0022\u003E\n        \u003Cspan class=\u0022teaser-link--text\u0022\u003EGlassdouche: Ein Bad, f\u00fcnf Optionen\n\u003C\/span\u003E\n            \u003C\/a\u003E\n\u003C\/li\u003E\n\u003Cli class=\u0022node node--type--article node--view-mode--unordered-list is-linked\u0022\u003E\n    \u003Ca href=\u0022\/sanitaer\/bad-design\/ceramiche-piemme-feinsteinzeug-mit-marmoreffekt\u0022\n       aria-label=\u0022Ceramiche Piemme: Feinsteinzeug mit Marmoreffekt\u0022\n       class=\u0022teaser-link\u0022\u003E\n        \u003Cspan class=\u0022teaser-link--text\u0022\u003ECeramiche Piemme: Feinsteinzeug mit Marmoreffekt\n\u003C\/span\u003E\n            \u003C\/a\u003E\n\u003C\/li\u003E\n\u003Cli class=\u0022node node--type--article node--view-mode--unordered-list is-linked\u0022\u003E\n    \u003Ca href=\u0022\/sanitaer\/bad-design\/conti-consmart-duschpaneele\u0022\n       aria-label=\u0022Conti+: Consmart Duschpaneele\u0022\n       class=\u0022teaser-link\u0022\u003E\n        \u003Cspan class=\u0022teaser-link--text\u0022\u003EConti+: Consmart Duschpaneele\n\u003C\/span\u003E\n            \u003C\/a\u003E\n\u003C\/li\u003E\n","entity_type":"node","used_ids":["",18410,17880,16916,16846,16776,16755,15428,15379,15373,15369,15270,14992,14971,14772,14738,14732,14600,14586,14500,14375,14336,13939,13784,13643,13486,13245,13024,12079,11875,11792],"show_more":""}]