[{"command":"settings","settings":{"pluralDelimiter":"\u0003","suppressDeprecationErrors":true,"ajaxPageState":{"libraries":"eJw1jEEKwCAMwD4k-CRRV7dCXaV1iL5-E7pLSC5JFNf0adMl80dMM0VVQu3WjWkWJPpTuKKClcRiNiA1d8w7VswB7o59hn3xevEIlQXcCeFbQ1e_mOsLmCI0Qg","theme":"ivory","theme_token":null},"ajaxTrustedUrl":[],"blazy":{"loadInvisible":true,"offset":300,"saveViewportOffsetDelay":35,"validateDelay":null,"container":"","loader":false,"unblazy":false,"visibleClass":false,"compat":true},"blazyIo":{"disconnect":false,"rootMargin":"0px","threshold":[0,0.25,0.5,0.75,1]},"user":{"uid":0,"permissionsHash":"45145ff10299dd0624d6ca546e77b041201ed93c76c2a8c9916dd4f05d66e569","roles":["anonymous"],"custom_permissions":["none"]}},"merge":true},{"command":"add_css","data":[{"rel":"stylesheet","media":"all","href":"\/sites\/default\/files\/css\/css_xBOsDfrgRaZMS-6z04uQQB6D_zOlH671Ti7cVycqFL0.css?delta=0\u0026language=de\u0026theme=ivory\u0026include=eJxLykmsqtRPyikt0knOL0rVTykqLUjM0UvMSqwAAJIECmU"},{"rel":"stylesheet","media":"all","href":"\/sites\/default\/files\/css\/css_b1LJgX55_PliihHpD7ahvFnlUq8xUspelw3mtrlm3xw.css?delta=1\u0026language=de\u0026theme=ivory\u0026include=eJxLykmsqtRPyikt0knOL0rVTykqLUjM0UvMSqwAAJIECmU"}]},{"command":"add_js","selector":"body","data":[{"src":"\/sites\/default\/files\/js\/js_WLtdHHsxg4z_-bAgslnXUg_h4KYGRudwBQho2EngXWY.js?scope=footer\u0026delta=0\u0026language=de\u0026theme=ivory\u0026include=eJw1zEEKwCAMRNELCR5JEqs0EI0kFrGnL0K6Gd7fDDK8O-LZgO5HnZnBjMmm9xDelZj_VGlkxUuhulbBEa7doVFOpU-aO52XaLes1ETLB7MpLmQ"},{"src":"\/core\/assets\/vendor\/jquery\/jquery.min.js?v=4.0.0"},{"src":"\/sites\/default\/files\/js\/js_yiLghLxIYLP_OGbxqdw5QcbI3ZJhsM69_L_VNru0nbc.js?scope=footer\u0026delta=2\u0026language=de\u0026theme=ivory\u0026include=eJw1zEEKwCAMRNELCR5JEqs0EI0kFrGnL0K6Gd7fDDK8O-LZgO5HnZnBjMmm9xDelZj_VGlkxUuhulbBEa7doVFOpU-aO52XaLes1ETLB7MpLmQ"}]},{"command":"showMoreTeasers","id":"del--paragraph-44816","content":"\u003Cdiv  class=\u0022node node--type--article node--view-mode--teaser\u0022\u003E\n  \u003Ca href=\u0022\/heizung\/waermeerzeugung\/gmg-stadtwerke-und-energieversorger-war-nen-vor-fossi-lem-lock\u0022\n     aria-label=\u0022GMG: Stadtwerke und Energieversorger war\u00adnen vor fossi\u00adlem Lock-in\u0022\u003E\n      \u003Cfigure class=\u0022article--teaser-image\u0022\u003E\n              \u003Cdiv data-b-token=\u0022b-8f11ee19fc0\u0022 class=\u0022media media--blazy media--bundle--image media--image media--responsive\u0022\u003E  \u003Cpicture\u003E\n                  \u003Csource srcset=\u0022\/sites\/default\/files\/styles\/teaser_image_phone\/public\/2026-02\/chatgpt-image-25-feb-2026-01_42_32.png.webp?h=197483aa\u0026amp;itok=w-j9ilYD 1x\u0022 media=\u0022all and (max-width: 480px)\u0022 type=\u0022image\/webp\u0022 width=\u0022460\u0022 height=\u0022260\u0022\/\u003E\n              \u003Csource srcset=\u0022\/sites\/default\/files\/styles\/teaser_image_inline\/public\/2026-02\/chatgpt-image-25-feb-2026-01_42_32.png.webp?h=197483aa\u0026amp;itok=tWe6ECoW 1x\u0022 media=\u0022all and (min-width: 481px) and (max-width: 767px)\u0022 type=\u0022image\/webp\u0022 width=\u0022200\u0022 height=\u0022150\u0022\/\u003E\n              \u003Csource srcset=\u0022\/sites\/default\/files\/styles\/teaser_image_inline\/public\/2026-02\/chatgpt-image-25-feb-2026-01_42_32.png.webp?h=197483aa\u0026amp;itok=tWe6ECoW 1x\u0022 media=\u0022all and (min-width: 768px) and (max-width: 1023px)\u0022 type=\u0022image\/webp\u0022 width=\u0022200\u0022 height=\u0022150\u0022\/\u003E\n              \u003Csource srcset=\u0022\/sites\/default\/files\/styles\/teaser_image_inline\/public\/2026-02\/chatgpt-image-25-feb-2026-01_42_32.png.webp?h=197483aa\u0026amp;itok=tWe6ECoW 1x\u0022 media=\u0022all and (min-width: 1024px) and (max-width: 1599px)\u0022 type=\u0022image\/webp\u0022 width=\u0022200\u0022 height=\u0022150\u0022\/\u003E\n              \u003Csource srcset=\u0022\/sites\/default\/files\/styles\/teaser_image_inline_xxl\/public\/2026-02\/chatgpt-image-25-feb-2026-01_42_32.png.webp?h=197483aa\u0026amp;itok=ryKNU2WO 1x\u0022 media=\u0022all and (min-width: 1600px)\u0022 type=\u0022image\/webp\u0022 width=\u0022240\u0022 height=\u0022180\u0022\/\u003E\n              \u003Csource srcset=\u0022\/sites\/default\/files\/styles\/teaser_image_phone\/public\/2026-02\/chatgpt-image-25-feb-2026-01_42_32.png?h=197483aa\u0026amp;itok=w-j9ilYD 1x\u0022 media=\u0022all and (max-width: 480px)\u0022 type=\u0022image\/png\u0022 width=\u0022460\u0022 height=\u0022260\u0022\/\u003E\n              \u003Csource srcset=\u0022\/sites\/default\/files\/styles\/teaser_image_inline\/public\/2026-02\/chatgpt-image-25-feb-2026-01_42_32.png?h=197483aa\u0026amp;itok=tWe6ECoW 1x\u0022 media=\u0022all and (min-width: 481px) and (max-width: 767px)\u0022 type=\u0022image\/png\u0022 width=\u0022200\u0022 height=\u0022150\u0022\/\u003E\n              \u003Csource srcset=\u0022\/sites\/default\/files\/styles\/teaser_image_inline\/public\/2026-02\/chatgpt-image-25-feb-2026-01_42_32.png?h=197483aa\u0026amp;itok=tWe6ECoW 1x\u0022 media=\u0022all and (min-width: 768px) and (max-width: 1023px)\u0022 type=\u0022image\/png\u0022 width=\u0022200\u0022 height=\u0022150\u0022\/\u003E\n              \u003Csource srcset=\u0022\/sites\/default\/files\/styles\/teaser_image_inline\/public\/2026-02\/chatgpt-image-25-feb-2026-01_42_32.png?h=197483aa\u0026amp;itok=tWe6ECoW 1x\u0022 media=\u0022all and (min-width: 1024px) and (max-width: 1599px)\u0022 type=\u0022image\/png\u0022 width=\u0022200\u0022 height=\u0022150\u0022\/\u003E\n              \u003Csource srcset=\u0022\/sites\/default\/files\/styles\/teaser_image_inline_xxl\/public\/2026-02\/chatgpt-image-25-feb-2026-01_42_32.png?h=197483aa\u0026amp;itok=ryKNU2WO 1x\u0022 media=\u0022all and (min-width: 1600px)\u0022 type=\u0022image\/png\u0022 width=\u0022240\u0022 height=\u0022180\u0022\/\u003E\n                  \n\u003Cimg decoding=\u0022async\u0022 class=\u0022media__element\u0022 width=\u0022200\u0022 height=\u0022150\u0022 data-zoomed=\u0022https:\/\/www.haustec.de\/sites\/default\/files\/styles\/content__zoomed\/public\/2026-02\/chatgpt-image-25-feb-2026-01_42_32.png?itok=rok35Psl\u0022 src=\u0022\/sites\/default\/files\/styles\/teaser_image_inline\/public\/2026-02\/chatgpt-image-25-feb-2026-01_42_32.png?h=197483aa\u0026amp;itok=tWe6ECoW\u0022 alt=\u0022Systemwechsel im Heizungsrecht: GMG ersetzt 65%-EE-Pflicht durch Bio-Treppe\u0022 title=\u0022Systemwechsel im Heizungsrecht: GMG ersetzt 65%-EE-Pflicht durch Bio-Treppe\u0022 \/\u003E\n\n\n  \u003C\/picture\u003E\n        \u003C\/div\u003E\n  \n                  \u003C\/figure\u003E\n\n    \u003Carticle class=\u0022article--teaser-content\u0022\u003E\n      \u003Ch3 class=\u0022headline\u0022\u003E\n    GMG: Stadtwerke und Energieversorger war\u00adnen vor fossi\u00adlem Lock-in\n  \u003C\/h3\u003E\n  \u003Cdiv class=\u0022article--teaser-body\u0022\u003E\n    \u003Cp\u003EDie geplante Abschaffung der 65-Prozent-Regel durch das GMG st\u00f6\u00dft auf Kritik von Stadtwerken und Energieversorgern. Deutschland verliere Jahre in der W\u00e4rmewende. Stattdessen sollten die Erneuerbaren-Anteile f\u00fcr W\u00e4rmenetze beibehalten werden.\u003C\/p\u003E\n  \u003C\/div\u003E\n\n    \u003C\/article\u003E\n  \u003C\/a\u003E\n  \u003Cspan class=\u0022article--bookmark\u0022\u003E\u003Cdrupal-render-placeholder callback=\u0022flag.link_builder:build\u0022 arguments=\u00220=node\u0026amp;1=23718\u0026amp;2=bookmark\u0026amp;3=teaser\u0022 token=\u0022jjbM6B6iZ4MW5TBS5qrLtjYLf-AOg43Qff4b1e3CNn4\u0022\u003E\u003C\/drupal-render-placeholder\u003E\u003C\/span\u003E\n\u003C\/div\u003E\n\n\u003Cdiv  class=\u0022node node--type--article node--view-mode--teaser\u0022\u003E\n  \u003Ca href=\u0022\/heizung\/waermeerzeugung\/brennholzvorraete-bereits-im-fruehjahr-auffuellen\u0022\n     aria-label=\u0022Brennholzvorr\u00e4te bereits im Fr\u00fchjahr auff\u00fcllen\u0022\u003E\n      \u003Cfigure class=\u0022article--teaser-image\u0022\u003E\n              \u003Cdiv data-b-token=\u0022b-9275c119492\u0022 class=\u0022media media--blazy media--bundle--image media--image media--responsive\u0022\u003E  \u003Cpicture\u003E\n                  \u003Csource srcset=\u0022\/sites\/default\/files\/styles\/teaser_image_phone\/public\/2022-04\/hki-brennholz-weiterhin-guenstiger-als-gas-oder-heizoel.jpg.webp?h=2dcff2eb\u0026amp;itok=VDm6QSt3 1x\u0022 media=\u0022all and (max-width: 480px)\u0022 type=\u0022image\/webp\u0022 width=\u0022460\u0022 height=\u0022260\u0022\/\u003E\n              \u003Csource srcset=\u0022\/sites\/default\/files\/styles\/teaser_image_inline\/public\/2022-04\/hki-brennholz-weiterhin-guenstiger-als-gas-oder-heizoel.jpg.webp?h=2dcff2eb\u0026amp;itok=ESgjSHU5 1x\u0022 media=\u0022all and (min-width: 481px) and (max-width: 767px)\u0022 type=\u0022image\/webp\u0022 width=\u0022200\u0022 height=\u0022150\u0022\/\u003E\n              \u003Csource srcset=\u0022\/sites\/default\/files\/styles\/teaser_image_inline\/public\/2022-04\/hki-brennholz-weiterhin-guenstiger-als-gas-oder-heizoel.jpg.webp?h=2dcff2eb\u0026amp;itok=ESgjSHU5 1x\u0022 media=\u0022all and (min-width: 768px) and (max-width: 1023px)\u0022 type=\u0022image\/webp\u0022 width=\u0022200\u0022 height=\u0022150\u0022\/\u003E\n              \u003Csource srcset=\u0022\/sites\/default\/files\/styles\/teaser_image_inline\/public\/2022-04\/hki-brennholz-weiterhin-guenstiger-als-gas-oder-heizoel.jpg.webp?h=2dcff2eb\u0026amp;itok=ESgjSHU5 1x\u0022 media=\u0022all and (min-width: 1024px) and (max-width: 1599px)\u0022 type=\u0022image\/webp\u0022 width=\u0022200\u0022 height=\u0022150\u0022\/\u003E\n              \u003Csource srcset=\u0022\/sites\/default\/files\/styles\/teaser_image_inline_xxl\/public\/2022-04\/hki-brennholz-weiterhin-guenstiger-als-gas-oder-heizoel.jpg.webp?h=2dcff2eb\u0026amp;itok=jhxK9Pdw 1x\u0022 media=\u0022all and (min-width: 1600px)\u0022 type=\u0022image\/webp\u0022 width=\u0022240\u0022 height=\u0022180\u0022\/\u003E\n              \u003Csource srcset=\u0022\/sites\/default\/files\/styles\/teaser_image_phone\/public\/2022-04\/hki-brennholz-weiterhin-guenstiger-als-gas-oder-heizoel.jpg?h=2dcff2eb\u0026amp;itok=VDm6QSt3 1x\u0022 media=\u0022all and (max-width: 480px)\u0022 type=\u0022image\/jpeg\u0022 width=\u0022460\u0022 height=\u0022260\u0022\/\u003E\n              \u003Csource srcset=\u0022\/sites\/default\/files\/styles\/teaser_image_inline\/public\/2022-04\/hki-brennholz-weiterhin-guenstiger-als-gas-oder-heizoel.jpg?h=2dcff2eb\u0026amp;itok=ESgjSHU5 1x\u0022 media=\u0022all and (min-width: 481px) and (max-width: 767px)\u0022 type=\u0022image\/jpeg\u0022 width=\u0022200\u0022 height=\u0022150\u0022\/\u003E\n              \u003Csource srcset=\u0022\/sites\/default\/files\/styles\/teaser_image_inline\/public\/2022-04\/hki-brennholz-weiterhin-guenstiger-als-gas-oder-heizoel.jpg?h=2dcff2eb\u0026amp;itok=ESgjSHU5 1x\u0022 media=\u0022all and (min-width: 768px) and (max-width: 1023px)\u0022 type=\u0022image\/jpeg\u0022 width=\u0022200\u0022 height=\u0022150\u0022\/\u003E\n              \u003Csource srcset=\u0022\/sites\/default\/files\/styles\/teaser_image_inline\/public\/2022-04\/hki-brennholz-weiterhin-guenstiger-als-gas-oder-heizoel.jpg?h=2dcff2eb\u0026amp;itok=ESgjSHU5 1x\u0022 media=\u0022all and (min-width: 1024px) and (max-width: 1599px)\u0022 type=\u0022image\/jpeg\u0022 width=\u0022200\u0022 height=\u0022150\u0022\/\u003E\n              \u003Csource srcset=\u0022\/sites\/default\/files\/styles\/teaser_image_inline_xxl\/public\/2022-04\/hki-brennholz-weiterhin-guenstiger-als-gas-oder-heizoel.jpg?h=2dcff2eb\u0026amp;itok=jhxK9Pdw 1x\u0022 media=\u0022all and (min-width: 1600px)\u0022 type=\u0022image\/jpeg\u0022 width=\u0022240\u0022 height=\u0022180\u0022\/\u003E\n                  \n\u003Cimg decoding=\u0022async\u0022 class=\u0022media__element\u0022 width=\u0022200\u0022 height=\u0022150\u0022 data-zoomed=\u0022https:\/\/www.haustec.de\/sites\/default\/files\/styles\/content__zoomed\/public\/2022-04\/hki-brennholz-weiterhin-guenstiger-als-gas-oder-heizoel.jpg?itok=asx15RDX\u0022 src=\u0022\/sites\/default\/files\/styles\/teaser_image_inline\/public\/2022-04\/hki-brennholz-weiterhin-guenstiger-als-gas-oder-heizoel.jpg?h=2dcff2eb\u0026amp;itok=ESgjSHU5\u0022 alt=\u0022Ob vom F\u00f6rster oder Baumarkt \u2013 Brennholz ist weiterhin erheblich g\u00fcnstiger als Gas und Heiz\u00f6l\u0022 \/\u003E\n\n\n  \u003C\/picture\u003E\n        \u003C\/div\u003E\n  \n                  \u003C\/figure\u003E\n\n    \u003Carticle class=\u0022article--teaser-content\u0022\u003E\n      \u003Ch3 class=\u0022headline\u0022\u003E\n    Brennholzvorr\u00e4te bereits im Fr\u00fchjahr auff\u00fcllen\n  \u003C\/h3\u003E\n  \u003Cdiv class=\u0022article--teaser-body\u0022\u003E\n    \u003Cp\u003EDer lange und strenge Winter hat die privaten Holzlager schrumpfen lassen. Damit die Vorr\u00e4te vor der n\u00e4chsten Heizsaison aufgef\u00fcllt sind, empfiehlt der HKI bereits direkt nach der Heizsaison, neues Brennholz einzulagern.\u003C\/p\u003E\n  \u003C\/div\u003E\n\n    \u003C\/article\u003E\n  \u003C\/a\u003E\n  \u003Cspan class=\u0022article--bookmark\u0022\u003E\u003Cdrupal-render-placeholder callback=\u0022flag.link_builder:build\u0022 arguments=\u00220=node\u0026amp;1=23653\u0026amp;2=bookmark\u0026amp;3=teaser\u0022 token=\u0022P4XIX53ggWSyUIFTOISuriD0u1QUn06UlVG2EyokNm8\u0022\u003E\u003C\/drupal-render-placeholder\u003E\u003C\/span\u003E\n\u003C\/div\u003E\n\n\u003Cdiv  class=\u0022node node--type--article node--view-mode--teaser\u0022\u003E\n  \u003Ca href=\u0022\/heizung\/waermeerzeugung\/heizungsindustrie-schwacher-modernisierungsmarkt-bremst-co2-einsparung\u0022\n     aria-label=\u0022Heizungsindustrie: Schwacher Modernisierungsmarkt bremst CO\u2082-Einsparung\u0022\u003E\n      \u003Cfigure class=\u0022article--teaser-image\u0022\u003E\n              \u003Cdiv data-b-token=\u0022b-46eb9655f7b\u0022 class=\u0022media media--blazy media--bundle--image media--image media--responsive\u0022\u003E  \u003Cpicture\u003E\n                  \u003Csource srcset=\u0022\/sites\/default\/files\/styles\/teaser_image_phone\/public\/2024-09\/adobestock_580827081.jpeg.webp?h=b39c5fef\u0026amp;itok=c5EJ-T0z 1x\u0022 media=\u0022all and (max-width: 480px)\u0022 type=\u0022image\/webp\u0022 width=\u0022460\u0022 height=\u0022260\u0022\/\u003E\n              \u003Csource srcset=\u0022\/sites\/default\/files\/styles\/teaser_image_inline\/public\/2024-09\/adobestock_580827081.jpeg.webp?h=b39c5fef\u0026amp;itok=vjuW47FH 1x\u0022 media=\u0022all and (min-width: 481px) and (max-width: 767px)\u0022 type=\u0022image\/webp\u0022 width=\u0022200\u0022 height=\u0022150\u0022\/\u003E\n              \u003Csource srcset=\u0022\/sites\/default\/files\/styles\/teaser_image_inline\/public\/2024-09\/adobestock_580827081.jpeg.webp?h=b39c5fef\u0026amp;itok=vjuW47FH 1x\u0022 media=\u0022all and (min-width: 768px) and (max-width: 1023px)\u0022 type=\u0022image\/webp\u0022 width=\u0022200\u0022 height=\u0022150\u0022\/\u003E\n              \u003Csource srcset=\u0022\/sites\/default\/files\/styles\/teaser_image_inline\/public\/2024-09\/adobestock_580827081.jpeg.webp?h=b39c5fef\u0026amp;itok=vjuW47FH 1x\u0022 media=\u0022all and (min-width: 1024px) and (max-width: 1599px)\u0022 type=\u0022image\/webp\u0022 width=\u0022200\u0022 height=\u0022150\u0022\/\u003E\n              \u003Csource srcset=\u0022\/sites\/default\/files\/styles\/teaser_image_inline_xxl\/public\/2024-09\/adobestock_580827081.jpeg.webp?h=b39c5fef\u0026amp;itok=25EJmil2 1x\u0022 media=\u0022all and (min-width: 1600px)\u0022 type=\u0022image\/webp\u0022 width=\u0022240\u0022 height=\u0022180\u0022\/\u003E\n              \u003Csource srcset=\u0022\/sites\/default\/files\/styles\/teaser_image_phone\/public\/2024-09\/adobestock_580827081.jpeg?h=b39c5fef\u0026amp;itok=c5EJ-T0z 1x\u0022 media=\u0022all and (max-width: 480px)\u0022 type=\u0022image\/jpeg\u0022 width=\u0022460\u0022 height=\u0022260\u0022\/\u003E\n              \u003Csource srcset=\u0022\/sites\/default\/files\/styles\/teaser_image_inline\/public\/2024-09\/adobestock_580827081.jpeg?h=b39c5fef\u0026amp;itok=vjuW47FH 1x\u0022 media=\u0022all and (min-width: 481px) and (max-width: 767px)\u0022 type=\u0022image\/jpeg\u0022 width=\u0022200\u0022 height=\u0022150\u0022\/\u003E\n              \u003Csource srcset=\u0022\/sites\/default\/files\/styles\/teaser_image_inline\/public\/2024-09\/adobestock_580827081.jpeg?h=b39c5fef\u0026amp;itok=vjuW47FH 1x\u0022 media=\u0022all and (min-width: 768px) and (max-width: 1023px)\u0022 type=\u0022image\/jpeg\u0022 width=\u0022200\u0022 height=\u0022150\u0022\/\u003E\n              \u003Csource srcset=\u0022\/sites\/default\/files\/styles\/teaser_image_inline\/public\/2024-09\/adobestock_580827081.jpeg?h=b39c5fef\u0026amp;itok=vjuW47FH 1x\u0022 media=\u0022all and (min-width: 1024px) and (max-width: 1599px)\u0022 type=\u0022image\/jpeg\u0022 width=\u0022200\u0022 height=\u0022150\u0022\/\u003E\n              \u003Csource srcset=\u0022\/sites\/default\/files\/styles\/teaser_image_inline_xxl\/public\/2024-09\/adobestock_580827081.jpeg?h=b39c5fef\u0026amp;itok=25EJmil2 1x\u0022 media=\u0022all and (min-width: 1600px)\u0022 type=\u0022image\/jpeg\u0022 width=\u0022240\u0022 height=\u0022180\u0022\/\u003E\n                  \n\u003Cimg decoding=\u0022async\u0022 class=\u0022media__element\u0022 width=\u0022200\u0022 height=\u0022150\u0022 data-zoomed=\u0022https:\/\/www.haustec.de\/sites\/default\/files\/styles\/content__zoomed\/public\/2024-09\/adobestock_580827081.jpeg?itok=bdDLz9GX\u0022 src=\u0022\/sites\/default\/files\/styles\/teaser_image_inline\/public\/2024-09\/adobestock_580827081.jpeg?h=b39c5fef\u0026amp;itok=vjuW47FH\u0022 alt=\u0022GEG 2024: Wann ist der Einbau von Gas- und \u00d6lheizungen noch erlaubt?\u0022 title=\u0022GEG 2024: Wann ist der Einbau von Gas- und \u00d6lheizungen noch erlaubt?\u0022 \/\u003E\n\n\n  \u003C\/picture\u003E\n        \u003C\/div\u003E\n  \n                  \u003C\/figure\u003E\n\n    \u003Carticle class=\u0022article--teaser-content\u0022\u003E\n      \u003Ch3 class=\u0022headline\u0022\u003E\n    Heizungsindustrie: Schwacher Modernisierungsmarkt bremst CO\u2082-Einsparung\n  \u003C\/h3\u003E\n  \u003Cdiv class=\u0022article--teaser-body\u0022\u003E\n    \u003Cp\u003EDie Modernisierung alter Heizungsanlagen hat im Jahr 2025 rund 2\u202fMillionen Tonnen CO\u2082-\u00c4quivalente eingespart. Trotz dieses Fortschritts bleibt der W\u00e4rmesektor bei der Emissionsminderung deutlich hinter seinen M\u00f6glichkeiten zur\u00fcck.\u003C\/p\u003E\n  \u003C\/div\u003E\n\n    \u003C\/article\u003E\n  \u003C\/a\u003E\n  \u003Cspan class=\u0022article--bookmark\u0022\u003E\u003Cdrupal-render-placeholder callback=\u0022flag.link_builder:build\u0022 arguments=\u00220=node\u0026amp;1=23640\u0026amp;2=bookmark\u0026amp;3=teaser\u0022 token=\u0022bz0L1YDCKucp1gBRirl7x3HMmjNppGTpag3zMQMl1sI\u0022\u003E\u003C\/drupal-render-placeholder\u003E\u003C\/span\u003E\n\u003C\/div\u003E\n\n\u003Cdiv  class=\u0022node node--type--article node--view-mode--teaser\u0022\u003E\n  \u003Ca href=\u0022\/heizung\/waermeerzeugung\/heizungen-fachkonferenz-sucht-realisierbare-loesungen\u0022\n     aria-label=\u0022Heizungen: Fachkonferenz sucht realisierbare L\u00f6sungen\u0022\u003E\n      \u003Cfigure class=\u0022article--teaser-image\u0022\u003E\n              \u003Cdiv data-b-token=\u0022b-21fa6b31ca0\u0022 class=\u0022media media--blazy media--bundle--image media--image media--responsive\u0022\u003E  \u003Cpicture\u003E\n                  \u003Csource srcset=\u0022\/sites\/default\/files\/styles\/teaser_image_phone\/public\/2026-03\/solid.modulbau_wuppertal-2_klein.jpg.webp?h=e1c99538\u0026amp;itok=LsjROqCn 1x\u0022 media=\u0022all and (max-width: 480px)\u0022 type=\u0022image\/webp\u0022 width=\u0022460\u0022 height=\u0022260\u0022\/\u003E\n              \u003Csource srcset=\u0022\/sites\/default\/files\/styles\/teaser_image_inline\/public\/2026-03\/solid.modulbau_wuppertal-2_klein.jpg.webp?h=e1c99538\u0026amp;itok=_Fi-tZYJ 1x\u0022 media=\u0022all and (min-width: 481px) and (max-width: 767px)\u0022 type=\u0022image\/webp\u0022 width=\u0022200\u0022 height=\u0022150\u0022\/\u003E\n              \u003Csource srcset=\u0022\/sites\/default\/files\/styles\/teaser_image_inline\/public\/2026-03\/solid.modulbau_wuppertal-2_klein.jpg.webp?h=e1c99538\u0026amp;itok=_Fi-tZYJ 1x\u0022 media=\u0022all and (min-width: 768px) and (max-width: 1023px)\u0022 type=\u0022image\/webp\u0022 width=\u0022200\u0022 height=\u0022150\u0022\/\u003E\n              \u003Csource srcset=\u0022\/sites\/default\/files\/styles\/teaser_image_inline\/public\/2026-03\/solid.modulbau_wuppertal-2_klein.jpg.webp?h=e1c99538\u0026amp;itok=_Fi-tZYJ 1x\u0022 media=\u0022all and (min-width: 1024px) and (max-width: 1599px)\u0022 type=\u0022image\/webp\u0022 width=\u0022200\u0022 height=\u0022150\u0022\/\u003E\n              \u003Csource srcset=\u0022\/sites\/default\/files\/styles\/teaser_image_inline_xxl\/public\/2026-03\/solid.modulbau_wuppertal-2_klein.jpg.webp?h=e1c99538\u0026amp;itok=Brlk3KwZ 1x\u0022 media=\u0022all and (min-width: 1600px)\u0022 type=\u0022image\/webp\u0022 width=\u0022240\u0022 height=\u0022180\u0022\/\u003E\n              \u003Csource srcset=\u0022\/sites\/default\/files\/styles\/teaser_image_phone\/public\/2026-03\/solid.modulbau_wuppertal-2_klein.jpg?h=e1c99538\u0026amp;itok=LsjROqCn 1x\u0022 media=\u0022all and (max-width: 480px)\u0022 type=\u0022image\/jpeg\u0022 width=\u0022460\u0022 height=\u0022260\u0022\/\u003E\n              \u003Csource srcset=\u0022\/sites\/default\/files\/styles\/teaser_image_inline\/public\/2026-03\/solid.modulbau_wuppertal-2_klein.jpg?h=e1c99538\u0026amp;itok=_Fi-tZYJ 1x\u0022 media=\u0022all and (min-width: 481px) and (max-width: 767px)\u0022 type=\u0022image\/jpeg\u0022 width=\u0022200\u0022 height=\u0022150\u0022\/\u003E\n              \u003Csource srcset=\u0022\/sites\/default\/files\/styles\/teaser_image_inline\/public\/2026-03\/solid.modulbau_wuppertal-2_klein.jpg?h=e1c99538\u0026amp;itok=_Fi-tZYJ 1x\u0022 media=\u0022all and (min-width: 768px) and (max-width: 1023px)\u0022 type=\u0022image\/jpeg\u0022 width=\u0022200\u0022 height=\u0022150\u0022\/\u003E\n              \u003Csource srcset=\u0022\/sites\/default\/files\/styles\/teaser_image_inline\/public\/2026-03\/solid.modulbau_wuppertal-2_klein.jpg?h=e1c99538\u0026amp;itok=_Fi-tZYJ 1x\u0022 media=\u0022all and (min-width: 1024px) and (max-width: 1599px)\u0022 type=\u0022image\/jpeg\u0022 width=\u0022200\u0022 height=\u0022150\u0022\/\u003E\n              \u003Csource srcset=\u0022\/sites\/default\/files\/styles\/teaser_image_inline_xxl\/public\/2026-03\/solid.modulbau_wuppertal-2_klein.jpg?h=e1c99538\u0026amp;itok=Brlk3KwZ 1x\u0022 media=\u0022all and (min-width: 1600px)\u0022 type=\u0022image\/jpeg\u0022 width=\u0022240\u0022 height=\u0022180\u0022\/\u003E\n                  \n\u003Cimg decoding=\u0022async\u0022 class=\u0022media__element\u0022 width=\u0022200\u0022 height=\u0022150\u0022 data-zoomed=\u0022https:\/\/www.haustec.de\/sites\/default\/files\/styles\/content__zoomed\/public\/2026-03\/solid.modulbau_wuppertal-2_klein.jpg?itok=FN09AoQM\u0022 src=\u0022\/sites\/default\/files\/styles\/teaser_image_inline\/public\/2026-03\/solid.modulbau_wuppertal-2_klein.jpg?h=e1c99538\u0026amp;itok=_Fi-tZYJ\u0022 alt=\u0022Dieses Mehrfamilienhaus mit 56 Wohnungen wurde in nur acht Monaten gebaut. Es wird komplett mit Infrarotheizungen beheizt. Das Projekt wird auf der Konferenz vorgestellt.\u0022 \/\u003E\n\n\n  \u003C\/picture\u003E\n        \u003C\/div\u003E\n  \n                  \u003C\/figure\u003E\n\n    \u003Carticle class=\u0022article--teaser-content\u0022\u003E\n      \u003Ch3 class=\u0022headline\u0022\u003E\n    Heizungen: Fachkonferenz sucht realisierbare L\u00f6sungen\n  \u003C\/h3\u003E\n  \u003Cdiv class=\u0022article--teaser-body\u0022\u003E\n    \u003Cp\u003EIG Infrarot Deutschland l\u00e4dt Fachleute aus Wohnungswirtschaft, Architektur und Planung, Geb\u00e4udeenergieberatung sowie SHK- und Elektrohandwerk zum Austausch \u00fcber realisierbare Heizl\u00f6sungen ein.\u003C\/p\u003E\n  \u003C\/div\u003E\n\n    \u003C\/article\u003E\n  \u003C\/a\u003E\n  \u003Cspan class=\u0022article--bookmark\u0022\u003E\u003Cdrupal-render-placeholder callback=\u0022flag.link_builder:build\u0022 arguments=\u00220=node\u0026amp;1=23636\u0026amp;2=bookmark\u0026amp;3=teaser\u0022 token=\u0022y3crgouhZ6Oty4XuETiZwtnVrNCQ2qcGajG0TjIwm4s\u0022\u003E\u003C\/drupal-render-placeholder\u003E\u003C\/span\u003E\n\u003C\/div\u003E\n\n\u003Cdiv  class=\u0022node node--type--article node--view-mode--teaser\u0022\u003E\n  \u003Ca href=\u0022\/heizung\/waermeerzeugung\/gmg-drohende-kostenfalle-im-heizungskeller\u0022\n     aria-label=\u0022GMG: Drohende Kostenfalle im Heizungskeller\u0022\u003E\n      \u003Cfigure class=\u0022article--teaser-image\u0022\u003E\n              \u003Cdiv data-b-token=\u0022b-8f11ee19fc0\u0022 class=\u0022media media--blazy media--bundle--image media--image media--responsive\u0022\u003E  \u003Cpicture\u003E\n                  \u003Csource srcset=\u0022\/sites\/default\/files\/styles\/teaser_image_phone\/public\/2026-02\/chatgpt-image-25-feb-2026-01_42_32.png.webp?h=197483aa\u0026amp;itok=w-j9ilYD 1x\u0022 media=\u0022all and (max-width: 480px)\u0022 type=\u0022image\/webp\u0022 width=\u0022460\u0022 height=\u0022260\u0022\/\u003E\n              \u003Csource srcset=\u0022\/sites\/default\/files\/styles\/teaser_image_inline\/public\/2026-02\/chatgpt-image-25-feb-2026-01_42_32.png.webp?h=197483aa\u0026amp;itok=tWe6ECoW 1x\u0022 media=\u0022all and (min-width: 481px) and (max-width: 767px)\u0022 type=\u0022image\/webp\u0022 width=\u0022200\u0022 height=\u0022150\u0022\/\u003E\n              \u003Csource srcset=\u0022\/sites\/default\/files\/styles\/teaser_image_inline\/public\/2026-02\/chatgpt-image-25-feb-2026-01_42_32.png.webp?h=197483aa\u0026amp;itok=tWe6ECoW 1x\u0022 media=\u0022all and (min-width: 768px) and (max-width: 1023px)\u0022 type=\u0022image\/webp\u0022 width=\u0022200\u0022 height=\u0022150\u0022\/\u003E\n              \u003Csource srcset=\u0022\/sites\/default\/files\/styles\/teaser_image_inline\/public\/2026-02\/chatgpt-image-25-feb-2026-01_42_32.png.webp?h=197483aa\u0026amp;itok=tWe6ECoW 1x\u0022 media=\u0022all and (min-width: 1024px) and (max-width: 1599px)\u0022 type=\u0022image\/webp\u0022 width=\u0022200\u0022 height=\u0022150\u0022\/\u003E\n              \u003Csource srcset=\u0022\/sites\/default\/files\/styles\/teaser_image_inline_xxl\/public\/2026-02\/chatgpt-image-25-feb-2026-01_42_32.png.webp?h=197483aa\u0026amp;itok=ryKNU2WO 1x\u0022 media=\u0022all and (min-width: 1600px)\u0022 type=\u0022image\/webp\u0022 width=\u0022240\u0022 height=\u0022180\u0022\/\u003E\n              \u003Csource srcset=\u0022\/sites\/default\/files\/styles\/teaser_image_phone\/public\/2026-02\/chatgpt-image-25-feb-2026-01_42_32.png?h=197483aa\u0026amp;itok=w-j9ilYD 1x\u0022 media=\u0022all and (max-width: 480px)\u0022 type=\u0022image\/png\u0022 width=\u0022460\u0022 height=\u0022260\u0022\/\u003E\n              \u003Csource srcset=\u0022\/sites\/default\/files\/styles\/teaser_image_inline\/public\/2026-02\/chatgpt-image-25-feb-2026-01_42_32.png?h=197483aa\u0026amp;itok=tWe6ECoW 1x\u0022 media=\u0022all and (min-width: 481px) and (max-width: 767px)\u0022 type=\u0022image\/png\u0022 width=\u0022200\u0022 height=\u0022150\u0022\/\u003E\n              \u003Csource srcset=\u0022\/sites\/default\/files\/styles\/teaser_image_inline\/public\/2026-02\/chatgpt-image-25-feb-2026-01_42_32.png?h=197483aa\u0026amp;itok=tWe6ECoW 1x\u0022 media=\u0022all and (min-width: 768px) and (max-width: 1023px)\u0022 type=\u0022image\/png\u0022 width=\u0022200\u0022 height=\u0022150\u0022\/\u003E\n              \u003Csource srcset=\u0022\/sites\/default\/files\/styles\/teaser_image_inline\/public\/2026-02\/chatgpt-image-25-feb-2026-01_42_32.png?h=197483aa\u0026amp;itok=tWe6ECoW 1x\u0022 media=\u0022all and (min-width: 1024px) and (max-width: 1599px)\u0022 type=\u0022image\/png\u0022 width=\u0022200\u0022 height=\u0022150\u0022\/\u003E\n              \u003Csource srcset=\u0022\/sites\/default\/files\/styles\/teaser_image_inline_xxl\/public\/2026-02\/chatgpt-image-25-feb-2026-01_42_32.png?h=197483aa\u0026amp;itok=ryKNU2WO 1x\u0022 media=\u0022all and (min-width: 1600px)\u0022 type=\u0022image\/png\u0022 width=\u0022240\u0022 height=\u0022180\u0022\/\u003E\n                  \n\u003Cimg decoding=\u0022async\u0022 class=\u0022media__element\u0022 width=\u0022200\u0022 height=\u0022150\u0022 data-zoomed=\u0022https:\/\/www.haustec.de\/sites\/default\/files\/styles\/content__zoomed\/public\/2026-02\/chatgpt-image-25-feb-2026-01_42_32.png?itok=rok35Psl\u0022 src=\u0022\/sites\/default\/files\/styles\/teaser_image_inline\/public\/2026-02\/chatgpt-image-25-feb-2026-01_42_32.png?h=197483aa\u0026amp;itok=tWe6ECoW\u0022 alt=\u0022Systemwechsel im Heizungsrecht: GMG ersetzt 65%-EE-Pflicht durch Bio-Treppe\u0022 title=\u0022Systemwechsel im Heizungsrecht: GMG ersetzt 65%-EE-Pflicht durch Bio-Treppe\u0022 \/\u003E\n\n\n  \u003C\/picture\u003E\n        \u003C\/div\u003E\n  \n                  \u003C\/figure\u003E\n\n    \u003Carticle class=\u0022article--teaser-content\u0022\u003E\n      \u003Ch3 class=\u0022headline\u0022\u003E\n    GMG: Drohende Kostenfalle im Heizungskeller\n  \u003C\/h3\u003E\n  \u003Cdiv class=\u0022article--teaser-body\u0022\u003E\n    \u003Cp\u003ENeue Berechnungen des Fraunhofer ISI f\u00fcr den BUND zeigen, wie das geplante Geb\u00e4udemodernisierungsgesetz zum Heizkostentreiber wird. Die Berechnungen verdeutlichen, dass die Pl\u00e4ne der Bundesregierung nicht nur einem klimapolitischen Kahlschlag im W\u00e4rmebereich gleichkommen, sondern auch fatale soziale...\u003C\/p\u003E\n  \u003C\/div\u003E\n\n    \u003C\/article\u003E\n  \u003C\/a\u003E\n  \u003Cspan class=\u0022article--bookmark\u0022\u003E\u003Cdrupal-render-placeholder callback=\u0022flag.link_builder:build\u0022 arguments=\u00220=node\u0026amp;1=23617\u0026amp;2=bookmark\u0026amp;3=teaser\u0022 token=\u0022gDyaXQ518BeeawzOA9mXdhRgEsS7mRFufGyf3xJYAVM\u0022\u003E\u003C\/drupal-render-placeholder\u003E\u003C\/span\u003E\n\u003C\/div\u003E\n\n\u003Cdiv  class=\u0022node node--type--article node--view-mode--teaser\u0022\u003E\n  \u003Ca href=\u0022\/heizung\/waermeerzeugung\/exergiemaschine-als-nacherhitzer-fuer-die-warmwasserbereitung-im\u0022\n     aria-label=\u0022eXergiemaschine als Nacherhitzer f\u00fcr die Warmwasserbereitung im Wohnquartier Artem\u0022\u003E\n      \u003Cfigure class=\u0022article--teaser-image\u0022\u003E\n              \u003Cdiv data-b-token=\u0022b-f81fe719615\u0022 class=\u0022media media--blazy media--bundle--image media--image media--responsive\u0022\u003E  \u003Cpicture\u003E\n                  \u003Csource srcset=\u0022\/sites\/default\/files\/styles\/teaser_image_phone\/public\/2026-03\/pnr32765.jpg.webp?h=c74750f6\u0026amp;itok=KxthXefS 1x\u0022 media=\u0022all and (max-width: 480px)\u0022 type=\u0022image\/webp\u0022 width=\u0022460\u0022 height=\u0022260\u0022\/\u003E\n              \u003Csource srcset=\u0022\/sites\/default\/files\/styles\/teaser_image_inline\/public\/2026-03\/pnr32765.jpg.webp?h=c74750f6\u0026amp;itok=ctCGOHeM 1x\u0022 media=\u0022all and (min-width: 481px) and (max-width: 767px)\u0022 type=\u0022image\/webp\u0022 width=\u0022200\u0022 height=\u0022150\u0022\/\u003E\n              \u003Csource srcset=\u0022\/sites\/default\/files\/styles\/teaser_image_inline\/public\/2026-03\/pnr32765.jpg.webp?h=c74750f6\u0026amp;itok=ctCGOHeM 1x\u0022 media=\u0022all and (min-width: 768px) and (max-width: 1023px)\u0022 type=\u0022image\/webp\u0022 width=\u0022200\u0022 height=\u0022150\u0022\/\u003E\n              \u003Csource srcset=\u0022\/sites\/default\/files\/styles\/teaser_image_inline\/public\/2026-03\/pnr32765.jpg.webp?h=c74750f6\u0026amp;itok=ctCGOHeM 1x\u0022 media=\u0022all and (min-width: 1024px) and (max-width: 1599px)\u0022 type=\u0022image\/webp\u0022 width=\u0022200\u0022 height=\u0022150\u0022\/\u003E\n              \u003Csource srcset=\u0022\/sites\/default\/files\/styles\/teaser_image_inline_xxl\/public\/2026-03\/pnr32765.jpg.webp?h=c74750f6\u0026amp;itok=CGwB2roW 1x\u0022 media=\u0022all and (min-width: 1600px)\u0022 type=\u0022image\/webp\u0022 width=\u0022240\u0022 height=\u0022180\u0022\/\u003E\n              \u003Csource srcset=\u0022\/sites\/default\/files\/styles\/teaser_image_phone\/public\/2026-03\/pnr32765.jpg?h=c74750f6\u0026amp;itok=KxthXefS 1x\u0022 media=\u0022all and (max-width: 480px)\u0022 type=\u0022image\/jpeg\u0022 width=\u0022460\u0022 height=\u0022260\u0022\/\u003E\n              \u003Csource srcset=\u0022\/sites\/default\/files\/styles\/teaser_image_inline\/public\/2026-03\/pnr32765.jpg?h=c74750f6\u0026amp;itok=ctCGOHeM 1x\u0022 media=\u0022all and (min-width: 481px) and (max-width: 767px)\u0022 type=\u0022image\/jpeg\u0022 width=\u0022200\u0022 height=\u0022150\u0022\/\u003E\n              \u003Csource srcset=\u0022\/sites\/default\/files\/styles\/teaser_image_inline\/public\/2026-03\/pnr32765.jpg?h=c74750f6\u0026amp;itok=ctCGOHeM 1x\u0022 media=\u0022all and (min-width: 768px) and (max-width: 1023px)\u0022 type=\u0022image\/jpeg\u0022 width=\u0022200\u0022 height=\u0022150\u0022\/\u003E\n              \u003Csource srcset=\u0022\/sites\/default\/files\/styles\/teaser_image_inline\/public\/2026-03\/pnr32765.jpg?h=c74750f6\u0026amp;itok=ctCGOHeM 1x\u0022 media=\u0022all and (min-width: 1024px) and (max-width: 1599px)\u0022 type=\u0022image\/jpeg\u0022 width=\u0022200\u0022 height=\u0022150\u0022\/\u003E\n              \u003Csource srcset=\u0022\/sites\/default\/files\/styles\/teaser_image_inline_xxl\/public\/2026-03\/pnr32765.jpg?h=c74750f6\u0026amp;itok=CGwB2roW 1x\u0022 media=\u0022all and (min-width: 1600px)\u0022 type=\u0022image\/jpeg\u0022 width=\u0022240\u0022 height=\u0022180\u0022\/\u003E\n                  \n\u003Cimg decoding=\u0022async\u0022 class=\u0022media__element\u0022 width=\u0022200\u0022 height=\u0022150\u0022 data-zoomed=\u0022https:\/\/www.haustec.de\/sites\/default\/files\/styles\/content__zoomed\/public\/2026-03\/pnr32765.jpg?itok=qw6qfVHy\u0022 src=\u0022\/sites\/default\/files\/styles\/teaser_image_inline\/public\/2026-03\/pnr32765.jpg?h=c74750f6\u0026amp;itok=ctCGOHeM\u0022 alt=\u0022Varmeco Exergiemaschine W\u00e4rmepumpe Nachw\u00e4rme\u0022 \/\u003E\n\n\n  \u003C\/picture\u003E\n        \u003C\/div\u003E\n  \n                  \u003C\/figure\u003E\n\n    \u003Carticle class=\u0022article--teaser-content\u0022\u003E\n      \u003Ch3 class=\u0022headline\u0022\u003E\n    eXergiemaschine als Nacherhitzer f\u00fcr die Warmwasserbereitung im Wohnquartier Artem\n  \u003C\/h3\u003E\n  \u003Cdiv class=\u0022article--teaser-body\u0022\u003E\n    \u003Cp\u003EDie Wohnungen des Neubau-Quartiers Artem in Oberursel werden von Conergia Energieeffizienz im Contracting mit W\u00e4rme versorgt. Dabei liefern W\u00e4rmepumpen die Heizenergie und die h\u00f6here Temperatur zur Warmwasserbereitung erzeugen eXergiemaschinen. Ein System, das sich rechnet \u2013 f\u00fcr die W\u00e4rmekunden und...\u003C\/p\u003E\n  \u003C\/div\u003E\n\n    \u003C\/article\u003E\n  \u003C\/a\u003E\n  \u003Cspan class=\u0022article--bookmark\u0022\u003E\u003Cdrupal-render-placeholder callback=\u0022flag.link_builder:build\u0022 arguments=\u00220=node\u0026amp;1=23612\u0026amp;2=bookmark\u0026amp;3=teaser\u0022 token=\u0022zP-VyiXPQuJte_BBa4iN08Oeqma1jbzTSY9Zj4HzEAc\u0022\u003E\u003C\/drupal-render-placeholder\u003E\u003C\/span\u003E\n\u003C\/div\u003E\n\n\u003Cdiv  class=\u0022node node--type--article node--view-mode--teaser\u0022\u003E\n  \u003Ca href=\u0022\/heizung\/waermeerzeugung\/erfolgreiche-finanzierung-von-waermenetzen-so-gehts\u0022\n     aria-label=\u0022Erfolgreiche Finanzierung von W\u00e4rmenetzen: So geht\u0026#039;s\u0022\u003E\n      \u003Cfigure class=\u0022article--teaser-image\u0022\u003E\n              \u003Cdiv data-b-token=\u0022b-1b968ee96b3\u0022 class=\u0022media media--blazy media--bundle--image media--image media--responsive\u0022\u003E  \u003Cpicture\u003E\n                  \u003Csource srcset=\u0022\/sites\/default\/files\/styles\/teaser_image_phone\/public\/2026-03\/team-waermewende-restore-09_2025_kleiner-2048x1366.jpg.webp?h=a1e1a043\u0026amp;itok=3aZepsaQ 1x\u0022 media=\u0022all and (max-width: 480px)\u0022 type=\u0022image\/webp\u0022 width=\u0022460\u0022 height=\u0022260\u0022\/\u003E\n              \u003Csource srcset=\u0022\/sites\/default\/files\/styles\/teaser_image_inline\/public\/2026-03\/team-waermewende-restore-09_2025_kleiner-2048x1366.jpg.webp?h=a1e1a043\u0026amp;itok=N5_WGYfR 1x\u0022 media=\u0022all and (min-width: 481px) and (max-width: 767px)\u0022 type=\u0022image\/webp\u0022 width=\u0022200\u0022 height=\u0022150\u0022\/\u003E\n              \u003Csource srcset=\u0022\/sites\/default\/files\/styles\/teaser_image_inline\/public\/2026-03\/team-waermewende-restore-09_2025_kleiner-2048x1366.jpg.webp?h=a1e1a043\u0026amp;itok=N5_WGYfR 1x\u0022 media=\u0022all and (min-width: 768px) and (max-width: 1023px)\u0022 type=\u0022image\/webp\u0022 width=\u0022200\u0022 height=\u0022150\u0022\/\u003E\n              \u003Csource srcset=\u0022\/sites\/default\/files\/styles\/teaser_image_inline\/public\/2026-03\/team-waermewende-restore-09_2025_kleiner-2048x1366.jpg.webp?h=a1e1a043\u0026amp;itok=N5_WGYfR 1x\u0022 media=\u0022all and (min-width: 1024px) and (max-width: 1599px)\u0022 type=\u0022image\/webp\u0022 width=\u0022200\u0022 height=\u0022150\u0022\/\u003E\n              \u003Csource srcset=\u0022\/sites\/default\/files\/styles\/teaser_image_inline_xxl\/public\/2026-03\/team-waermewende-restore-09_2025_kleiner-2048x1366.jpg.webp?h=a1e1a043\u0026amp;itok=g0hDBq7y 1x\u0022 media=\u0022all and (min-width: 1600px)\u0022 type=\u0022image\/webp\u0022 width=\u0022240\u0022 height=\u0022180\u0022\/\u003E\n              \u003Csource srcset=\u0022\/sites\/default\/files\/styles\/teaser_image_phone\/public\/2026-03\/team-waermewende-restore-09_2025_kleiner-2048x1366.jpg?h=a1e1a043\u0026amp;itok=3aZepsaQ 1x\u0022 media=\u0022all and (max-width: 480px)\u0022 type=\u0022image\/jpeg\u0022 width=\u0022460\u0022 height=\u0022260\u0022\/\u003E\n              \u003Csource srcset=\u0022\/sites\/default\/files\/styles\/teaser_image_inline\/public\/2026-03\/team-waermewende-restore-09_2025_kleiner-2048x1366.jpg?h=a1e1a043\u0026amp;itok=N5_WGYfR 1x\u0022 media=\u0022all and (min-width: 481px) and (max-width: 767px)\u0022 type=\u0022image\/jpeg\u0022 width=\u0022200\u0022 height=\u0022150\u0022\/\u003E\n              \u003Csource srcset=\u0022\/sites\/default\/files\/styles\/teaser_image_inline\/public\/2026-03\/team-waermewende-restore-09_2025_kleiner-2048x1366.jpg?h=a1e1a043\u0026amp;itok=N5_WGYfR 1x\u0022 media=\u0022all and (min-width: 768px) and (max-width: 1023px)\u0022 type=\u0022image\/jpeg\u0022 width=\u0022200\u0022 height=\u0022150\u0022\/\u003E\n              \u003Csource srcset=\u0022\/sites\/default\/files\/styles\/teaser_image_inline\/public\/2026-03\/team-waermewende-restore-09_2025_kleiner-2048x1366.jpg?h=a1e1a043\u0026amp;itok=N5_WGYfR 1x\u0022 media=\u0022all and (min-width: 1024px) and (max-width: 1599px)\u0022 type=\u0022image\/jpeg\u0022 width=\u0022200\u0022 height=\u0022150\u0022\/\u003E\n              \u003Csource srcset=\u0022\/sites\/default\/files\/styles\/teaser_image_inline_xxl\/public\/2026-03\/team-waermewende-restore-09_2025_kleiner-2048x1366.jpg?h=a1e1a043\u0026amp;itok=g0hDBq7y 1x\u0022 media=\u0022all and (min-width: 1600px)\u0022 type=\u0022image\/jpeg\u0022 width=\u0022240\u0022 height=\u0022180\u0022\/\u003E\n                  \n\u003Cimg decoding=\u0022async\u0022 class=\u0022media__element\u0022 width=\u0022200\u0022 height=\u0022150\u0022 data-zoomed=\u0022https:\/\/www.haustec.de\/sites\/default\/files\/styles\/content__zoomed\/public\/2026-03\/team-waermewende-restore-09_2025_kleiner-2048x1366.jpg?itok=RYsng22Y\u0022 src=\u0022\/sites\/default\/files\/styles\/teaser_image_inline\/public\/2026-03\/team-waermewende-restore-09_2025_kleiner-2048x1366.jpg?h=a1e1a043\u0026amp;itok=N5_WGYfR\u0022 alt=\u0022Eine aktuelle Studie analysiert, wie man W\u00e4rmenetze erfolgreich plant und finanziert.\u0022 \/\u003E\n\n\n  \u003C\/picture\u003E\n        \u003C\/div\u003E\n  \n                  \u003C\/figure\u003E\n\n    \u003Carticle class=\u0022article--teaser-content\u0022\u003E\n      \u003Ch3 class=\u0022headline\u0022\u003E\n    Erfolgreiche Finanzierung von W\u00e4rmenetzen: So geht\u0026#039;s\n  \u003C\/h3\u003E\n  \u003Cdiv class=\u0022article--teaser-body\u0022\u003E\n    \u003Cp\u003EDer Ausbau der W\u00e4rmenetze in Baden-W\u00fcrttemberg ist eine Herausforderung. Experten gehen von einem Investitionsbedarf von 10 Milliarden Euro allein bis 2030 aus. Die Finanzierung bleibt somit eine der Hauptfragen f\u00fcr Kommunen. Eine aktuelle Studie zeigt, wie sie ein W\u00e4rmenetz planen und finanzieren...\u003C\/p\u003E\n  \u003C\/div\u003E\n\n    \u003C\/article\u003E\n  \u003C\/a\u003E\n  \u003Cspan class=\u0022article--bookmark\u0022\u003E\u003Cdrupal-render-placeholder callback=\u0022flag.link_builder:build\u0022 arguments=\u00220=node\u0026amp;1=23603\u0026amp;2=bookmark\u0026amp;3=teaser\u0022 token=\u0022N8OTrkwZsDAXvNNNOmtYVn4KpLIbC2i7oLjY8S2IQPI\u0022\u003E\u003C\/drupal-render-placeholder\u003E\u003C\/span\u003E\n\u003C\/div\u003E\n\n\u003Cdiv  class=\u0022node node--type--article node--view-mode--teaser\u0022\u003E\n  \u003Ca href=\u0022\/heizung\/waermeerzeugung\/hackschnitzel-preis-sinkt-leicht-zum-jahresbeginn\u0022\n     aria-label=\u0022Hackschnitzel: Preis sinkt leicht zum Jahresbeginn\u0022\u003E\n      \u003Cfigure class=\u0022article--teaser-image\u0022\u003E\n              \u003Cdiv data-b-token=\u0022b-75b5a9b29d4\u0022 class=\u0022media media--blazy media--bundle--image media--image media--responsive\u0022\u003E  \u003Cpicture\u003E\n                  \u003Csource srcset=\u0022\/sites\/default\/files\/styles\/teaser_image_phone\/public\/2023-12\/adobestock_35661408.jpeg.webp?h=7685ba0d\u0026amp;itok=DDAjzNTb 1x\u0022 media=\u0022all and (max-width: 480px)\u0022 type=\u0022image\/webp\u0022 width=\u0022460\u0022 height=\u0022260\u0022\/\u003E\n              \u003Csource srcset=\u0022\/sites\/default\/files\/styles\/teaser_image_inline\/public\/2023-12\/adobestock_35661408.jpeg.webp?h=7685ba0d\u0026amp;itok=BOIZBEde 1x\u0022 media=\u0022all and (min-width: 481px) and (max-width: 767px)\u0022 type=\u0022image\/webp\u0022 width=\u0022200\u0022 height=\u0022150\u0022\/\u003E\n              \u003Csource srcset=\u0022\/sites\/default\/files\/styles\/teaser_image_inline\/public\/2023-12\/adobestock_35661408.jpeg.webp?h=7685ba0d\u0026amp;itok=BOIZBEde 1x\u0022 media=\u0022all and (min-width: 768px) and (max-width: 1023px)\u0022 type=\u0022image\/webp\u0022 width=\u0022200\u0022 height=\u0022150\u0022\/\u003E\n              \u003Csource srcset=\u0022\/sites\/default\/files\/styles\/teaser_image_inline\/public\/2023-12\/adobestock_35661408.jpeg.webp?h=7685ba0d\u0026amp;itok=BOIZBEde 1x\u0022 media=\u0022all and (min-width: 1024px) and (max-width: 1599px)\u0022 type=\u0022image\/webp\u0022 width=\u0022200\u0022 height=\u0022150\u0022\/\u003E\n              \u003Csource srcset=\u0022\/sites\/default\/files\/styles\/teaser_image_inline_xxl\/public\/2023-12\/adobestock_35661408.jpeg.webp?h=7685ba0d\u0026amp;itok=8Krv9fNM 1x\u0022 media=\u0022all and (min-width: 1600px)\u0022 type=\u0022image\/webp\u0022 width=\u0022240\u0022 height=\u0022180\u0022\/\u003E\n              \u003Csource srcset=\u0022\/sites\/default\/files\/styles\/teaser_image_phone\/public\/2023-12\/adobestock_35661408.jpeg?h=7685ba0d\u0026amp;itok=DDAjzNTb 1x\u0022 media=\u0022all and (max-width: 480px)\u0022 type=\u0022image\/jpeg\u0022 width=\u0022460\u0022 height=\u0022260\u0022\/\u003E\n              \u003Csource srcset=\u0022\/sites\/default\/files\/styles\/teaser_image_inline\/public\/2023-12\/adobestock_35661408.jpeg?h=7685ba0d\u0026amp;itok=BOIZBEde 1x\u0022 media=\u0022all and (min-width: 481px) and (max-width: 767px)\u0022 type=\u0022image\/jpeg\u0022 width=\u0022200\u0022 height=\u0022150\u0022\/\u003E\n              \u003Csource srcset=\u0022\/sites\/default\/files\/styles\/teaser_image_inline\/public\/2023-12\/adobestock_35661408.jpeg?h=7685ba0d\u0026amp;itok=BOIZBEde 1x\u0022 media=\u0022all and (min-width: 768px) and (max-width: 1023px)\u0022 type=\u0022image\/jpeg\u0022 width=\u0022200\u0022 height=\u0022150\u0022\/\u003E\n              \u003Csource srcset=\u0022\/sites\/default\/files\/styles\/teaser_image_inline\/public\/2023-12\/adobestock_35661408.jpeg?h=7685ba0d\u0026amp;itok=BOIZBEde 1x\u0022 media=\u0022all and (min-width: 1024px) and (max-width: 1599px)\u0022 type=\u0022image\/jpeg\u0022 width=\u0022200\u0022 height=\u0022150\u0022\/\u003E\n              \u003Csource srcset=\u0022\/sites\/default\/files\/styles\/teaser_image_inline_xxl\/public\/2023-12\/adobestock_35661408.jpeg?h=7685ba0d\u0026amp;itok=8Krv9fNM 1x\u0022 media=\u0022all and (min-width: 1600px)\u0022 type=\u0022image\/jpeg\u0022 width=\u0022240\u0022 height=\u0022180\u0022\/\u003E\n                  \n\u003Cimg decoding=\u0022async\u0022 class=\u0022media__element\u0022 width=\u0022200\u0022 height=\u0022150\u0022 data-zoomed=\u0022https:\/\/www.haustec.de\/sites\/default\/files\/styles\/content__zoomed\/public\/2023-12\/adobestock_35661408.jpeg?itok=XQXxoAs5\u0022 src=\u0022\/sites\/default\/files\/styles\/teaser_image_inline\/public\/2023-12\/adobestock_35661408.jpeg?h=7685ba0d\u0026amp;itok=BOIZBEde\u0022 alt=\u0022Hackschnitzel und Holzbriketts: Heizen mit Holz bleibt g\u00fcnstig\u0022 title=\u0022Hackschnitzel und Holzbriketts: Heizen mit Holz bleibt g\u00fcnstig\u0022 \/\u003E\n\n\n  \u003C\/picture\u003E\n        \u003C\/div\u003E\n  \n                  \u003C\/figure\u003E\n\n    \u003Carticle class=\u0022article--teaser-content\u0022\u003E\n      \u003Ch3 class=\u0022headline\u0022\u003E\n    Hackschnitzel: Preis sinkt leicht zum Jahresbeginn\n  \u003C\/h3\u003E\n  \u003Cdiv class=\u0022article--teaser-body\u0022\u003E\n    \u003Cp\u003EIn den ersten drei Monaten des Jahres hat sich der Hackschnitzelpreis kaum ver\u00e4ndert. Im Vergleich zum Vorjahresquartal ist der Durchschnittspreis f\u00fcr die Qualit\u00e4tsklasse A1 bei einer Abnahme von 80 Sch\u00fcttraummetern um 1,32 Prozent gesunken.\u003C\/p\u003E\n  \u003C\/div\u003E\n\n    \u003C\/article\u003E\n  \u003C\/a\u003E\n  \u003Cspan class=\u0022article--bookmark\u0022\u003E\u003Cdrupal-render-placeholder callback=\u0022flag.link_builder:build\u0022 arguments=\u00220=node\u0026amp;1=23599\u0026amp;2=bookmark\u0026amp;3=teaser\u0022 token=\u0022lZLJln1K46dE-xnqp1lKp-wnp_Bj5qCS79ly-tknUY0\u0022\u003E\u003C\/drupal-render-placeholder\u003E\u003C\/span\u003E\n\u003C\/div\u003E\n\n\u003Cdiv  class=\u0022node node--type--article node--view-mode--teaser\u0022\u003E\n  \u003Ca href=\u0022\/energie\/heizen-mit-erneuerbaren-energien\/gebaeudemodernisierungsgesetz-gutachten-weist-richtung\u0022\n     aria-label=\u0022Geb\u00e4udemodernisierungsgesetz: Gutachten weist Richtung f\u00fcr die Reform des GEG\u0022\u003E\n      \u003Cfigure class=\u0022article--teaser-image\u0022\u003E\n              \u003Cdiv data-b-token=\u0022b-084bed603d9\u0022 class=\u0022media media--blazy media--bundle--image media--image media--responsive\u0022\u003E  \u003Cpicture\u003E\n                  \u003Csource srcset=\u0022\/sites\/default\/files\/styles\/teaser_image_phone\/public\/2022-01\/adobestock_456075729.jpeg.webp?h=699cbb5c\u0026amp;itok=Tc6eCHZJ 1x\u0022 media=\u0022all and (max-width: 480px)\u0022 type=\u0022image\/webp\u0022 width=\u0022460\u0022 height=\u0022260\u0022\/\u003E\n              \u003Csource srcset=\u0022\/sites\/default\/files\/styles\/teaser_image_inline\/public\/2022-01\/adobestock_456075729.jpeg.webp?h=699cbb5c\u0026amp;itok=NyhHgDJY 1x\u0022 media=\u0022all and (min-width: 481px) and (max-width: 767px)\u0022 type=\u0022image\/webp\u0022 width=\u0022200\u0022 height=\u0022150\u0022\/\u003E\n              \u003Csource srcset=\u0022\/sites\/default\/files\/styles\/teaser_image_inline\/public\/2022-01\/adobestock_456075729.jpeg.webp?h=699cbb5c\u0026amp;itok=NyhHgDJY 1x\u0022 media=\u0022all and (min-width: 768px) and (max-width: 1023px)\u0022 type=\u0022image\/webp\u0022 width=\u0022200\u0022 height=\u0022150\u0022\/\u003E\n              \u003Csource srcset=\u0022\/sites\/default\/files\/styles\/teaser_image_inline\/public\/2022-01\/adobestock_456075729.jpeg.webp?h=699cbb5c\u0026amp;itok=NyhHgDJY 1x\u0022 media=\u0022all and (min-width: 1024px) and (max-width: 1599px)\u0022 type=\u0022image\/webp\u0022 width=\u0022200\u0022 height=\u0022150\u0022\/\u003E\n              \u003Csource srcset=\u0022\/sites\/default\/files\/styles\/teaser_image_inline_xxl\/public\/2022-01\/adobestock_456075729.jpeg.webp?h=699cbb5c\u0026amp;itok=dE27evT1 1x\u0022 media=\u0022all and (min-width: 1600px)\u0022 type=\u0022image\/webp\u0022 width=\u0022240\u0022 height=\u0022180\u0022\/\u003E\n              \u003Csource srcset=\u0022\/sites\/default\/files\/styles\/teaser_image_phone\/public\/2022-01\/adobestock_456075729.jpeg?h=699cbb5c\u0026amp;itok=Tc6eCHZJ 1x\u0022 media=\u0022all and (max-width: 480px)\u0022 type=\u0022image\/jpeg\u0022 width=\u0022460\u0022 height=\u0022260\u0022\/\u003E\n              \u003Csource srcset=\u0022\/sites\/default\/files\/styles\/teaser_image_inline\/public\/2022-01\/adobestock_456075729.jpeg?h=699cbb5c\u0026amp;itok=NyhHgDJY 1x\u0022 media=\u0022all and (min-width: 481px) and (max-width: 767px)\u0022 type=\u0022image\/jpeg\u0022 width=\u0022200\u0022 height=\u0022150\u0022\/\u003E\n              \u003Csource srcset=\u0022\/sites\/default\/files\/styles\/teaser_image_inline\/public\/2022-01\/adobestock_456075729.jpeg?h=699cbb5c\u0026amp;itok=NyhHgDJY 1x\u0022 media=\u0022all and (min-width: 768px) and (max-width: 1023px)\u0022 type=\u0022image\/jpeg\u0022 width=\u0022200\u0022 height=\u0022150\u0022\/\u003E\n              \u003Csource srcset=\u0022\/sites\/default\/files\/styles\/teaser_image_inline\/public\/2022-01\/adobestock_456075729.jpeg?h=699cbb5c\u0026amp;itok=NyhHgDJY 1x\u0022 media=\u0022all and (min-width: 1024px) and (max-width: 1599px)\u0022 type=\u0022image\/jpeg\u0022 width=\u0022200\u0022 height=\u0022150\u0022\/\u003E\n              \u003Csource srcset=\u0022\/sites\/default\/files\/styles\/teaser_image_inline_xxl\/public\/2022-01\/adobestock_456075729.jpeg?h=699cbb5c\u0026amp;itok=dE27evT1 1x\u0022 media=\u0022all and (min-width: 1600px)\u0022 type=\u0022image\/jpeg\u0022 width=\u0022240\u0022 height=\u0022180\u0022\/\u003E\n                  \n\u003Cimg decoding=\u0022async\u0022 class=\u0022media__element\u0022 width=\u0022200\u0022 height=\u0022150\u0022 data-zoomed=\u0022https:\/\/www.haustec.de\/sites\/default\/files\/styles\/content__zoomed\/public\/2022-01\/adobestock_456075729.jpeg?itok=ZH1bId57\u0022 src=\u0022\/sites\/default\/files\/styles\/teaser_image_inline\/public\/2022-01\/adobestock_456075729.jpeg?h=699cbb5c\u0026amp;itok=NyhHgDJY\u0022 alt=\u0022Geb\u00e4ude und Energie: Wie die Digitalisierung dem Klimaschutz n\u00fctzt\u0022 title=\u0022Geb\u00e4ude und Energie: Wie die Digitalisierung dem Klimaschutz n\u00fctzt\u0022 \/\u003E\n\n\n  \u003C\/picture\u003E\n        \u003C\/div\u003E\n  \n                  \u003C\/figure\u003E\n\n    \u003Carticle class=\u0022article--teaser-content\u0022\u003E\n      \u003Ch3 class=\u0022headline\u0022\u003E\n    Geb\u00e4udemodernisierungsgesetz: Gutachten weist Richtung f\u00fcr die Reform des GEG\n  \u003C\/h3\u003E\n  \u003Cdiv class=\u0022article--teaser-body\u0022\u003E\n    \u003Cp\u003EEin Expertengutachten im Auftrag f\u00fchrender Branchenverb\u00e4nde zeigt: Echte Technologieoffenheit im geplanten Geb\u00e4udemodernisierungsgesetz erfordert das Zusammenspiel erneuerbarer Heizsysteme und effizienter Geb\u00e4udeh\u00fcllen \u2013 neue Gas-Brennwertheizungen allein erf\u00fcllen die Klimaziele nicht.\u003C\/p\u003E\n  \u003C\/div\u003E\n\n    \u003C\/article\u003E\n  \u003C\/a\u003E\n  \u003Cspan class=\u0022article--bookmark\u0022\u003E\u003Cdrupal-render-placeholder callback=\u0022flag.link_builder:build\u0022 arguments=\u00220=node\u0026amp;1=23594\u0026amp;2=bookmark\u0026amp;3=teaser\u0022 token=\u002234l4BDFWvdoNfDjX8Tl5u5ddSQtkOQnMpeBvBy_AdJw\u0022\u003E\u003C\/drupal-render-placeholder\u003E\u003C\/span\u003E\n\u003C\/div\u003E\n\n\u003Cdiv  class=\u0022node node--type--article node--view-mode--teaser\u0022\u003E\n  \u003Ca href=\u0022\/heizung\/waermeerzeugung\/pelletpreise-im-maerz-2026-leichter-rueckgang-nach-heizsaison\u0022\n     aria-label=\u0022Pelletpreise im M\u00e4rz 2026: Leichter R\u00fcckgang nach Heizsaison\u0022\u003E\n      \u003Cfigure class=\u0022article--teaser-image\u0022\u003E\n              \u003Cdiv data-b-token=\u0022b-63aad602abd\u0022 class=\u0022media media--blazy media--bundle--image media--image media--responsive\u0022\u003E  \u003Cpicture\u003E\n                  \u003Csource srcset=\u0022\/sites\/default\/files\/styles\/teaser_image_phone\/public\/2022-09\/preis1.jpeg.webp?h=87547af8\u0026amp;itok=tjHKcb7b 1x\u0022 media=\u0022all and (max-width: 480px)\u0022 type=\u0022image\/webp\u0022 width=\u0022460\u0022 height=\u0022260\u0022\/\u003E\n              \u003Csource srcset=\u0022\/sites\/default\/files\/styles\/teaser_image_inline\/public\/2022-09\/preis1.jpeg.webp?h=87547af8\u0026amp;itok=mJEasBcj 1x\u0022 media=\u0022all and (min-width: 481px) and (max-width: 767px)\u0022 type=\u0022image\/webp\u0022 width=\u0022200\u0022 height=\u0022150\u0022\/\u003E\n              \u003Csource srcset=\u0022\/sites\/default\/files\/styles\/teaser_image_inline\/public\/2022-09\/preis1.jpeg.webp?h=87547af8\u0026amp;itok=mJEasBcj 1x\u0022 media=\u0022all and (min-width: 768px) and (max-width: 1023px)\u0022 type=\u0022image\/webp\u0022 width=\u0022200\u0022 height=\u0022150\u0022\/\u003E\n              \u003Csource srcset=\u0022\/sites\/default\/files\/styles\/teaser_image_inline\/public\/2022-09\/preis1.jpeg.webp?h=87547af8\u0026amp;itok=mJEasBcj 1x\u0022 media=\u0022all and (min-width: 1024px) and (max-width: 1599px)\u0022 type=\u0022image\/webp\u0022 width=\u0022200\u0022 height=\u0022150\u0022\/\u003E\n              \u003Csource srcset=\u0022\/sites\/default\/files\/styles\/teaser_image_inline_xxl\/public\/2022-09\/preis1.jpeg.webp?h=87547af8\u0026amp;itok=vXPbiQ9W 1x\u0022 media=\u0022all and (min-width: 1600px)\u0022 type=\u0022image\/webp\u0022 width=\u0022240\u0022 height=\u0022180\u0022\/\u003E\n              \u003Csource srcset=\u0022\/sites\/default\/files\/styles\/teaser_image_phone\/public\/2022-09\/preis1.jpeg?h=87547af8\u0026amp;itok=tjHKcb7b 1x\u0022 media=\u0022all and (max-width: 480px)\u0022 type=\u0022image\/jpeg\u0022 width=\u0022460\u0022 height=\u0022260\u0022\/\u003E\n              \u003Csource srcset=\u0022\/sites\/default\/files\/styles\/teaser_image_inline\/public\/2022-09\/preis1.jpeg?h=87547af8\u0026amp;itok=mJEasBcj 1x\u0022 media=\u0022all and (min-width: 481px) and (max-width: 767px)\u0022 type=\u0022image\/jpeg\u0022 width=\u0022200\u0022 height=\u0022150\u0022\/\u003E\n              \u003Csource srcset=\u0022\/sites\/default\/files\/styles\/teaser_image_inline\/public\/2022-09\/preis1.jpeg?h=87547af8\u0026amp;itok=mJEasBcj 1x\u0022 media=\u0022all and (min-width: 768px) and (max-width: 1023px)\u0022 type=\u0022image\/jpeg\u0022 width=\u0022200\u0022 height=\u0022150\u0022\/\u003E\n              \u003Csource srcset=\u0022\/sites\/default\/files\/styles\/teaser_image_inline\/public\/2022-09\/preis1.jpeg?h=87547af8\u0026amp;itok=mJEasBcj 1x\u0022 media=\u0022all and (min-width: 1024px) and (max-width: 1599px)\u0022 type=\u0022image\/jpeg\u0022 width=\u0022200\u0022 height=\u0022150\u0022\/\u003E\n              \u003Csource srcset=\u0022\/sites\/default\/files\/styles\/teaser_image_inline_xxl\/public\/2022-09\/preis1.jpeg?h=87547af8\u0026amp;itok=vXPbiQ9W 1x\u0022 media=\u0022all and (min-width: 1600px)\u0022 type=\u0022image\/jpeg\u0022 width=\u0022240\u0022 height=\u0022180\u0022\/\u003E\n                  \n\u003Cimg decoding=\u0022async\u0022 class=\u0022media__element\u0022 width=\u0022200\u0022 height=\u0022150\u0022 data-zoomed=\u0022https:\/\/www.haustec.de\/sites\/default\/files\/styles\/content__zoomed\/public\/2022-09\/preis1.jpeg?itok=oGV_BdRU\u0022 src=\u0022\/sites\/default\/files\/styles\/teaser_image_inline\/public\/2022-09\/preis1.jpeg?h=87547af8\u0026amp;itok=mJEasBcj\u0022 alt=\u0022Pelletmarkt: Wohin geht der Preis?\u0022 title=\u0022Pelletmarkt: Wohin geht der Preis?\u0022 \/\u003E\n\n\n  \u003C\/picture\u003E\n        \u003C\/div\u003E\n  \n                  \u003C\/figure\u003E\n\n    \u003Carticle class=\u0022article--teaser-content\u0022\u003E\n      \u003Ch3 class=\u0022headline\u0022\u003E\n    Holzpelletpreise im M\u00e4rz 2026: Leichter R\u00fcckgang nach Heizsaison\n  \u003C\/h3\u003E\n  \u003Cdiv class=\u0022article--teaser-body\u0022\u003E\n    \u003Cp\u003EMit dem Ende der Heizsaison sinkt die Nachfrage nach Holzpellets, wodurch die Preise leicht nachgeben. Eine Tonne kostet aktuell durchschnittlich 419,2 Euro \u2013 ein Minus von 0,8 Prozent gegen\u00fcber Februar.\u003C\/p\u003E\n  \u003C\/div\u003E\n\n    \u003C\/article\u003E\n  \u003C\/a\u003E\n  \u003Cspan class=\u0022article--bookmark\u0022\u003E\u003Cdrupal-render-placeholder callback=\u0022flag.link_builder:build\u0022 arguments=\u00220=node\u0026amp;1=23565\u0026amp;2=bookmark\u0026amp;3=teaser\u0022 token=\u0022oGDR9sIXw1TawYAsRP3KTrhD3VRHMlPBlxUchEbIzMs\u0022\u003E\u003C\/drupal-render-placeholder\u003E\u003C\/span\u003E\n\u003C\/div\u003E\n\n","entity_type":"node","used_ids":["",23718,23653,23640,23636,23617,23612,23603,23599,23594,23565],"show_more":"\u003Cdiv class=\u0022del-show-more\u0022\u003E\u003Ca href=\u0022\/ajax\/del\/6ca61e8a-f444-4540-b232-826d1925b72a\/paragraph\/11\/10\/asc\/eyJub2RlIjp7ImlkIjoiODciLCJ0eXBlIjoicGFnZSJ9fQ%3D%3D\u0022 title=\u0022Show more items\u0022 class=\u0022del-show-more-link use-ajax\u0022 rel=\u0022nofollow\u0022 data-target-type=\u0022node\u0022 aria-controls=\u0022del--paragraph-44816--content\u0022 aria-label=\u0022Show more items\u0022\u003EMehr anzeigen\u003C\/a\u003E\u003C\/div\u003E\n"}]