[{"command":"showMoreTeasers","id":"del--paragraph-45376","content":"\u003Cli class=\u0022node node--type--article node--view-mode--unordered-list is-linked\u0022\u003E\n    \u003Ca href=\u0022\/management\/betriebsfuehrung\/erhaltungsaufwand-vs-herstellungskosten-wann-sind-kosten-sofort\u0022\n       aria-label=\u0022Erhaltungsaufwand vs. Herstellungskosten: Wann sind Kosten sofort absetzbar \u2013 und wann nicht?\u0022\n       class=\u0022teaser-link\u0022\u003E\n        \u003Cspan class=\u0022teaser-link--text\u0022\u003E  \u003Cspan class=\u0022article--protection-icon\u0022\u003E\u003Ci class=\u0022mi mi-add\u0022\u003E\u003C\/i\u003E\u003C\/span\u003E\nErhaltungsaufwand vs. Herstellungskosten: Wann sind Kosten sofort absetzbar \u2013 und wann nicht?\n\u003C\/span\u003E\n            \u003C\/a\u003E\n\u003C\/li\u003E\n\u003Cli class=\u0022node node--type--article node--view-mode--unordered-list is-linked\u0022\u003E\n    \u003Ca href=\u0022\/gebaeudehuelle\/fenster-bauelemente\/fenstersanierung-im-bestand-was-planer-und-handwerker-wissen\u0022\n       aria-label=\u0022Fenstersanierung im Bestand: Was Planer und Handwerker wissen m\u00fcssen\u0022\n       class=\u0022teaser-link\u0022\u003E\n        \u003Cspan class=\u0022teaser-link--text\u0022\u003E  \u003Cspan class=\u0022article--protection-icon\u0022\u003E\u003Ci class=\u0022mi mi-add\u0022\u003E\u003C\/i\u003E\u003C\/span\u003E\nFenstersanierung im Bestand: Was Planer und Handwerker wissen m\u00fcssen\n\u003C\/span\u003E\n            \u003C\/a\u003E\n\u003C\/li\u003E\n\u003Cli class=\u0022node node--type--article node--view-mode--unordered-list is-linked\u0022\u003E\n    \u003Ca href=\u0022\/gebaeudehuelle\/fenstertausch-lohnt-sich-experten-im-gebaeudewende-podcast\u0022\n       aria-label=\u0022Fenstertausch lohnt sich: Experten im Geb\u00e4udewende-Podcast\u0022\n       class=\u0022teaser-link\u0022\u003E\n        \u003Cspan class=\u0022teaser-link--text\u0022\u003EFenstertausch lohnt sich: Experten im Geb\u00e4udewende-Podcast\n\u003C\/span\u003E\n            \u003C\/a\u003E\n\u003C\/li\u003E\n\u003Cli class=\u0022node node--type--article node--view-mode--unordered-list is-linked\u0022\u003E\n    \u003Ca href=\u0022\/heizung\/waermepumpen\/dezentrale-wasser-wasser-waermepumpen-mehrfamilienhaeusern\u0022\n       aria-label=\u0022Dezentrale Wasser-Wasser-W\u00e4rmepumpen in Mehrfamilienh\u00e4usern\u0022\n       class=\u0022teaser-link\u0022\u003E\n        \u003Cspan class=\u0022teaser-link--text\u0022\u003E  \u003Cspan class=\u0022article--protection-icon\u0022\u003E\u003Ci class=\u0022mi mi-add\u0022\u003E\u003C\/i\u003E\u003C\/span\u003E\nDezentrale Wasser\/Wasser-W\u00e4rmepumpen in Mehrfamilienh\u00e4usern und was sie kosten\n\u003C\/span\u003E\n            \u003C\/a\u003E\n\u003C\/li\u003E\n\u003Cli class=\u0022node node--type--article node--view-mode--unordered-list is-linked\u0022\u003E\n    \u003Ca href=\u0022\/heizung\/waermeerzeugung\/denkmalschutz-mit-modernem-energiekonzept-sanierung-der-reithalle-achern\u0022\n       aria-label=\u0022Denkmalschutz mit modernem Energiekonzept: Sanierung der Reithalle Achern\u0022\n       class=\u0022teaser-link\u0022\u003E\n        \u003Cspan class=\u0022teaser-link--text\u0022\u003EReithalle Achern: Denkmalschutz mal anders gedacht\n\u003C\/span\u003E\n            \u003C\/a\u003E\n\u003C\/li\u003E\n\u003Cli class=\u0022node node--type--article node--view-mode--unordered-list is-linked\u0022\u003E\n    \u003Ca href=\u0022\/heizung\/waermeverteilung\/einbau-einer-fussbodenheizung-trotz-schwieriger-statik\u0022\n       aria-label=\u0022Einbau einer Fu\u00dfbodenheizung trotz schwieriger Statik\u0022\n       class=\u0022teaser-link\u0022\u003E\n        \u003Cspan class=\u0022teaser-link--text\u0022\u003ESo funktioniert der Einbau einer Fu\u00dfbodenheizung trotz schwieriger Statik\n\u003C\/span\u003E\n            \u003C\/a\u003E\n\u003C\/li\u003E\n\u003Cli class=\u0022node node--type--article node--view-mode--unordered-list is-linked\u0022\u003E\n    \u003Ca href=\u0022\/klima-lueftung\/luftdichtheit-der-gebaeudehuelle-auch-der-sanierung-wichtig\u0022\n       aria-label=\u0022Luftdichtheit der Geb\u00e4udeh\u00fclle: Auch in der Sanierung wichtig\u0022\n       class=\u0022teaser-link\u0022\u003E\n        \u003Cspan class=\u0022teaser-link--text\u0022\u003E  \u003Cspan class=\u0022article--protection-icon\u0022\u003E\u003Ci class=\u0022mi mi-add\u0022\u003E\u003C\/i\u003E\u003C\/span\u003E\nLuftdichtheit der Geb\u00e4udeh\u00fclle: Warum sie gerade in der Sanierung wichtig ist\n\u003C\/span\u003E\n            \u003C\/a\u003E\n\u003C\/li\u003E\n\u003Cli class=\u0022node node--type--article node--view-mode--unordered-list is-linked\u0022\u003E\n    \u003Ca href=\u0022\/heizung\/waermeerzeugung\/aus-der-praxis-erdwaerme-und-energiezaeune-als-oelheizungsersatz\u0022\n       aria-label=\u0022Aus der Praxis: Erdw\u00e4rme und Energiez\u00e4une als \u00d6lheizungsersatz \u0022\n       class=\u0022teaser-link\u0022\u003E\n        \u003Cspan class=\u0022teaser-link--text\u0022\u003EAus der Praxis: Erdw\u00e4rme und Energiez\u00e4une als \u00d6lheizungsersatz \n\u003C\/span\u003E\n            \u003C\/a\u003E\n\u003C\/li\u003E\n\u003Cli class=\u0022node node--type--article node--view-mode--unordered-list is-linked\u0022\u003E\n    \u003Ca href=\u0022\/gebaeudehuelle\/fenster-bauelemente\/wie-serielles-sanieren-wohnraum-schafft\u0022\n       aria-label=\u0022Wie serielles Sanieren Wohnraum schafft\u0022\n       class=\u0022teaser-link\u0022\u003E\n        \u003Cspan class=\u0022teaser-link--text\u0022\u003EWie serielles Sanieren Wohnraum schafft\n\u003C\/span\u003E\n            \u003C\/a\u003E\n\u003C\/li\u003E\n\u003Cli class=\u0022node node--type--article node--view-mode--unordered-list is-linked\u0022\u003E\n    \u003Ca href=\u0022\/energie\/heizen-mit-erneuerbaren-energien\/erneuerbare-energien-bei-sanierungsfaellen-teil-9\u0022\n       aria-label=\u0022Erneuerbare Energien bei Sanierungsf\u00e4llen, Teil 9: Hybridsysteme\u0022\n       class=\u0022teaser-link\u0022\u003E\n        \u003Cspan class=\u0022teaser-link--text\u0022\u003EErneuerbare Energien bei Sanierungsf\u00e4llen, Teil 9: Hybridsysteme\n\u003C\/span\u003E\n            \u003C\/a\u003E\n\u003C\/li\u003E\n\u003Cli class=\u0022node node--type--article node--view-mode--unordered-list is-linked\u0022\u003E\n    \u003Ca href=\u0022\/gebaeudehuelle\/glas-fassade\/asbest-bestandsbauten-mit-schutzmassnahmen-sicher-sanieren\u0022\n       aria-label=\u0022Asbest in Bestandsbauten: Mit Schutzma\u00dfnahmen sicher sanieren\u0022\n       class=\u0022teaser-link\u0022\u003E\n        \u003Cspan class=\u0022teaser-link--text\u0022\u003EAsbest in Bestandsbauten: Mit Schutzma\u00dfnahmen sicher sanieren\n\u003C\/span\u003E\n            \u003C\/a\u003E\n\u003C\/li\u003E\n\u003Cli class=\u0022node node--type--article node--view-mode--unordered-list is-linked\u0022\u003E\n    \u003Ca href=\u0022\/gebaeudehuelle\/fenster-bauelemente\/fenstertausch-und-sanierung-darauf-muessen-sie-achten\u0022\n       aria-label=\u0022Fenstertausch und Sanierung: Darauf m\u00fcssen Sie achten\u0022\n       class=\u0022teaser-link\u0022\u003E\n        \u003Cspan class=\u0022teaser-link--text\u0022\u003EFenstertausch und Sanierung: Darauf m\u00fcssen Sie achten\n\u003C\/span\u003E\n            \u003C\/a\u003E\n\u003C\/li\u003E\n\u003Cli class=\u0022node node--type--article node--view-mode--unordered-list is-linked\u0022\u003E\n    \u003Ca href=\u0022\/gebaeudehuelle\/plattenbausanierung-ddr-relikt-wird-energieautarkes-mehrfamilienhaus\u0022\n       aria-label=\u0022Plattenbausanierung: DDR-Relikt wird energieautarkes Mehrfamilienhaus\u0022\n       class=\u0022teaser-link\u0022\u003E\n        \u003Cspan class=\u0022teaser-link--text\u0022\u003EPlattenbausanierung: DDR-Relikt wird energieautarkes Mehrfamilienhaus\n\u003C\/span\u003E\n            \u003C\/a\u003E\n\u003C\/li\u003E\n\u003Cli class=\u0022node node--type--article node--view-mode--unordered-list is-linked\u0022\u003E\n    \u003Ca href=\u0022\/gebaeudehuelle\/gebaeudeautomation\/fortschritt-der-sanierung-modul-fuer-nachhaltige-gebaeudetechnik\u0022\n       aria-label=\u0022Fortschritt in der Sanierung: Modul f\u00fcr nachhaltige Geb\u00e4udetechnik\u0022\n       class=\u0022teaser-link\u0022\u003E\n        \u003Cspan class=\u0022teaser-link--text\u0022\u003EFortschritt in der Sanierung: Modul f\u00fcr nachhaltige Geb\u00e4udetechnik\n\u003C\/span\u003E\n            \u003C\/a\u003E\n\u003C\/li\u003E\n\u003Cli class=\u0022node node--type--article node--view-mode--unordered-list is-linked\u0022\u003E\n    \u003Ca href=\u0022\/gebaeudehuelle\/fenster-bauelemente\/weiterbildung-der-energieberatung-so-stemmen-sie-auch-komplexe\u0022\n       aria-label=\u0022Weiterbildung in der Energieberatung: So stemmen Sie auch komplexe Projekte\u0022\n       class=\u0022teaser-link\u0022\u003E\n        \u003Cspan class=\u0022teaser-link--text\u0022\u003EWeiterbildung in der Energieberatung: Sanierung von Denkm\u00e4lern\n\u003C\/span\u003E\n            \u003C\/a\u003E\n\u003C\/li\u003E\n\u003Cli class=\u0022node node--type--article node--view-mode--unordered-list is-linked\u0022\u003E\n    \u003Ca href=\u0022\/energie\/quartierssanierung-erfahrungsberichte-von-zwei-projekten\u0022\n       aria-label=\u0022Quartierssanierung: Erfahrungsberichte von zwei Projekten\u0022\n       class=\u0022teaser-link\u0022\u003E\n        \u003Cspan class=\u0022teaser-link--text\u0022\u003EWohnungsbauunternehmen vs WEG: Erfahrungen aus zwei Quartierssanierungen\n\u003C\/span\u003E\n            \u003C\/a\u003E\n\u003C\/li\u003E\n\u003Cli class=\u0022node node--type--article node--view-mode--unordered-list is-linked\u0022\u003E\n    \u003Ca href=\u0022\/gebaeudehuelle\/daemmung\/klimaneutralitaet-bei-mehrfamilienhaeusern-strategien-und-konzepte\u0022\n       aria-label=\u0022Klimaneutralit\u00e4t bei Mehrfamilienh\u00e4usern: Strategien und Konzepte\u0022\n       class=\u0022teaser-link\u0022\u003E\n        \u003Cspan class=\u0022teaser-link--text\u0022\u003EKlimaneutralit\u00e4t bei Mehrfamilienh\u00e4usern: Strategien und Konzepte\n\u003C\/span\u003E\n            \u003C\/a\u003E\n\u003C\/li\u003E\n\u003Cli class=\u0022node node--type--article node--view-mode--unordered-list is-linked\u0022\u003E\n    \u003Ca href=\u0022\/management\/markt\/contracting-loesung-fuer-kostspielige-sanierungen\u0022\n       aria-label=\u0022Contracting: L\u00f6sung f\u00fcr kostspielige Sanierungen\u0022\n       class=\u0022teaser-link\u0022\u003E\n        \u003Cspan class=\u0022teaser-link--text\u0022\u003EContracting: L\u00f6sung f\u00fcr kostspielige Sanierungen\n\u003C\/span\u003E\n            \u003C\/a\u003E\n\u003C\/li\u003E\n\u003Cli class=\u0022node node--type--article node--view-mode--unordered-list is-linked\u0022\u003E\n    \u003Ca href=\u0022\/klima-lueftung\/kaeltetechnik\/sanierung-einer-korrodierten-kaelteanlage-bei-laufendem-betrieb\u0022\n       aria-label=\u0022Sanierung einer korrodierten K\u00e4lteanlage bei laufendem Betrieb\u0022\n       class=\u0022teaser-link\u0022\u003E\n        \u003Cspan class=\u0022teaser-link--text\u0022\u003EPraxisreport: Sanierung einer korrodierten K\u00e4lteanlage bei laufendem Betrieb\n\u003C\/span\u003E\n            \u003C\/a\u003E\n\u003C\/li\u003E\n\u003Cli class=\u0022node node--type--article node--view-mode--unordered-list is-linked\u0022\u003E\n    \u003Ca href=\u0022\/klima-lueftung\/lueftungstechnik\/lueftungskonzepte-fuer-keller-und-dachgeschosse\u0022\n       aria-label=\u0022L\u00fcftungskonzepte f\u00fcr Keller und Dachgeschosse\u0022\n       class=\u0022teaser-link\u0022\u003E\n        \u003Cspan class=\u0022teaser-link--text\u0022\u003EWohnraumbeschaffung: L\u00fcftungskonzepte f\u00fcr Keller und Dachgeschosse\n\u003C\/span\u003E\n            \u003C\/a\u003E\n\u003C\/li\u003E\n\u003Cli class=\u0022node node--type--article node--view-mode--unordered-list is-linked\u0022\u003E\n    \u003Ca href=\u0022\/management\/panorama\/l-bank-stockt-kfw-foerderung-fuer-energetische-gebaeudesanierung-auf\u0022\n       aria-label=\u0022L-Bank stockt KfW-F\u00f6rderung f\u00fcr energetische Geb\u00e4udesanierung auf\u0022\n       class=\u0022teaser-link\u0022\u003E\n        \u003Cspan class=\u0022teaser-link--text\u0022\u003EL-Bank stockt KfW-F\u00f6rderung f\u00fcr die energetische Geb\u00e4udesanierung auf\n\u003C\/span\u003E\n            \u003C\/a\u003E\n\u003C\/li\u003E\n\u003Cli class=\u0022node node--type--article node--view-mode--unordered-list is-linked\u0022\u003E\n    \u003Ca href=\u0022\/management\/it\/sanierungsnavi-erleichtert-einstieg-die-gebaeudesanierung\u0022\n       aria-label=\u0022Sanierungsnavi erleichtert Einstieg in die Geb\u00e4udesanierung\u0022\n       class=\u0022teaser-link\u0022\u003E\n        \u003Cspan class=\u0022teaser-link--text\u0022\u003ESanierungsnavi erleichtert Einstieg in die Geb\u00e4udesanierung\n\u003C\/span\u003E\n            \u003C\/a\u003E\n\u003C\/li\u003E\n\u003Cli class=\u0022node node--type--article node--view-mode--unordered-list is-linked\u0022\u003E\n    \u003Ca href=\u0022\/management\/panorama\/grundsaetzliche-fragen-rund-um-die-hausmodernisierung\u0022\n       aria-label=\u0022Grunds\u00e4tzliche Fragen rund um die Hausmodernisierung\u0022\n       class=\u0022teaser-link\u0022\u003E\n        \u003Cspan class=\u0022teaser-link--text\u0022\u003EGrunds\u00e4tzliche Fragen rund um die Hausmodernisierung\n\u003C\/span\u003E\n            \u003C\/a\u003E\n\u003C\/li\u003E\n\u003Cli class=\u0022node node--type--article node--view-mode--unordered-list is-linked\u0022\u003E\n    \u003Ca href=\u0022\/management\/normen-recht\/mieterhoehung-wegen-energetischer-sanierung-so-nicht\u0022\n       aria-label=\u0022Mieterh\u00f6hung wegen energetischer Sanierung: So nicht\u0022\n       class=\u0022teaser-link\u0022\u003E\n        \u003Cspan class=\u0022teaser-link--text\u0022\u003EMieterh\u00f6hung wegen energetischer Sanierung: So nicht\n\u003C\/span\u003E\n            \u003C\/a\u003E\n\u003C\/li\u003E\n\u003Cli class=\u0022node node--type--article node--view-mode--unordered-list is-linked\u0022\u003E\n    \u003Ca href=\u0022\/energie\/quartierskonzepte-neue-betaetigungsfelder-fuer-energieberater\u0022\n       aria-label=\u0022Quartierskonzepte: Neue Bet\u00e4tigungsfelder f\u00fcr Energieberater\u2002\u0022\n       class=\u0022teaser-link\u0022\u003E\n        \u003Cspan class=\u0022teaser-link--text\u0022\u003EQuartierskonzepte: Neue Bet\u00e4tigungsfelder f\u00fcr Energieberater\u2002\n\u003C\/span\u003E\n            \u003C\/a\u003E\n\u003C\/li\u003E\n\u003Cli class=\u0022node node--type--article node--view-mode--unordered-list is-linked\u0022\u003E\n    \u003Ca href=\u0022\/heizung\/waermeverteilung\/wann-eine-rohrinnensanierung-der-fussbodenheizung-sinnvoll-ist\u0022\n       aria-label=\u0022Wann eine Rohrinnensanierung der Fussbodenheizung sinnvoll ist\u0022\n       class=\u0022teaser-link\u0022\u003E\n        \u003Cspan class=\u0022teaser-link--text\u0022\u003EWann eine Rohrinnensanierung der Fussbodenheizung sinnvoll ist\n\u003C\/span\u003E\n            \u003C\/a\u003E\n\u003C\/li\u003E\n\u003Cli class=\u0022node node--type--article node--view-mode--unordered-list is-linked\u0022\u003E\n    \u003Ca href=\u0022\/klima-lueftung\/warum-wirtschaftlichkeitsgebot-und-klimaschutz-nicht-mehr-zusammenpassen\u0022\n       aria-label=\u0022Warum Wirtschaftlichkeitsgebot und Klimaschutz nicht mehr zusammenpassen\u0022\n       class=\u0022teaser-link\u0022\u003E\n        \u003Cspan class=\u0022teaser-link--text\u0022\u003EWarum Wirtschaftlichkeitsgebot und Klimaschutz nicht mehr zusammenpassen\n\u003C\/span\u003E\n            \u003C\/a\u003E\n\u003C\/li\u003E\n\u003Cli class=\u0022node node--type--article node--view-mode--unordered-list is-linked\u0022\u003E\n    \u003Ca href=\u0022\/heizung\/waermeverteilung\/so-funktioniert-ein-unterirdischer-pufferspeicher-der-praxis\u0022\n       aria-label=\u0022So funktioniert ein unterirdischer Pufferspeicher in der Praxis\u0022\n       class=\u0022teaser-link\u0022\u003E\n        \u003Cspan class=\u0022teaser-link--text\u0022\u003ESo funktioniert ein unterirdischer Pufferspeicher in der Praxis\n\u003C\/span\u003E\n            \u003C\/a\u003E\n\u003C\/li\u003E\n\u003Cli class=\u0022node node--type--article node--view-mode--unordered-list is-linked\u0022\u003E\n    \u003Ca href=\u0022\/management\/betriebsfuehrung\/krise-im-unternehmen-so-motivieren-sie-ihre-mitarbeiter\u0022\n       aria-label=\u0022Krise im Unternehmen - So motivieren Sie Ihre Mitarbeiter\u0022\n       class=\u0022teaser-link\u0022\u003E\n        \u003Cspan class=\u0022teaser-link--text\u0022\u003EKrise im Unternehmen - So motivieren Sie Ihre Mitarbeiter\n\u003C\/span\u003E\n            \u003C\/a\u003E\n\u003C\/li\u003E\n\u003Cli class=\u0022node node--type--article node--view-mode--unordered-list is-linked\u0022\u003E\n    \u003Ca href=\u0022\/heizung\/waermeerzeugung\/so-werden-flaechenheizungen-flaechendeckend-optimiert\u0022\n       aria-label=\u0022So werden Fl\u00e4chenheizungen fl\u00e4chendeckend optimiert\u0022\n       class=\u0022teaser-link\u0022\u003E\n        \u003Cspan class=\u0022teaser-link--text\u0022\u003EFl\u00e4chenheizung im Bestand optimieren: Das sind die M\u00f6glichkeiten\n\u003C\/span\u003E\n            \u003C\/a\u003E\n\u003C\/li\u003E\n","entity_type":"node","used_ids":["",23716,23327,22250,22148,22073,21841,21574,19826,19103,18831,18055,17976,17143,16495,15968,15081,14661,14291,13904,12833,10693,9401,9351,8691,8666,7321,7110,6032,5998,5864],"show_more":""}]