[{"command":"showMoreTeasers","id":"del--paragraph-45316","content":"\u003Cli class=\u0022node node--type--article node--view-mode--unordered-list is-linked\u0022\u003E\n    \u003Ca href=\u0022\/management\/fahrzeuge\/solar-manager-und-ambibox-ermoeglichen-bidirektionales-laden\u0022\n       aria-label=\u0022Solar Manager und Ambibox erm\u00f6glichen bidirektionales Laden\u0022\n       class=\u0022teaser-link\u0022\u003E\n        \u003Cspan class=\u0022teaser-link--text\u0022\u003ESolar Manager und Ambibox erm\u00f6glichen bidirektionales Laden\n\u003C\/span\u003E\n            \u003C\/a\u003E\n\u003C\/li\u003E\n\u003Cli class=\u0022node node--type--article node--view-mode--unordered-list is-linked\u0022\u003E\n    \u003Ca href=\u0022\/management\/fahrzeuge\/so-bleibt-das-e-auto-im-winter-warm-auch-ohne-grosse-reichweitenverluste\u0022\n       aria-label=\u0022So bleibt das E-Auto im Winter warm: Auch ohne gro\u00dfe Reichweitenverluste\u0022\n       class=\u0022teaser-link\u0022\u003E\n        \u003Cspan class=\u0022teaser-link--text\u0022\u003ESo bleibt das E-Auto im Winter warm: Auch ohne gro\u00dfe Reichweitenverluste\n\u003C\/span\u003E\n            \u003C\/a\u003E\n\u003C\/li\u003E\n\u003Cli class=\u0022node node--type--article node--view-mode--unordered-list is-linked\u0022\u003E\n    \u003Ca href=\u0022\/management\/fahrzeuge\/ubbink-intelligente-wallbox-fuer-effiziente-ladeinfrastruktur-im-eigenheim\u0022\n       aria-label=\u0022Ubbink: Intelligente Wallbox f\u00fcr effiziente Ladeinfrastruktur im Eigenheim\u0022\n       class=\u0022teaser-link\u0022\u003E\n        \u003Cspan class=\u0022teaser-link--text\u0022\u003EUbbink: Intelligente Wallbox f\u00fcr effiziente Ladeinfrastruktur im Eigenheim\n\u003C\/span\u003E\n            \u003C\/a\u003E\n\u003C\/li\u003E\n\u003Cli class=\u0022node node--type--article node--view-mode--unordered-list is-linked\u0022\u003E\n    \u003Ca href=\u0022\/management\/fahrzeuge\/chargepoint-ki-software-fuer-effizientes-ladeinfrastruktur-management\u0022\n       aria-label=\u0022ChargePoint: KI-Software f\u00fcr effizientes Ladeinfrastruktur-Management\u0022\n       class=\u0022teaser-link\u0022\u003E\n        \u003Cspan class=\u0022teaser-link--text\u0022\u003EChargePoint: KI-Software f\u00fcr effizientes Ladeinfrastruktur-Management\n\u003C\/span\u003E\n            \u003C\/a\u003E\n\u003C\/li\u003E\n\u003Cli class=\u0022node node--type--article node--view-mode--unordered-list is-linked\u0022\u003E\n    \u003Ca href=\u0022\/management\/fahrzeuge\/ford-startet-batterieproduktion-fuer-elektrofahrzeuge-koeln\u0022\n       aria-label=\u0022Ford startet Batterieproduktion f\u00fcr Elektrofahrzeuge in K\u00f6ln\u0022\n       class=\u0022teaser-link\u0022\u003E\n        \u003Cspan class=\u0022teaser-link--text\u0022\u003EFord startet Batterieproduktion f\u00fcr E-Fahrzeuge in K\u00f6ln\n\u003C\/span\u003E\n            \u003C\/a\u003E\n\u003C\/li\u003E\n\u003Cli class=\u0022node node--type--article node--view-mode--unordered-list is-linked\u0022\u003E\n    \u003Ca href=\u0022\/management\/fahrzeuge\/iveco-erweitert-elektro-nutzfahrzeug-portfolio-mit-ejolly-und-esuperjolly\u0022\n       aria-label=\u0022Iveco erweitert Elektro-Nutzfahrzeug-Portfolio mit eJolly und eSuperJolly\u0022\n       class=\u0022teaser-link\u0022\u003E\n        \u003Cspan class=\u0022teaser-link--text\u0022\u003EIveco erweitert Elektro-Nutzfahrzeug-Portfolio mit eJolly und eSuperJolly\n\u003C\/span\u003E\n            \u003C\/a\u003E\n\u003C\/li\u003E\n\u003Cli class=\u0022node node--type--article node--view-mode--unordered-list is-linked\u0022\u003E\n    \u003Ca href=\u0022\/management\/fahrzeuge\/ladestation-fuer-das-heimladen-von-e-dienstwagen\u0022\n       aria-label=\u0022Ladestation f\u00fcr das Heimladen von E-Dienstwagen\u0022\n       class=\u0022teaser-link\u0022\u003E\n        \u003Cspan class=\u0022teaser-link--text\u0022\u003ENeue Ladestation optimiert Heimladen von E-Dienstwagen\n\u003C\/span\u003E\n            \u003C\/a\u003E\n\u003C\/li\u003E\n\u003Cli class=\u0022node node--type--article node--view-mode--unordered-list is-linked\u0022\u003E\n    \u003Ca href=\u0022\/management\/fahrzeuge\/citroen-e-berlingo-mpv-vielseitiger-elektro-van-fuer-alltag-und-beruf\u0022\n       aria-label=\u0022Citro\u00ebn \u00eb-Berlingo MPV: Vielseitiger Elektro-Van f\u00fcr Alltag und Beruf\u0022\n       class=\u0022teaser-link\u0022\u003E\n        \u003Cspan class=\u0022teaser-link--text\u0022\u003ECitro\u00ebn \u00eb-Berlingo MPV: Vielseitiger Elektro-Van f\u00fcr Alltag und Beruf\n\u003C\/span\u003E\n            \u003C\/a\u003E\n\u003C\/li\u003E\n\u003Cli class=\u0022node node--type--article node--view-mode--unordered-list is-linked\u0022\u003E\n    \u003Ca href=\u0022\/management\/fahrzeuge\/citroen-bringt-elektro-sonderserie-e-jumpy-type-h-pack-auf-den-markt\u0022\n       aria-label=\u0022Citro\u00ebn bringt Elektro-Sonderserie \u00eb-Jumpy Type-H Pack auf den Markt\u0022\n       class=\u0022teaser-link\u0022\u003E\n        \u003Cspan class=\u0022teaser-link--text\u0022\u003ECitro\u00ebn bringt Elektro-Sonderserie \u00eb-Jumpy Type-H Pack auf den Markt\n\u003C\/span\u003E\n            \u003C\/a\u003E\n\u003C\/li\u003E\n\u003Cli class=\u0022node node--type--article node--view-mode--unordered-list is-linked\u0022\u003E\n    \u003Ca href=\u0022\/management\/fahrzeuge\/elli-stellt-eichrechtskonforme-wallbox-fuer-gewerbliches-laden-vor\u0022\n       aria-label=\u0022Elli stellt eichrechtskonforme Wallbox f\u00fcr gewerbliches Laden vor\u0022\n       class=\u0022teaser-link\u0022\u003E\n        \u003Cspan class=\u0022teaser-link--text\u0022\u003EElli stellt eichrechtskonforme Wallbox f\u00fcr gewerbliches Laden vor\n\u003C\/span\u003E\n            \u003C\/a\u003E\n\u003C\/li\u003E\n\u003Cli class=\u0022node node--type--article node--view-mode--unordered-list is-linked\u0022\u003E\n    \u003Ca href=\u0022\/management\/fahrzeuge\/mercedes-benz-bringt-evito-kastenwagen-mit-groesserer-batterie-auf-den-markt\u0022\n       aria-label=\u0022Mercedes-Benz bringt eVito Kastenwagen mit gr\u00f6\u00dferer Batterie auf den Markt\u0022\n       class=\u0022teaser-link\u0022\u003E\n        \u003Cspan class=\u0022teaser-link--text\u0022\u003EMercedes-Benz bringt eVito Kastenwagen mit gr\u00f6\u00dferer Batterie auf den Markt\n\u003C\/span\u003E\n            \u003C\/a\u003E\n\u003C\/li\u003E\n\u003Cli class=\u0022node node--type--article node--view-mode--unordered-list is-linked\u0022\u003E\n    \u003Ca href=\u0022\/management\/fahrzeuge\/fahrzeug-ladesteuerungen-als-kommunikations-und-steuerungseinheit-zwischen-dc\u0022\n       aria-label=\u0022Fahrzeug-Ladesteuerungen als Kommunikations- und Steuerungseinheit zwischen DC-Ladestation und E-Fahrzeug\u0022\n       class=\u0022teaser-link\u0022\u003E\n        \u003Cspan class=\u0022teaser-link--text\u0022\u003EFahrzeug-Ladesteuerungen als Kommunikations- und Steuerungseinheit zwischen DC-Ladestation und E-Fahrzeug\n\u003C\/span\u003E\n            \u003C\/a\u003E\n\u003C\/li\u003E\n\u003Cli class=\u0022node node--type--article node--view-mode--unordered-list is-linked\u0022\u003E\n    \u003Ca href=\u0022\/energie\/wechselrichter\/schaltbau-praesentiert-neue-dc-schuetze-fuer-bidirektionale-anwendungen\u0022\n       aria-label=\u0022Schaltbau pr\u00e4sentiert neue DC-Sch\u00fctze f\u00fcr bidirektionale Anwendungen\u0022\n       class=\u0022teaser-link\u0022\u003E\n        \u003Cspan class=\u0022teaser-link--text\u0022\u003ESchaltbau pr\u00e4sentiert neue DC-Sch\u00fctze f\u00fcr bidirektionale Anwendungen\n\u003C\/span\u003E\n            \u003C\/a\u003E\n\u003C\/li\u003E\n\u003Cli class=\u0022node node--type--article node--view-mode--unordered-list is-linked\u0022\u003E\n    \u003Ca href=\u0022\/management\/fahrzeuge\/sunpower-intelligent-vernetzte-wallbox\u0022\n       aria-label=\u0022Sunpower: Intelligent vernetzte Wallbox \u0022\n       class=\u0022teaser-link\u0022\u003E\n        \u003Cspan class=\u0022teaser-link--text\u0022\u003ESunpower: Intelligent vernetzte Wallbox \n\u003C\/span\u003E\n            \u003C\/a\u003E\n\u003C\/li\u003E\n\u003Cli class=\u0022node node--type--article node--view-mode--unordered-list is-linked\u0022\u003E\n    \u003Ca href=\u0022\/management\/fahrzeuge\/xcharge-stellt-neue-ladeloesungen-vor\u0022\n       aria-label=\u0022XCharge stellt neue Ladel\u00f6sungen vor\u0022\n       class=\u0022teaser-link\u0022\u003E\n        \u003Cspan class=\u0022teaser-link--text\u0022\u003EXCharge stellt neue Ladel\u00f6sungen vor\n\u003C\/span\u003E\n            \u003C\/a\u003E\n\u003C\/li\u003E\n\u003Cli class=\u0022node node--type--article node--view-mode--unordered-list is-linked\u0022\u003E\n    \u003Ca href=\u0022\/management\/fahrzeuge\/mercedes-benz-sustaineer-update-und-neue-kooperation-fuer-effiziente\u0022\n       aria-label=\u0022Mercedes-Benz: Sustaineer-Update und neue Kooperation f\u00fcr effiziente Zustellung\u0022\n       class=\u0022teaser-link\u0022\u003E\n        \u003Cspan class=\u0022teaser-link--text\u0022\u003EMercedes-Benz: Sustaineer-Update und neue Kooperation f\u00fcr effiziente Zustellung\n\u003C\/span\u003E\n            \u003C\/a\u003E\n\u003C\/li\u003E\n\u003Cli class=\u0022node node--type--article node--view-mode--unordered-list is-linked\u0022\u003E\n    \u003Ca href=\u0022\/management\/fahrzeuge\/evlink-pro-dc-schnellladen-fuer-flotten-und-gewerbe\u0022\n       aria-label=\u0022EVlink Pro DC: Schnellladen f\u00fcr Flotten und Gewerbe\u0022\n       class=\u0022teaser-link\u0022\u003E\n        \u003Cspan class=\u0022teaser-link--text\u0022\u003EEVlink Pro DC: Schnellladen f\u00fcr Flotten und Gewerbe\n\u003C\/span\u003E\n            \u003C\/a\u003E\n\u003C\/li\u003E\n\u003Cli class=\u0022node node--type--article node--view-mode--unordered-list is-linked\u0022\u003E\n    \u003Ca href=\u0022\/management\/fahrzeuge\/flexibles-ladesystem-pro-vom-mercedes-benz\u0022\n       aria-label=\u0022Flexibles Ladesystem Pro vom Mercedes Benz\u0022\n       class=\u0022teaser-link\u0022\u003E\n        \u003Cspan class=\u0022teaser-link--text\u0022\u003EFlexibles Ladesystem Pro vom Mercedes Benz\n\u003C\/span\u003E\n            \u003C\/a\u003E\n\u003C\/li\u003E\n\u003Cli class=\u0022node node--type--article node--view-mode--unordered-list is-linked\u0022\u003E\n    \u003Ca href=\u0022\/management\/fahrzeuge\/all-one-energieloesung-pv-strom-fuer-lkw-und-busse\u0022\n       aria-label=\u0022All-in-One-Energiel\u00f6sung: PV-Strom f\u00fcr Lkw und Busse\u0022\n       class=\u0022teaser-link\u0022\u003E\n        \u003Cspan class=\u0022teaser-link--text\u0022\u003EAll-in-One-Energiel\u00f6sung: PV-Strom f\u00fcr Lkw und Busse\n\u003C\/span\u003E\n            \u003C\/a\u003E\n\u003C\/li\u003E\n\u003Cli class=\u0022node node--type--article node--view-mode--unordered-list is-linked\u0022\u003E\n    \u003Ca href=\u0022\/energie\/batteriespeicher\/e-autos-als-stromspeicher-neues-projekt-von-e3-dc-und-volkswagen\u0022\n       aria-label=\u0022E-Autos als Stromspeicher: Neues Projekt von E3\/DC und Volkswagen \u0022\n       class=\u0022teaser-link\u0022\u003E\n        \u003Cspan class=\u0022teaser-link--text\u0022\u003EE-Autos als Stromspeicher: Neues Projekt von E3\/DC und Volkswagen \n\u003C\/span\u003E\n            \u003C\/a\u003E\n\u003C\/li\u003E\n\u003Cli class=\u0022node node--type--article node--view-mode--unordered-list is-linked\u0022\u003E\n    \u003Ca href=\u0022\/management\/fahrzeuge\/iveco-daily-eine-klasse-fuer-sich-sachen-sicherheit-und-fahrerlebnis\u0022\n       aria-label=\u0022Iveco Daily: Eine Klasse f\u00fcr sich in Sachen Sicherheit und Fahrerlebnis\u0022\n       class=\u0022teaser-link\u0022\u003E\n        \u003Cspan class=\u0022teaser-link--text\u0022\u003EIveco Daily: Eine Klasse f\u00fcr sich in Sachen Sicherheit und Fahrerlebnis\n\u003C\/span\u003E\n            \u003C\/a\u003E\n\u003C\/li\u003E\n\u003Cli class=\u0022node node--type--article node--view-mode--unordered-list is-linked\u0022\u003E\n    \u003Ca href=\u0022\/management\/fahrzeuge\/ford-ranger-geht-mit-neuer-plug-hybrid-version-den-start\u0022\n       aria-label=\u0022Ford Ranger geht mit neuer Plug-in-Hybrid-Version an den Start\u0022\n       class=\u0022teaser-link\u0022\u003E\n        \u003Cspan class=\u0022teaser-link--text\u0022\u003EFord Ranger geht mit neuer Plug-in-Hybrid-Version an den Start\n\u003C\/span\u003E\n            \u003C\/a\u003E\n\u003C\/li\u003E\n\u003Cli class=\u0022node node--type--article node--view-mode--unordered-list is-linked\u0022\u003E\n    \u003Ca href=\u0022\/management\/fahrzeuge\/ioniq-6-hyundais-mobiles-buero\u0022\n       aria-label=\u0022IONIQ 6: Hyundais mobiles B\u00fcro\u0022\n       class=\u0022teaser-link\u0022\u003E\n        \u003Cspan class=\u0022teaser-link--text\u0022\u003EIONIQ 6: Hyundais mobiles B\u00fcro\n\u003C\/span\u003E\n            \u003C\/a\u003E\n\u003C\/li\u003E\n\u003Cli class=\u0022node node--type--article node--view-mode--unordered-list is-linked\u0022\u003E\n    \u003Ca href=\u0022\/management\/fahrzeuge\/audi-q6-e-tron-mit-digitaler-lichtsignatur\u0022\n       aria-label=\u0022Audi Q6 e-tron mit digitaler Lichtsignatur\u0022\n       class=\u0022teaser-link\u0022\u003E\n        \u003Cspan class=\u0022teaser-link--text\u0022\u003EAudi Q6 e-tron mit digitaler Lichtsignatur\n\u003C\/span\u003E\n            \u003C\/a\u003E\n\u003C\/li\u003E\n\u003Cli class=\u0022node node--type--article node--view-mode--unordered-list is-linked\u0022\u003E\n    \u003Ca href=\u0022\/energie\/pv-module\/greenakku-solarpower-fuer-camper\u0022\n       aria-label=\u0022Greenakku: Solarpower f\u00fcr Camper\u0022\n       class=\u0022teaser-link\u0022\u003E\n        \u003Cspan class=\u0022teaser-link--text\u0022\u003EGreenakku: Solarpower f\u00fcr Camper\n\u003C\/span\u003E\n            \u003C\/a\u003E\n\u003C\/li\u003E\n\u003Cli class=\u0022node node--type--article node--view-mode--unordered-list is-linked\u0022\u003E\n    \u003Ca href=\u0022\/management\/fahrzeuge\/elektrischer-kult-pickup-ford-f-150-lightning-kommt-nach-europa\u0022\n       aria-label=\u0022Elektrischer Kult-Pickup: Ford F-150 Lightning kommt nach Europa\u0022\n       class=\u0022teaser-link\u0022\u003E\n        \u003Cspan class=\u0022teaser-link--text\u0022\u003EElektrischer Kult-Pickup: Ford F-150 Lightning kommt nach Europa\n\u003C\/span\u003E\n            \u003C\/a\u003E\n\u003C\/li\u003E\n\u003Cli class=\u0022node node--type--article node--view-mode--unordered-list is-linked\u0022\u003E\n    \u003Ca href=\u0022\/management\/fahrzeuge\/fiat-doblo-cargo-quartett-komplett\u0022\n       aria-label=\u0022Fiat Dobl\u00f2 Cargo: Quartett komplett\u0022\n       class=\u0022teaser-link\u0022\u003E\n        \u003Cspan class=\u0022teaser-link--text\u0022\u003EFiat Dobl\u00f2 Cargo: Quartett komplett\n\u003C\/span\u003E\n            \u003C\/a\u003E\n\u003C\/li\u003E\n\u003Cli class=\u0022node node--type--article node--view-mode--unordered-list is-linked\u0022\u003E\n    \u003Ca href=\u0022\/management\/fahrzeuge\/raycap-schutz-vor-ueberspannungen-fuer-e-ladesaeulen\u0022\n       aria-label=\u0022Raycap: Schutz vor \u00dcberspannungen f\u00fcr E-Lades\u00e4ulen\u0022\n       class=\u0022teaser-link\u0022\u003E\n        \u003Cspan class=\u0022teaser-link--text\u0022\u003ERaycap: Schutz vor \u00dcberspannungen f\u00fcr E-Lades\u00e4ulen\n\u003C\/span\u003E\n            \u003C\/a\u003E\n\u003C\/li\u003E\n\u003Cli class=\u0022node node--type--article node--view-mode--unordered-list is-linked\u0022\u003E\n    \u003Ca href=\u0022\/energie\/batteriespeicher\/intilion-speicher-intelligentes-it-backend-fuer-elektromobilitaet\u0022\n       aria-label=\u0022Intilion-Speicher in intelligentes IT-Backend f\u00fcr Elektromobilit\u00e4t integriert\u0022\n       class=\u0022teaser-link\u0022\u003E\n        \u003Cspan class=\u0022teaser-link--text\u0022\u003EIntilion-Speicher in intelligentes IT-Backend f\u00fcr Elektromobilit\u00e4t integriert\n\u003C\/span\u003E\n            \u003C\/a\u003E\n\u003C\/li\u003E\n\u003Cli class=\u0022node node--type--article node--view-mode--unordered-list is-linked\u0022\u003E\n    \u003Ca href=\u0022\/management\/fahrzeuge\/enecteor-kostal-bietet-jetzt-auch-wallbox\u0022\n       aria-label=\u0022Enecteor: Kostal bietet jetzt auch Wallbox an\u0022\n       class=\u0022teaser-link\u0022\u003E\n        \u003Cspan class=\u0022teaser-link--text\u0022\u003EEnecteor: Kostal bietet jetzt auch Wallbox an\n\u003C\/span\u003E\n            \u003C\/a\u003E\n\u003C\/li\u003E\n","entity_type":"node","used_ids":["",23711,23134,22955,22954,21909,21905,21906,21705,21525,21332,21331,20870,20732,20004,19599,19254,19015,18942,18457,18333,18332,18110,17907,17435,17431,16832,16653,16165,14487,13208],"show_more":""}]