[{"command":"showMoreTeasers","id":"del--paragraph-45452","content":"\u003Cli class=\u0022node node--type--article node--view-mode--unordered-list is-linked\u0022\u003E\n    \u003Ca href=\u0022\/heizung\/waermeerzeugung\/geringer-anstieg-fuer-co2-preis-auf-brennstoffe-erwartet\u0022\n       aria-label=\u0022Geringer Anstieg f\u00fcr CO2-Preis auf Brennstoffe erwartet\u0022\n       class=\u0022teaser-link\u0022\u003E\n        \u003Cspan class=\u0022teaser-link--text\u0022\u003EGeringer Anstieg f\u00fcr CO2-Preis auf Brennstoffe erwartet\n\u003C\/span\u003E\n            \u003C\/a\u003E\n\u003C\/li\u003E\n\u003Cli class=\u0022node node--type--article node--view-mode--unordered-list is-linked\u0022\u003E\n    \u003Ca href=\u0022\/heizung\/waermeerzeugung\/waermewende-zentral-fuer-die-erreichung-der-klimaziele\u0022\n       aria-label=\u0022W\u00e4rmewende zentral f\u00fcr die Erreichung der Klimaziele\u0022\n       class=\u0022teaser-link\u0022\u003E\n        \u003Cspan class=\u0022teaser-link--text\u0022\u003EW\u00e4rmewende zentral f\u00fcr die Erreichung der Klimaziele\n\u003C\/span\u003E\n            \u003C\/a\u003E\n\u003C\/li\u003E\n\u003Cli class=\u0022node node--type--article node--view-mode--unordered-list is-linked\u0022\u003E\n    \u003Ca href=\u0022\/heizung\/klimaschutz-massnahmen-deutsche-verbraucher-irren-bei-wirksamkeit\u0022\n       aria-label=\u0022Klimaschutz-Ma\u00dfnahmen: Deutsche Verbraucher irren bei Wirksamkeit\u0022\n       class=\u0022teaser-link\u0022\u003E\n        \u003Cspan class=\u0022teaser-link--text\u0022\u003EKlimaschutz-Ma\u00dfnahmen: Deutsche Verbraucher irren bei Wirksamkeit\n\u003C\/span\u003E\n            \u003C\/a\u003E\n\u003C\/li\u003E\n\u003Cli class=\u0022node node--type--article node--view-mode--unordered-list is-linked\u0022\u003E\n    \u003Ca href=\u0022\/heizung\/waermeerzeugung\/feinstaubfilter-fuer-kaminoefen-der-countdown-laeuft\u0022\n       aria-label=\u0022Feinstaubfilter f\u00fcr Kamin\u00f6fen: Der Countdown l\u00e4uft\u0022\n       class=\u0022teaser-link\u0022\u003E\n        \u003Cspan class=\u0022teaser-link--text\u0022\u003EFeinstaubfilter f\u00fcr Kamin\u00f6fen: Der Countdown l\u00e4uft\n\u003C\/span\u003E\n            \u003C\/a\u003E\n\u003C\/li\u003E\n\u003Cli class=\u0022node node--type--article node--view-mode--unordered-list is-linked\u0022\u003E\n    \u003Ca href=\u0022\/heizung\/waermepumpen\/luft-luft-waermepumpen-als-baustein-zum-erreichen-der-klimaziele\u0022\n       aria-label=\u0022Luft-Luft-W\u00e4rmepumpen als Baustein zum Erreichen der Klimaziele\u0022\n       class=\u0022teaser-link\u0022\u003E\n        \u003Cspan class=\u0022teaser-link--text\u0022\u003ELuft-Luft-W\u00e4rmepumpen als Baustein zum Erreichen der Klimaziele\n\u003C\/span\u003E\n            \u003C\/a\u003E\n\u003C\/li\u003E\n\u003Cli class=\u0022node node--type--article node--view-mode--unordered-list is-linked\u0022\u003E\n    \u003Ca href=\u0022\/heizung\/waermenutzung\/mehr-als-ein-drittel-der-bewohner-hat-im-oktober-nicht-geheizt\u0022\n       aria-label=\u0022Mehr als ein Drittel der Bewohner hat im Oktober nicht geheizt\u0022\n       class=\u0022teaser-link\u0022\u003E\n        \u003Cspan class=\u0022teaser-link--text\u0022\u003EMehr als ein Drittel der Bewohner hat im Oktober nicht geheizt\n\u003C\/span\u003E\n            \u003C\/a\u003E\n\u003C\/li\u003E\n\u003Cli class=\u0022node node--type--article node--view-mode--unordered-list is-linked\u0022\u003E\n    \u003Ca href=\u0022\/heizung\/waermepumpen\/bdh-begruesst-trilog-einigung-zu-f-gasen\u0022\n       aria-label=\u0022BDH begr\u00fc\u00dft Trilog-Einigung zu F-Gasen\u0022\n       class=\u0022teaser-link\u0022\u003E\n        \u003Cspan class=\u0022teaser-link--text\u0022\u003EBDH begr\u00fc\u00dft Trilog-Einigung zu F-Gasen\n\u003C\/span\u003E\n            \u003C\/a\u003E\n\u003C\/li\u003E\n\u003Cli class=\u0022node node--type--article node--view-mode--unordered-list is-linked\u0022\u003E\n    \u003Ca href=\u0022\/heizung\/waermepumpen\/heizungsmarkt-boomt-waermepumpen-mit-groesstem-zuwachs\u0022\n       aria-label=\u0022Heizungsmarkt boomt: W\u00e4rmepumpen mit gr\u00f6\u00dftem Zuwachs\u0022\n       class=\u0022teaser-link\u0022\u003E\n        \u003Cspan class=\u0022teaser-link--text\u0022\u003EHeizungsmarkt boomt: W\u00e4rmepumpen mit gr\u00f6\u00dftem Zuwachs\n\u003C\/span\u003E\n            \u003C\/a\u003E\n\u003C\/li\u003E\n\u003Cli class=\u0022node node--type--article node--view-mode--unordered-list is-linked\u0022\u003E\n    \u003Ca href=\u0022\/heizung\/waermeerzeugung\/65-prozent-erneuerbare-heizsysteme-ab-2024-diese-massnahmen-plant-die\u0022\n       aria-label=\u002265 Prozent Erneuerbare Heizsysteme ab 2024: Diese Ma\u00dfnahmen plant die Politik\u0022\n       class=\u0022teaser-link\u0022\u003E\n        \u003Cspan class=\u0022teaser-link--text\u0022\u003ENeue Heizung ab 2024 mit erneuerbaren Energien: Diese Ma\u00dfnahmen plant die Politik\n\u003C\/span\u003E\n            \u003C\/a\u003E\n\u003C\/li\u003E\n\u003Cli class=\u0022node node--type--article node--view-mode--unordered-list is-linked\u0022\u003E\n    \u003Ca href=\u0022\/heizung\/waermepumpen\/lichtblick-koalition-verpatzt-neustart-fuer-klimaschutz-bei-gebaeuden\u0022\n       aria-label=\u0022LichtBlick: Koalition verpatzt Neustart f\u00fcr Klimaschutz bei Geb\u00e4uden\u0022\n       class=\u0022teaser-link\u0022\u003E\n        \u003Cspan class=\u0022teaser-link--text\u0022\u003ELichtBlick: Koalition verpatzt Neustart f\u00fcr Klimaschutz bei Geb\u00e4uden\n\u003C\/span\u003E\n            \u003C\/a\u003E\n\u003C\/li\u003E\n\u003Cli class=\u0022node node--type--article node--view-mode--unordered-list is-linked\u0022\u003E\n    \u003Ca href=\u0022\/heizung\/waermepumpen\/waermepumpen-gipfel-alle-wichtigen-ergebnisse-im-ueberblick\u0022\n       aria-label=\u0022W\u00e4rmepumpen-Gipfel: Alle wichtigen Ergebnisse im \u00dcberblick\u0022\n       class=\u0022teaser-link\u0022\u003E\n        \u003Cspan class=\u0022teaser-link--text\u0022\u003EW\u00e4rmepumpen-Gipfel: Alle wichtigen Ergebnisse im \u00dcberblick\n\u003C\/span\u003E\n            \u003C\/a\u003E\n\u003C\/li\u003E\n\u003Cli class=\u0022node node--type--article node--view-mode--unordered-list is-linked\u0022\u003E\n    \u003Ca href=\u0022\/heizung\/waermeerzeugung\/heizen-ohne-oel-erdgas-und-kohle-klimaneutraler-waermesektor\u0022\n       aria-label=\u0022Heizen ohne \u00d6l, Erdgas und Kohle: Klimaneutraler W\u00e4rmesektor\u0022\n       class=\u0022teaser-link\u0022\u003E\n        \u003Cspan class=\u0022teaser-link--text\u0022\u003EHeizen ohne \u00d6l, Erdgas und Kohle: Klimaneutraler W\u00e4rmesektor\n\u003C\/span\u003E\n            \u003C\/a\u003E\n\u003C\/li\u003E\n\u003Cli class=\u0022node node--type--article node--view-mode--unordered-list is-linked\u0022\u003E\n    \u003Ca href=\u0022\/heizung\/waermepumpen\/roadmap-erdwaermepumpen-was-die-experten-empfehlen\u0022\n       aria-label=\u0022Roadmap Erdw\u00e4rmepumpen: Was die Experten empfehlen\u0022\n       class=\u0022teaser-link\u0022\u003E\n        \u003Cspan class=\u0022teaser-link--text\u0022\u003ERoadmap Erdw\u00e4rmepumpen: Was die Experten empfehlen\n\u003C\/span\u003E\n            \u003C\/a\u003E\n\u003C\/li\u003E\n\u003Cli class=\u0022node node--type--article node--view-mode--unordered-list is-linked\u0022\u003E\n    \u003Ca href=\u0022\/heizung\/waermeerzeugung\/macht-das-heizen-mit-wasserstoff-sinn-meinungen-aus-der-branche\u0022\n       aria-label=\u0022Macht das Heizen mit Wasserstoff Sinn? Meinungen aus der Branche\u0022\n       class=\u0022teaser-link\u0022\u003E\n        \u003Cspan class=\u0022teaser-link--text\u0022\u003EMacht das Heizen mit Wasserstoff Sinn? Meinungen aus der Branche\n\u003C\/span\u003E\n            \u003C\/a\u003E\n\u003C\/li\u003E\n\u003Cli class=\u0022node node--type--article node--view-mode--unordered-list is-linked\u0022\u003E\n    \u003Ca href=\u0022\/heizung\/waermeerzeugung\/erneuerbare-energien-decken-2021-rund-42-prozent-des-stromverbrauchs\u0022\n       aria-label=\u0022Erneuerbare Energien decken 2021 rund 42 Prozent des Stromverbrauchs\u0022\n       class=\u0022teaser-link\u0022\u003E\n        \u003Cspan class=\u0022teaser-link--text\u0022\u003EErneuerbare Energien decken 2021 rund 42 Prozent des Stromverbrauchs\n\u003C\/span\u003E\n            \u003C\/a\u003E\n\u003C\/li\u003E\n\u003Cli class=\u0022node node--type--article node--view-mode--unordered-list is-linked\u0022\u003E\n    \u003Ca href=\u0022\/heizung\/waermeerzeugung\/gasleitungen-16-eu-laendern-fast-vollstaendig-auf-wasserstoff-umstellbar\u0022\n       aria-label=\u0022Gasleitungen in 16 EU-L\u00e4ndern fast vollst\u00e4ndig auf Wasserstoff umstellbar\u0022\n       class=\u0022teaser-link\u0022\u003E\n        \u003Cspan class=\u0022teaser-link--text\u0022\u003EGasleitungen in 16 EU-L\u00e4ndern fast vollst\u00e4ndig auf Wasserstoff umstellbar\n\u003C\/span\u003E\n            \u003C\/a\u003E\n\u003C\/li\u003E\n\u003Cli class=\u0022node node--type--article node--view-mode--unordered-list is-linked\u0022\u003E\n    \u003Ca href=\u0022\/heizung\/waermeerzeugung\/unentdeckt-unbehoben-duh-ueber-versaeumnisse-bei-methan-lecks\u0022\n       aria-label=\u0022Unentdeckt, unbehoben: DUH \u00fcber Vers\u00e4umnisse bei Methan-Lecks\u0022\n       class=\u0022teaser-link\u0022\u003E\n        \u003Cspan class=\u0022teaser-link--text\u0022\u003EUnentdeckt, unbehoben: DUH \u00fcber Vers\u00e4umnisse bei Methan-Lecks\n\u003C\/span\u003E\n            \u003C\/a\u003E\n\u003C\/li\u003E\n\u003Cli class=\u0022node node--type--article node--view-mode--unordered-list is-linked\u0022\u003E\n    \u003Ca href=\u0022\/heizung\/waermeerzeugung\/welche-rahmenbedingungen-benoetigt-die-kommunale-waermewende\u0022\n       aria-label=\u0022Welche Rahmenbedingungen ben\u00f6tigt die kommunale W\u00e4rmewende?\u0022\n       class=\u0022teaser-link\u0022\u003E\n        \u003Cspan class=\u0022teaser-link--text\u0022\u003EWelche Rahmenbedingungen ben\u00f6tigt die kommunale W\u00e4rmewende?\n\u003C\/span\u003E\n            \u003C\/a\u003E\n\u003C\/li\u003E\n\u003Cli class=\u0022node node--type--article node--view-mode--unordered-list is-linked\u0022\u003E\n    \u003Ca href=\u0022\/heizung\/waermeerzeugung\/anlagenbestand-2020-jede-zweite-deutsche-heizung-ist-ein-oldie\u0022\n       aria-label=\u0022Anlagenbestand 2020: Jede zweite deutsche Heizung ist ein Oldie\u0022\n       class=\u0022teaser-link\u0022\u003E\n        \u003Cspan class=\u0022teaser-link--text\u0022\u003EAnlagenbestand 2020: Jede zweite deutsche Heizung ist ein Oldie\n\u003C\/span\u003E\n            \u003C\/a\u003E\n\u003C\/li\u003E\n\u003Cli class=\u0022node node--type--article node--view-mode--unordered-list is-linked\u0022\u003E\n    \u003Ca href=\u0022\/heizung\/waermepumpen\/neue-foerderung-fuer-heizen-mit-erneuerbarer-energie\u0022\n       aria-label=\u0022Neue F\u00f6rderung f\u00fcr Heizen mit erneuerbarer Energie\u0022\n       class=\u0022teaser-link\u0022\u003E\n        \u003Cspan class=\u0022teaser-link--text\u0022\u003EBoom f\u00fcrs Heizen mit erneuerbaren Energien \u2013 neue F\u00f6rderung\n\u003C\/span\u003E\n            \u003C\/a\u003E\n\u003C\/li\u003E\n\u003Cli class=\u0022node node--type--article node--view-mode--unordered-list is-linked\u0022\u003E\n    \u003Ca href=\u0022\/heizung\/waermeerzeugung\/klimaneutral-wohnen-gas-ermoeglicht-bezahlbare-waermewende\u0022\n       aria-label=\u0022Klimaneutral Wohnen: Gas erm\u00f6glicht bezahlbare W\u00e4rmewende\u0022\n       class=\u0022teaser-link\u0022\u003E\n        \u003Cspan class=\u0022teaser-link--text\u0022\u003EKlimaneutral Wohnen: Gas erm\u00f6glicht bezahlbare W\u00e4rmewende\n\u003C\/span\u003E\n            \u003C\/a\u003E\n\u003C\/li\u003E\n\u003Cli class=\u0022node node--type--article node--view-mode--unordered-list is-linked\u0022\u003E\n    \u003Ca href=\u0022\/heizung\/waermepumpen\/dekarbonisierung-des-gebaeudesektors-mit-waermepumpen\u0022\n       aria-label=\u0022Dekarbonisierung des Geb\u00e4udesektors mit W\u00e4rmepumpen\u0022\n       class=\u0022teaser-link\u0022\u003E\n        \u003Cspan class=\u0022teaser-link--text\u0022\u003EDekarbonisierung des Geb\u00e4udesektors : BWP legt Roadmap vor\n\u003C\/span\u003E\n            \u003C\/a\u003E\n\u003C\/li\u003E\n\u003Cli class=\u0022node node--type--article node--view-mode--unordered-list is-linked\u0022\u003E\n    \u003Ca href=\u0022\/heizung\/waermeerzeugung\/7-fakten-zur-waermewende-deutschland\u0022\n       aria-label=\u00227 Fakten zur W\u00e4rmewende in Deutschland\u0022\n       class=\u0022teaser-link\u0022\u003E\n        \u003Cspan class=\u0022teaser-link--text\u0022\u003E7 Fakten zur W\u00e4rmewende in Deutschland\n\u003C\/span\u003E\n            \u003C\/a\u003E\n\u003C\/li\u003E\n\u003Cli class=\u0022node node--type--article node--view-mode--unordered-list is-linked\u0022\u003E\n    \u003Ca href=\u0022\/heizung\/waermeerzeugung\/waermewende-und-klimaneutralitaet-was-sich-fuer-gebaeude-aendern-muss\u0022\n       aria-label=\u0022W\u00e4rmewende und Klimaneutralit\u00e4t: Was sich f\u00fcr Geb\u00e4ude \u00e4ndern muss\u0022\n       class=\u0022teaser-link\u0022\u003E\n        \u003Cspan class=\u0022teaser-link--text\u0022\u003EW\u00e4rmewende und Klimaneutralit\u00e4t: Was sich f\u00fcr Geb\u00e4ude \u00e4ndern muss\n\u003C\/span\u003E\n            \u003C\/a\u003E\n\u003C\/li\u003E\n\u003Cli class=\u0022node node--type--article node--view-mode--unordered-list is-linked\u0022\u003E\n    \u003Ca href=\u0022\/heizung\/waermeerzeugung\/eeg-novelle-2020-ist-entscheidungsjahr-fuer-bioenergie\u0022\n       aria-label=\u0022EEG-Novelle: 2020 ist Entscheidungsjahr f\u00fcr Bioenergie\u0022\n       class=\u0022teaser-link\u0022\u003E\n        \u003Cspan class=\u0022teaser-link--text\u0022\u003EEEG-Novelle: 2020 ist Entscheidungsjahr f\u00fcr Bioenergie\n\u003C\/span\u003E\n            \u003C\/a\u003E\n\u003C\/li\u003E\n\u003Cli class=\u0022node node--type--article node--view-mode--unordered-list is-linked\u0022\u003E\n    \u003Ca href=\u0022\/heizung\/waermeerzeugung\/bund-laender-einigung-zum-kohleausstieg-erzielt\u0022\n       aria-label=\u0022Bund-L\u00e4nder-Einigung zum Kohleausstieg erzielt\u0022\n       class=\u0022teaser-link\u0022\u003E\n        \u003Cspan class=\u0022teaser-link--text\u0022\u003EBund-L\u00e4nder-Einigung zum Kohleausstieg erzielt\n\u003C\/span\u003E\n            \u003C\/a\u003E\n\u003C\/li\u003E\n\u003Cli class=\u0022node node--type--article node--view-mode--unordered-list is-linked\u0022\u003E\n    \u003Ca href=\u0022\/heizung\/waermeerzeugung\/kesseltausch-welche-heizungen-2020-erneuert-werden-muessen\u0022\n       aria-label=\u0022Kesseltausch: Welche Heizungen 2020 erneuert werden m\u00fcssen\u0022\n       class=\u0022teaser-link\u0022\u003E\n        \u003Cspan class=\u0022teaser-link--text\u0022\u003EKesseltausch: Welche Heizungen 2020 erneuert werden m\u00fcssen\n\u003C\/span\u003E\n            \u003C\/a\u003E\n\u003C\/li\u003E\n\u003Cli class=\u0022node node--type--article node--view-mode--unordered-list is-linked\u0022\u003E\n    \u003Ca href=\u0022\/management\/markt\/heizkosten-senken-was-handwerker-und-energieberater-tun-koennen\u0022\n       aria-label=\u0022Heizkosten senken: Was Handwerker und Energieberater tun k\u00f6nnen\u0022\n       class=\u0022teaser-link\u0022\u003E\n        \u003Cspan class=\u0022teaser-link--text\u0022\u003EHeizkosten senken: Was Handwerker und Energieberater tun k\u00f6nnen\n\u003C\/span\u003E\n            \u003C\/a\u003E\n\u003C\/li\u003E\n\u003Cli class=\u0022node node--type--article node--view-mode--unordered-list is-linked\u0022\u003E\n    \u003Ca href=\u0022\/heizung\/waermeerzeugung\/kfw-fordert-co2-orientierte-energiepreisreform\u0022\n       aria-label=\u0022KfW fordert CO2-orientierte Energiepreisreform\u0022\n       class=\u0022teaser-link\u0022\u003E\n        \u003Cspan class=\u0022teaser-link--text\u0022\u003EKfW fordert CO2-orientierte Energiepreisreform\n\u003C\/span\u003E\n            \u003C\/a\u003E\n\u003C\/li\u003E\n\u003Cli class=\u0022node node--type--article node--view-mode--unordered-list is-linked\u0022\u003E\n    \u003Ca href=\u0022\/heizung\/waermepumpen\/dichtheitspruefungen-bei-waermepumpen-reduzieren-treibhausgase\u0022\n       aria-label=\u0022Dichtheitspr\u00fcfungen bei W\u00e4rmepumpen reduzieren Treibhausgase\u0022\n       class=\u0022teaser-link\u0022\u003E\n        \u003Cspan class=\u0022teaser-link--text\u0022\u003EDichtheitspr\u00fcfungen bei W\u00e4rmepumpen reduzieren Treibhausgase\n\u003C\/span\u003E\n            \u003C\/a\u003E\n\u003C\/li\u003E\n","entity_type":"node","used_ids":["",23107,21418,21275,19251,18948,18134,18025,16317,14964,14912,14858,14762,14752,14504,13623,13621,13447,12978,12617,12604,12346,12204,11201,10714,8399,8315,8235,7443,5976,5241],"show_more":""}]