[{"command":"settings","settings":{"pluralDelimiter":"\u0003","suppressDeprecationErrors":true,"ajaxPageState":{"libraries":"eJxLqcxLzM1Mjk_NK8ksqYzPySwu0S_OyC-Pz80vSgUAtBcL_w","theme":"ivory","theme_token":null},"ajaxTrustedUrl":[],"user":{"uid":0,"permissionsHash":"45145ff10299dd0624d6ca546e77b041201ed93c76c2a8c9916dd4f05d66e569","roles":["anonymous"],"custom_permissions":["none"]}},"merge":true},{"command":"add_css","data":[{"rel":"stylesheet","media":"all","href":"\/sites\/default\/files\/css\/css_o0ADUb7yDHQ8o800zQVJp3VQ9weKwIDGJEYSMBWLURw.css?delta=0\u0026language=de\u0026theme=ivory\u0026include=eJxLzi9K1U8pKi1IzNFLzEqsAAA0wAYz"},{"rel":"stylesheet","media":"all","href":"\/sites\/default\/files\/css\/css_b1LJgX55_PliihHpD7ahvFnlUq8xUspelw3mtrlm3xw.css?delta=1\u0026language=de\u0026theme=ivory\u0026include=eJxLzi9K1U8pKi1IzNFLzEqsAAA0wAYz"}]},{"command":"add_js","selector":"body","data":[{"src":"\/core\/assets\/vendor\/jquery\/jquery.min.js?v=4.0.0"},{"src":"\/sites\/default\/files\/js\/js_e2g_i7ViUPN-woOjvyw6RGYTrT44WHuPVVy5Tl7arhE.js?scope=footer\u0026delta=1\u0026language=de\u0026theme=ivory\u0026include=eJxLqcxLzM1Mjk_NK8ksqYzPySwu0S_OyC-Pz80vSgUAtBcL_w"}]},{"command":"showMoreTeasers","id":"del--paragraph-45342","content":"\u003Cli class=\u0022node node--type--article node--view-mode--unordered-list is-linked\u0022\u003E\n    \u003Ca href=\u0022\/heizung\/waermepumpen\/fast-2-millionen-waermepumpen-deutschen-haushalten-verbaut\u0022\n       aria-label=\u0022Fast 2 Millionen W\u00e4rmepumpen in deutschen Haushalten verbaut\u0022\n       class=\u0022teaser-link\u0022\u003E\n        \u003Cspan class=\u0022teaser-link--text\u0022\u003EFast 2 Millionen W\u00e4rmepumpen in deutschen Haushalten verbaut\n\u003C\/span\u003E\n            \u003C\/a\u003E\n\u003C\/li\u003E\n\u003Cli class=\u0022node node--type--article node--view-mode--unordered-list is-linked\u0022\u003E\n    \u003Ca href=\u0022\/energie\/pv-module\/farbige-folien-ermoeglichen-muster-auf-pv-modulen\u0022\n       aria-label=\u0022Farbige Folien erm\u00f6glichen Muster auf PV-Modulen\u0022\n       class=\u0022teaser-link\u0022\u003E\n        \u003Cspan class=\u0022teaser-link--text\u0022\u003EFarbige Folien erm\u00f6glichen Muster auf PV-Modulen\n\u003C\/span\u003E\n            \u003C\/a\u003E\n\u003C\/li\u003E\n\u003Cli class=\u0022node node--type--article node--view-mode--unordered-list is-linked\u0022\u003E\n    \u003Ca href=\u0022\/heizung\/waermepumpen\/waermekostenstatistik-2025-waermepumpe-mit-abstand-guenstigster-waermeerzeuger\u0022\n       aria-label=\u0022W\u00e4rmekostenstatistik 2025: W\u00e4rmepumpe mit Abstand g\u00fcnstigster W\u00e4rmeerzeuger\u0022\n       class=\u0022teaser-link\u0022\u003E\n        \u003Cspan class=\u0022teaser-link--text\u0022\u003EW\u00e4rmekostenstatistik 2025: W\u00e4rmepumpe mit Abstand g\u00fcnstigster W\u00e4rmeerzeuger\n\u003C\/span\u003E\n            \u003C\/a\u003E\n\u003C\/li\u003E\n\u003Cli class=\u0022node node--type--article node--view-mode--unordered-list is-linked\u0022\u003E\n    \u003Ca href=\u0022\/energie\/strompreise-steigen-um-19-prozent-diese-bundeslaender-sind-am-staerksten-betroffen\u0022\n       aria-label=\u0022Strompreise steigen um 19 Prozent: Diese Bundesl\u00e4nder sind am st\u00e4rksten betroffen\u0022\n       class=\u0022teaser-link\u0022\u003E\n        \u003Cspan class=\u0022teaser-link--text\u0022\u003EStrompreise steigen um 19 Prozent: Diese Bundesl\u00e4nder sind am st\u00e4rksten betroffen\n\u003C\/span\u003E\n            \u003C\/a\u003E\n\u003C\/li\u003E\n\u003Cli class=\u0022node node--type--article node--view-mode--unordered-list is-linked\u0022\u003E\n    \u003Ca href=\u0022\/energie\/energie-importabhaengigkeit-buerger-fuehlen-sich-bedroht\u0022\n       aria-label=\u0022Energie-Importabh\u00e4ngigkeit: B\u00fcrger f\u00fchlen sich bedroht\u0022\n       class=\u0022teaser-link\u0022\u003E\n        \u003Cspan class=\u0022teaser-link--text\u0022\u003EEnergie-Importabh\u00e4ngigkeit: B\u00fcrger f\u00fchlen sich bedroht\n\u003C\/span\u003E\n            \u003C\/a\u003E\n\u003C\/li\u003E\n\u003Cli class=\u0022node node--type--article node--view-mode--unordered-list is-linked\u0022\u003E\n    \u003Ca href=\u0022\/energie\/erneuerbare-energien-decken-53-prozent-des-stromverbrauchs\u0022\n       aria-label=\u0022Erneuerbare Energien decken 53 Prozent des Stromverbrauchs\u0022\n       class=\u0022teaser-link\u0022\u003E\n        \u003Cspan class=\u0022teaser-link--text\u0022\u003EErneuerbare decken 53 Prozent des Stromverbrauchs\n\u003C\/span\u003E\n            \u003C\/a\u003E\n\u003C\/li\u003E\n\u003Cli class=\u0022node node--type--article node--view-mode--unordered-list is-linked\u0022\u003E\n    \u003Ca href=\u0022\/heizung\/waermeerzeugung\/brennholzvorraete-bereits-im-fruehjahr-auffuellen\u0022\n       aria-label=\u0022Brennholzvorr\u00e4te bereits im Fr\u00fchjahr auff\u00fcllen\u0022\n       class=\u0022teaser-link\u0022\u003E\n        \u003Cspan class=\u0022teaser-link--text\u0022\u003EBrennholzvorr\u00e4te bereits im Fr\u00fchjahr auff\u00fcllen\n\u003C\/span\u003E\n            \u003C\/a\u003E\n\u003C\/li\u003E\n\u003Cli class=\u0022node node--type--article node--view-mode--unordered-list is-linked\u0022\u003E\n    \u003Ca href=\u0022\/heizung\/waermeerzeugung\/hackschnitzel-preis-sinkt-leicht-zum-jahresbeginn\u0022\n       aria-label=\u0022Hackschnitzel: Preis sinkt leicht zum Jahresbeginn\u0022\n       class=\u0022teaser-link\u0022\u003E\n        \u003Cspan class=\u0022teaser-link--text\u0022\u003EHackschnitzel: Preis sinkt leicht zum Jahresbeginn\n\u003C\/span\u003E\n            \u003C\/a\u003E\n\u003C\/li\u003E\n\u003Cli class=\u0022node node--type--article node--view-mode--unordered-list is-linked\u0022\u003E\n    \u003Ca href=\u0022\/energie\/pv-module\/mehr-transparenz-fuer-pv-haushalte-erster-stromspiegel-fuer-photovoltaik\u0022\n       aria-label=\u0022Mehr Transparenz f\u00fcr PV-Haushalte: Erster Stromspiegel f\u00fcr Photovoltaik\u0022\n       class=\u0022teaser-link\u0022\u003E\n        \u003Cspan class=\u0022teaser-link--text\u0022\u003EMehr Transparenz f\u00fcr PV-Haushalte: Erster Stromspiegel f\u00fcr Photovoltaik\n\u003C\/span\u003E\n            \u003C\/a\u003E\n\u003C\/li\u003E\n\u003Cli class=\u0022node node--type--article node--view-mode--unordered-list is-linked\u0022\u003E\n    \u003Ca href=\u0022\/heizung\/waermeerzeugung\/bioenergie-holz-und-biogas-liefern-ueber-80-der-erneuerbaren-waerme\u0022\n       aria-label=\u0022Bioenergie: Holz und Biogas liefern \u00fcber 80 % der erneuerbaren W\u00e4rme\u0022\n       class=\u0022teaser-link\u0022\u003E\n        \u003Cspan class=\u0022teaser-link--text\u0022\u003EBioenergie: Holz und Biogas liefern \u00fcber 80 % der erneuerbaren W\u00e4rme\n\u003C\/span\u003E\n            \u003C\/a\u003E\n\u003C\/li\u003E\n\u003Cli class=\u0022node node--type--article node--view-mode--unordered-list is-linked\u0022\u003E\n    \u003Ca href=\u0022\/energie\/pv-module\/stromausfall-welche-solaranlagen-liefern-notstrom\u0022\n       aria-label=\u0022Stromausfall: Welche Solaranlagen liefern Notstrom?\u0022\n       class=\u0022teaser-link\u0022\u003E\n        \u003Cspan class=\u0022teaser-link--text\u0022\u003EStromausfall: Welche Solaranlagen liefern Notstrom?\n\u003C\/span\u003E\n            \u003C\/a\u003E\n\u003C\/li\u003E\n\u003Cli class=\u0022node node--type--article node--view-mode--unordered-list is-linked\u0022\u003E\n    \u003Ca href=\u0022\/heizung\/waermepumpen\/299000-waermepumpen-absatz-steigt-2025-deutlich\u0022\n       aria-label=\u0022299.000 W\u00e4rmepumpen: Absatz steigt 2025 deutlich\u0022\n       class=\u0022teaser-link\u0022\u003E\n        \u003Cspan class=\u0022teaser-link--text\u0022\u003E299.000 W\u00e4rmepumpen: Absatz steigt 2025 deutlich\n\u003C\/span\u003E\n            \u003C\/a\u003E\n\u003C\/li\u003E\n\u003Cli class=\u0022node node--type--article node--view-mode--unordered-list is-linked\u0022\u003E\n    \u003Ca href=\u0022\/energie\/batteriespeicher\/batteriegrossspeicher-sind-systemrelevant-falsche-regulierung-gefaehrdet\u0022\n       aria-label=\u0022Batteriegro\u00dfspeicher sind systemrelevant: Falsche Regulierung gef\u00e4hrdet Nutzen \u0022\n       class=\u0022teaser-link\u0022\u003E\n        \u003Cspan class=\u0022teaser-link--text\u0022\u003EBatteriegro\u00dfspeicher sind systemrelevant: Falsche Regulierung gef\u00e4hrdet Nutzen \n\u003C\/span\u003E\n            \u003C\/a\u003E\n\u003C\/li\u003E\n\u003Cli class=\u0022node node--type--article node--view-mode--unordered-list is-linked\u0022\u003E\n    \u003Ca href=\u0022\/heizung\/waermepumpen\/strengere-foerderanforderungen-waermepumpen-werden-immer-leiser\u0022\n       aria-label=\u0022Strengere F\u00f6rderanforderungen: W\u00e4rmepumpen werden immer leiser\u0022\n       class=\u0022teaser-link\u0022\u003E\n        \u003Cspan class=\u0022teaser-link--text\u0022\u003EStrengere F\u00f6rderanforderungen: W\u00e4rmepumpen werden immer leiser\n\u003C\/span\u003E\n            \u003C\/a\u003E\n\u003C\/li\u003E\n\u003Cli class=\u0022node node--type--article node--view-mode--unordered-list is-linked\u0022\u003E\n    \u003Ca href=\u0022\/heizung\/waermeerzeugung\/waermewende-ist-oekonomische-realitaet-markt-treibt-heizungstausch\u0022\n       aria-label=\u0022W\u00e4rmewende ist \u00f6konomische Realit\u00e4t \u2013 Markt treibt Heizungstausch\u0022\n       class=\u0022teaser-link\u0022\u003E\n        \u003Cspan class=\u0022teaser-link--text\u0022\u003EW\u00e4rmewende ist \u00f6konomische Realit\u00e4t \u2013 Markt treibt Heizungstausch\n\u003C\/span\u003E\n            \u003C\/a\u003E\n\u003C\/li\u003E\n\u003Cli class=\u0022node node--type--article node--view-mode--unordered-list is-linked\u0022\u003E\n    \u003Ca href=\u0022\/heizung\/waermenutzung\/heizkostenprognose-2025-trotz-sinkender-energiepreise-kostenanstieg-erwartet\u0022\n       aria-label=\u0022Heizkostenprognose 2025: Trotz sinkender Energiepreise Kostenanstieg erwartet\u0022\n       class=\u0022teaser-link\u0022\u003E\n        \u003Cspan class=\u0022teaser-link--text\u0022\u003EHeizkostenprognose 2025: Trotz sinkender Energiepreise Kostenanstieg erwartet\n\u003C\/span\u003E\n            \u003C\/a\u003E\n\u003C\/li\u003E\n\u003Cli class=\u0022node node--type--article node--view-mode--unordered-list is-linked\u0022\u003E\n    \u003Ca href=\u0022\/energie\/strommix-2025-erneuerbare-energien-setzen-aufwaertstrend-fort\u0022\n       aria-label=\u0022Strommix 2025: Erneuerbare Energien setzen Aufw\u00e4rtstrend fort\u0022\n       class=\u0022teaser-link\u0022\u003E\n        \u003Cspan class=\u0022teaser-link--text\u0022\u003EStrommix 2025: Erneuerbare Energien setzen Aufw\u00e4rtstrend fort\n\u003C\/span\u003E\n            \u003C\/a\u003E\n\u003C\/li\u003E\n\u003Cli class=\u0022node node--type--article node--view-mode--unordered-list is-linked\u0022\u003E\n    \u003Ca href=\u0022\/energie\/bundeslaender-schaffen-raum-fuer-erneuerbare-energien\u0022\n       aria-label=\u0022Bundesl\u00e4nder schaffen Raum f\u00fcr Erneuerbare Energien\u0022\n       class=\u0022teaser-link\u0022\u003E\n        \u003Cspan class=\u0022teaser-link--text\u0022\u003EBundesl\u00e4nder schaffen Raum f\u00fcr Erneuerbare Energien\n\u003C\/span\u003E\n            \u003C\/a\u003E\n\u003C\/li\u003E\n\u003Cli class=\u0022node node--type--article node--view-mode--unordered-list is-linked\u0022\u003E\n    \u003Ca href=\u0022\/energie\/stromerzeugung-2025-photovoltaik-ueberholt-braunkohle-und-erdgas\u0022\n       aria-label=\u0022Stromerzeugung 2025: Photovoltaik \u00fcberholt Braunkohle und Erdgas\u0022\n       class=\u0022teaser-link\u0022\u003E\n        \u003Cspan class=\u0022teaser-link--text\u0022\u003EStromerzeugung 2025: Photovoltaik \u00fcberholt Braunkohle und Erdgas\n\u003C\/span\u003E\n            \u003C\/a\u003E\n\u003C\/li\u003E\n\u003Cli class=\u0022node node--type--article node--view-mode--unordered-list is-linked\u0022\u003E\n    \u003Ca href=\u0022\/energie\/pv-module\/solardaecher-nachfrage-ruecklaeufig-effiziente-netznutzung-moeglich\u0022\n       aria-label=\u0022Solard\u00e4cher: Nachfrage r\u00fcckl\u00e4ufig \u2013 Effiziente Netznutzung m\u00f6glich\u0022\n       class=\u0022teaser-link\u0022\u003E\n        \u003Cspan class=\u0022teaser-link--text\u0022\u003ESolard\u00e4cher: Nachfrage r\u00fcckl\u00e4ufig \u2013 Effiziente Netznutzung m\u00f6glich\n\u003C\/span\u003E\n            \u003C\/a\u003E\n\u003C\/li\u003E\n\u003Cli class=\u0022node node--type--article node--view-mode--unordered-list is-linked\u0022\u003E\n    \u003Ca href=\u0022\/energie\/stromerzeugung-wind-und-pv-wichtigste-energietraeger-vor-kohle\u0022\n       aria-label=\u0022Stromerzeugung: Wind und PV wichtigste Energietr\u00e4ger vor Kohle\u0022\n       class=\u0022teaser-link\u0022\u003E\n        \u003Cspan class=\u0022teaser-link--text\u0022\u003EStromerzeugung: Wind und PV wichtigste Energietr\u00e4ger vor Kohle\n\u003C\/span\u003E\n            \u003C\/a\u003E\n\u003C\/li\u003E\n\u003Cli class=\u0022node node--type--article node--view-mode--unordered-list is-linked\u0022\u003E\n    \u003Ca href=\u0022\/energie\/pv-module\/eigenverbrauch-von-solarstrom-steigt-deutschland-stark\u0022\n       aria-label=\u0022Eigenverbrauch von Solarstrom steigt in Deutschland stark an\u0022\n       class=\u0022teaser-link\u0022\u003E\n        \u003Cspan class=\u0022teaser-link--text\u0022\u003EEigenverbrauch von Solarstrom steigt in Deutschland stark an\n\u003C\/span\u003E\n            \u003C\/a\u003E\n\u003C\/li\u003E\n\u003Cli class=\u0022node node--type--article node--view-mode--unordered-list is-linked\u0022\u003E\n    \u003Ca href=\u0022\/energie\/energiewende-flexibilitaet-im-stromnetz-zentraler-baustein\u0022\n       aria-label=\u0022Energiewende: Flexibilit\u00e4t im Stromnetz zentraler Baustein\u0022\n       class=\u0022teaser-link\u0022\u003E\n        \u003Cspan class=\u0022teaser-link--text\u0022\u003EEnergiewende: Flexibilit\u00e4t im Stromnetz zentraler Baustein\n\u003C\/span\u003E\n            \u003C\/a\u003E\n\u003C\/li\u003E\n\u003Cli class=\u0022node node--type--article node--view-mode--unordered-list is-linked\u0022\u003E\n    \u003Ca href=\u0022\/heizung\/waermepumpen\/waermepumpenmarkt-waechst-bwp-rechnet-mit-50-prozent-plus\u0022\n       aria-label=\u0022W\u00e4rmepumpenmarkt w\u00e4chst: BWP rechnet mit 50 Prozent Plus\u0022\n       class=\u0022teaser-link\u0022\u003E\n        \u003Cspan class=\u0022teaser-link--text\u0022\u003EW\u00e4rmepumpenmarkt w\u00e4chst: BWP rechnet mit 50 Prozent Plus\n\u003C\/span\u003E\n            \u003C\/a\u003E\n\u003C\/li\u003E\n\u003Cli class=\u0022node node--type--article node--view-mode--unordered-list is-linked\u0022\u003E\n    \u003Ca href=\u0022\/energie\/wasserstoff-markthochlauf-europa-braucht-mehr-tempo-und-sicherheit\u0022\n       aria-label=\u0022Wasserstoff-Markthochlauf: Europa braucht mehr Tempo und Sicherheit\u0022\n       class=\u0022teaser-link\u0022\u003E\n        \u003Cspan class=\u0022teaser-link--text\u0022\u003EWasserstoff-Markthochlauf: Europa braucht mehr Tempo und Sicherheit\n\u003C\/span\u003E\n            \u003C\/a\u003E\n\u003C\/li\u003E\n\u003Cli class=\u0022node node--type--article node--view-mode--unordered-list is-linked\u0022\u003E\n    \u003Ca href=\u0022\/heizung\/waermeerzeugung\/heizungswechsel-drei-optionen-eine-klare-antwort\u0022\n       aria-label=\u0022Heizungswechsel: Drei Optionen, eine klare Antwort\u0022\n       class=\u0022teaser-link\u0022\u003E\n        \u003Cspan class=\u0022teaser-link--text\u0022\u003E  \u003Cspan class=\u0022article--protection-icon\u0022\u003E\u003Ci class=\u0022mi mi-add\u0022\u003E\u003C\/i\u003E\u003C\/span\u003E\nHeizungswechsel: Drei Optionen, eine klare Antwort\n\u003C\/span\u003E\n            \u003C\/a\u003E\n\u003C\/li\u003E\n\u003Cli class=\u0022node node--type--article node--view-mode--unordered-list is-linked\u0022\u003E\n    \u003Ca href=\u0022\/heizung\/waermepumpen\/oesterreich-nachfrage-nach-waermepumpen-bricht-ein\u0022\n       aria-label=\u0022\u00d6sterreich: Nachfrage nach W\u00e4rmepumpen bricht ein\u0022\n       class=\u0022teaser-link\u0022\u003E\n        \u003Cspan class=\u0022teaser-link--text\u0022\u003E\u00d6sterreich: W\u00e4rmepumpenmarkt bricht nach F\u00f6rderstopp deutlich ein \n\u003C\/span\u003E\n            \u003C\/a\u003E\n\u003C\/li\u003E\n\u003Cli class=\u0022node node--type--article node--view-mode--unordered-list is-linked\u0022\u003E\n    \u003Ca href=\u0022\/heizung\/waermeerzeugung\/pelletpreis-zieht-saisonbedingt-im-november\u0022\n       aria-label=\u0022Pelletpreis zieht saisonbedingt im November an\u0022\n       class=\u0022teaser-link\u0022\u003E\n        \u003Cspan class=\u0022teaser-link--text\u0022\u003EPelletpreis zieht saisonbedingt im November an\n\u003C\/span\u003E\n            \u003C\/a\u003E\n\u003C\/li\u003E\n\u003Cli class=\u0022node node--type--article node--view-mode--unordered-list is-linked\u0022\u003E\n    \u003Ca href=\u0022\/energie\/energiewende-wird-sichtbarer-akzeptanz-weiter-hoch\u0022\n       aria-label=\u0022Energiewende wird sichtbarer, Akzeptanz weiter hoch\u0022\n       class=\u0022teaser-link\u0022\u003E\n        \u003Cspan class=\u0022teaser-link--text\u0022\u003EYouGov-Umfrage: 81 Prozent unterst\u00fctzen den Ausbau Erneuerbarer Energien\n\u003C\/span\u003E\n            \u003C\/a\u003E\n\u003C\/li\u003E\n\u003Cli class=\u0022node node--type--article node--view-mode--unordered-list is-linked\u0022\u003E\n    \u003Ca href=\u0022\/energie\/rekord-tief-beim-strompreis-2026-bringt-weitere-entlastung\u0022\n       aria-label=\u0022Rekord-Tief beim Strompreis - 2026 bringt weitere Entlastung\u0022\n       class=\u0022teaser-link\u0022\u003E\n        \u003Cspan class=\u0022teaser-link--text\u0022\u003EStrompreis auf 13-Monats-Tief: 2026 bringt weitere Entlastung\n\u003C\/span\u003E\n            \u003C\/a\u003E\n\u003C\/li\u003E\n","entity_type":"node","used_ids":["",23793,23783,23735,23675,23674,23669,23653,23599,23434,23308,23298,23237,23182,23165,23155,23137,23106,23102,23098,22990,22988,22982,22927,22926,22922,22879,22870,22839,22815,22814],"show_more":"\u003Cdiv class=\u0022del-show-more\u0022\u003E\u003Ca href=\u0022\/ajax\/del\/ac84c34f-632c-4a96-bfc4-70c419286dcd\/paragraph\/31\/30\/asc\/eyJub2RlIjp7ImlkIjoiNzE3NCIsInR5cGUiOiJwYWdlIn19\u0022 title=\u0022Show more items\u0022 class=\u0022del-show-more-link use-ajax\u0022 rel=\u0022nofollow\u0022 data-target-type=\u0022node\u0022 aria-controls=\u0022del--paragraph-45342--content\u0022 aria-label=\u0022Show more items\u0022\u003EMehr anzeigen\u003C\/a\u003E\u003C\/div\u003E\n"}]