[{"command":"settings","settings":{"pluralDelimiter":"\u0003","suppressDeprecationErrors":true,"ajaxPageState":{"libraries":"eJxLqcxLzM1Mjk_NK8ksqYzPySwu0S_OyC-Pz80vSgUAtBcL_w","theme":"ivory","theme_token":null},"ajaxTrustedUrl":[],"user":{"uid":0,"permissionsHash":"45145ff10299dd0624d6ca546e77b041201ed93c76c2a8c9916dd4f05d66e569","roles":["anonymous"],"custom_permissions":["none"]}},"merge":true},{"command":"add_css","data":[{"rel":"stylesheet","media":"all","href":"\/sites\/default\/files\/css\/css_o0ADUb7yDHQ8o800zQVJp3VQ9weKwIDGJEYSMBWLURw.css?delta=0\u0026language=de\u0026theme=ivory\u0026include=eJxLzi9K1U8pKi1IzNFLzEqsAAA0wAYz"},{"rel":"stylesheet","media":"all","href":"\/sites\/default\/files\/css\/css_b1LJgX55_PliihHpD7ahvFnlUq8xUspelw3mtrlm3xw.css?delta=1\u0026language=de\u0026theme=ivory\u0026include=eJxLzi9K1U8pKi1IzNFLzEqsAAA0wAYz"}]},{"command":"add_js","selector":"body","data":[{"src":"\/core\/assets\/vendor\/jquery\/jquery.min.js?v=4.0.0"},{"src":"\/sites\/default\/files\/js\/js_e2g_i7ViUPN-woOjvyw6RGYTrT44WHuPVVy5Tl7arhE.js?scope=footer\u0026delta=1\u0026language=de\u0026theme=ivory\u0026include=eJxLqcxLzM1Mjk_NK8ksqYzPySwu0S_OyC-Pz80vSgUAtBcL_w"}]},{"command":"showMoreTeasers","id":"del--paragraph-45424","content":"\u003Cli class=\u0022node node--type--article node--view-mode--unordered-list is-linked\u0022\u003E\n    \u003Ca href=\u0022\/sanitaer\/bad-design\/die-wichtigsten-fragen-zur-badsanierung\u0022\n       aria-label=\u0022Die wichtigsten Fragen zur Badsanierung\u0022\n       class=\u0022teaser-link\u0022\u003E\n        \u003Cspan class=\u0022teaser-link--text\u0022\u003E  \u003Cspan class=\u0022article--protection-icon\u0022\u003E\u003Ci class=\u0022mi mi-add\u0022\u003E\u003C\/i\u003E\u003C\/span\u003E\nGut geplant, besser saniert: Antworten auf die wichtigsten Fragen zur Badsanierung\n\u003C\/span\u003E\n            \u003C\/a\u003E\n\u003C\/li\u003E\n\u003Cli class=\u0022node node--type--article node--view-mode--unordered-list is-linked\u0022\u003E\n    \u003Ca href=\u0022\/sanitaer\/wcs-richtig-planen-und-montieren\u0022\n       aria-label=\u0022WCs richtig planen und montieren\u0022\n       class=\u0022teaser-link\u0022\u003E\n        \u003Cspan class=\u0022teaser-link--text\u0022\u003E  \u003Cspan class=\u0022article--protection-icon\u0022\u003E\u003Ci class=\u0022mi mi-add\u0022\u003E\u003C\/i\u003E\u003C\/span\u003E\nWorauf es bei der Planung und Montage von WCs ankommt\n\u003C\/span\u003E\n            \u003C\/a\u003E\n\u003C\/li\u003E\n\u003Cli class=\u0022node node--type--article node--view-mode--unordered-list is-linked\u0022\u003E\n    \u003Ca href=\u0022\/sanitaer\/bad-design\/ganzheitliche-badgestaltung-wie-durchdachte-lichtkonzepte-raeume-praegen\u0022\n       aria-label=\u0022Ganzheitliche Badgestaltung: Wie durchdachte Lichtkonzepte R\u00e4ume pr\u00e4gen\u0022\n       class=\u0022teaser-link\u0022\u003E\n        \u003Cspan class=\u0022teaser-link--text\u0022\u003E  \u003Cspan class=\u0022article--protection-icon\u0022\u003E\u003Ci class=\u0022mi mi-add\u0022\u003E\u003C\/i\u003E\u003C\/span\u003E\nGanzheitliche Badgestaltung: Wie durchdachte Lichtkonzepte R\u00e4ume pr\u00e4gen\n\u003C\/span\u003E\n            \u003C\/a\u003E\n\u003C\/li\u003E\n\u003Cli class=\u0022node node--type--article node--view-mode--unordered-list is-linked\u0022\u003E\n    \u003Ca href=\u0022\/sanitaer\/bad-design\/so-wird-das-minibad-zum-modernen-wohlfuehlraum\u0022\n       aria-label=\u0022So wird d\ufeffas Minibad zum modernen Wohlf\u00fchlraum\u0022\n       class=\u0022teaser-link\u0022\u003E\n        \u003Cspan class=\u0022teaser-link--text\u0022\u003ESo wird d\ufeffas Minibad zum Wohlf\u00fchlraum\n\u003C\/span\u003E\n            \u003C\/a\u003E\n\u003C\/li\u003E\n\u003Cli class=\u0022node node--type--article node--view-mode--unordered-list is-linked\u0022\u003E\n    \u003Ca href=\u0022\/sanitaer\/bad-design\/vom-familienbad-zum-paarbad-wie-der-umbau-gelingt\u0022\n       aria-label=\u0022Vom Familienbad zum Paarbad: Wie der Umbau gelingt\u0022\n       class=\u0022teaser-link\u0022\u003E\n        \u003Cspan class=\u0022teaser-link--text\u0022\u003E  \u003Cspan class=\u0022article--protection-icon\u0022\u003E\u003Ci class=\u0022mi mi-add\u0022\u003E\u003C\/i\u003E\u003C\/span\u003E\nWie der U\ufeffmbau gelingt: Vom Familienbad zum Paarbad\n\u003C\/span\u003E\n            \u003C\/a\u003E\n\u003C\/li\u003E\n\u003Cli class=\u0022node node--type--article node--view-mode--unordered-list is-linked\u0022\u003E\n    \u003Ca href=\u0022\/sanitaer\/bad-design\/clevere-und-nachhaltige-loesungen-fuers-schlauchbad\u0022\n       aria-label=\u0022Clevere und nachhaltige L\u00f6sungen f\u00fcrs Schlauchbad\u0022\n       class=\u0022teaser-link\u0022\u003E\n        \u003Cspan class=\u0022teaser-link--text\u0022\u003EClevere und nachhaltige L\u00f6sungen f\u00fcrs Schlauchbad \n\u003C\/span\u003E\n            \u003C\/a\u003E\n\u003C\/li\u003E\n\u003Cli class=\u0022node node--type--article node--view-mode--unordered-list is-linked\u0022\u003E\n    \u003Ca href=\u0022\/sanitaer\/bad-design\/kindgerechte-sanitaerraeume-fuer-kitas-nach-vdi-6000\u0022\n       aria-label=\u0022Kindgerechte Sanit\u00e4rr\u00e4ume f\u00fcr Kitas nach VDI 6000\u0022\n       class=\u0022teaser-link\u0022\u003E\n        \u003Cspan class=\u0022teaser-link--text\u0022\u003ESanit\u00e4rr\u00e4ume f\u00fcr Kitas nach VDI 6000\n\u003C\/span\u003E\n            \u003C\/a\u003E\n\u003C\/li\u003E\n\u003Cli class=\u0022node node--type--article node--view-mode--unordered-list is-linked\u0022\u003E\n    \u003Ca href=\u0022\/sanitaer\/bad-design\/bauprojekt-dreifamilienhaus-hochwertige-badausstattung-als-langfristige\u0022\n       aria-label=\u0022Bauprojekt Dreifamilienhaus: Hochwertige Badausstattung als langfristige Investition\u0022\n       class=\u0022teaser-link\u0022\u003E\n        \u003Cspan class=\u0022teaser-link--text\u0022\u003EBauprojekt Dreifamilienhaus: Hochwertige Badausstattung als langfristige Investition\n\u003C\/span\u003E\n            \u003C\/a\u003E\n\u003C\/li\u003E\n\u003Cli class=\u0022node node--type--article node--view-mode--unordered-list is-linked\u0022\u003E\n    \u003Ca href=\u0022\/sanitaer\/bad-design\/badezimmer-neu-inszenieren-puristisch-oder-luxurioeser-stilmix\u0022\n       aria-label=\u0022Badezimmer neu inszenieren: Puristisch oder luxuri\u00f6ser Stilmix\u0022\n       class=\u0022teaser-link\u0022\u003E\n        \u003Cspan class=\u0022teaser-link--text\u0022\u003EBadezimmer neu inszenieren: Puristisch versus luxuri\u00f6ser Stilmix\n\u003C\/span\u003E\n            \u003C\/a\u003E\n\u003C\/li\u003E\n\u003Cli class=\u0022node node--type--article node--view-mode--unordered-list is-linked\u0022\u003E\n    \u003Ca href=\u0022\/sanitaer\/bad-design\/gruene-wohlfuehloasen-natuerliche-farben-fuer-individuelle-baeder\u0022\n       aria-label=\u0022Gr\u00fcne Wohlf\u00fchloasen: Nat\u00fcrliche Farben f\u00fcr individuelle B\u00e4der\u0022\n       class=\u0022teaser-link\u0022\u003E\n        \u003Cspan class=\u0022teaser-link--text\u0022\u003EGr\u00fcne Wohlf\u00fchloasen: Nat\u00fcrliche Farben f\u00fcr individuelle B\u00e4der\n\u003C\/span\u003E\n            \u003C\/a\u003E\n\u003C\/li\u003E\n\u003Cli class=\u0022node node--type--article node--view-mode--unordered-list is-linked\u0022\u003E\n    \u003Ca href=\u0022\/sanitaer\/bad-design\/badplanung-beleuchtungskonzepte-einfach-erstellen\u0022\n       aria-label=\u0022Badplanung: Beleuchtungskonzepte einfach erstellen\u0022\n       class=\u0022teaser-link\u0022\u003E\n        \u003Cspan class=\u0022teaser-link--text\u0022\u003EBadplanung: Wie Sie Beleuchtungskonzepte einfach erstellen\n\u003C\/span\u003E\n            \u003C\/a\u003E\n\u003C\/li\u003E\n\u003Cli class=\u0022node node--type--article node--view-mode--unordered-list is-linked\u0022\u003E\n    \u003Ca href=\u0022\/sanitaer\/bad-design\/so-finden-sie-die-perfekte-badewanne-fuer-ihre-kunden\u0022\n       aria-label=\u0022So finden Sie die perfekte Badewanne f\u00fcr Ihre Kunden\u0022\n       class=\u0022teaser-link\u0022\u003E\n        \u003Cspan class=\u0022teaser-link--text\u0022\u003ESo finden Sie die perfekte Badewanne f\u00fcr Ihre Kunden\n\u003C\/span\u003E\n            \u003C\/a\u003E\n\u003C\/li\u003E\n\u003Cli class=\u0022node node--type--article node--view-mode--unordered-list is-linked\u0022\u003E\n    \u003Ca href=\u0022\/sanitaer\/bad-design\/badberatung-8-schritten-zum-wohlfuehlbad\u0022\n       aria-label=\u0022Badberatung: In 8 Schritten zum Wohlf\u00fchlbad\u0022\n       class=\u0022teaser-link\u0022\u003E\n        \u003Cspan class=\u0022teaser-link--text\u0022\u003EBadberatung: In 8 Schritten zum Wohlf\u00fchlbad\n\u003C\/span\u003E\n            \u003C\/a\u003E\n\u003C\/li\u003E\n\u003Cli class=\u0022node node--type--article node--view-mode--unordered-list is-linked\u0022\u003E\n    \u003Ca href=\u0022\/sanitaer\/bad-design\/nachhaltigkeit-im-badezimmer-darauf-muessen-sie-achten\u0022\n       aria-label=\u0022Nachhaltigkeit im Badezimmer: Darauf m\u00fcssen Sie achten\u0022\n       class=\u0022teaser-link\u0022\u003E\n        \u003Cspan class=\u0022teaser-link--text\u0022\u003ENachhaltigkeit im Badezimmer: Wie geht das?\n\u003C\/span\u003E\n            \u003C\/a\u003E\n\u003C\/li\u003E\n\u003Cli class=\u0022node node--type--article node--view-mode--unordered-list is-linked\u0022\u003E\n    \u003Ca href=\u0022\/sanitaer\/bad-design\/bad-mit-dachschraege-flaeche-bestmoeglich-nutzen\u0022\n       aria-label=\u0022Bad mit Dachschr\u00e4ge: Fl\u00e4che bestm\u00f6glich nutzen\u0022\n       class=\u0022teaser-link\u0022\u003E\n        \u003Cspan class=\u0022teaser-link--text\u0022\u003EPraxisbeispiel Bad mit Dachschr\u00e4ge: Die vorhandene Fl\u00e4che bestm\u00f6glich nutzen\n\u003C\/span\u003E\n            \u003C\/a\u003E\n\u003C\/li\u003E\n\u003Cli class=\u0022node node--type--article node--view-mode--unordered-list is-linked\u0022\u003E\n    \u003Ca href=\u0022\/sanitaer\/bad-design\/standardmoebel-im-bad-individuell-und-praktisch-auch-mit-kleinem-budget\u0022\n       aria-label=\u0022Standardm\u00f6bel im Bad: Individuell und praktisch auch mit kleinem Budget\u0022\n       class=\u0022teaser-link\u0022\u003E\n        \u003Cspan class=\u0022teaser-link--text\u0022\u003EStandardm\u00f6bel im Bad: Individuell und praktisch auch mit kleinem Budget\n\u003C\/span\u003E\n            \u003C\/a\u003E\n\u003C\/li\u003E\n\u003Cli class=\u0022node node--type--article node--view-mode--unordered-list is-linked\u0022\u003E\n    \u003Ca href=\u0022\/sanitaer\/bad-design\/badmodernisierung-so-wird-ein-80er-jahre-bad-altersgerecht-und-modern\u0022\n       aria-label=\u0022Badmodernisierung: So wird ein 80er-Jahre Bad altersgerecht und modern\u0022\n       class=\u0022teaser-link\u0022\u003E\n        \u003Cspan class=\u0022teaser-link--text\u0022\u003EBadmodernisierung: So wird ein 80er-Jahre Bad altersgerecht und modern\n\u003C\/span\u003E\n            \u003C\/a\u003E\n\u003C\/li\u003E\n\u003Cli class=\u0022node node--type--article node--view-mode--unordered-list is-linked\u0022\u003E\n    \u003Ca href=\u0022\/sanitaer\/bad-design\/barrierefreie-komplettbadloesungen-baeder-lange-komfortabel-nutzen\u0022\n       aria-label=\u0022Barrierefreie Komplettbadl\u00f6sungen: B\u00e4der lange komfortabel nutzen\u0022\n       class=\u0022teaser-link\u0022\u003E\n        \u003Cspan class=\u0022teaser-link--text\u0022\u003EBarrierefreie Komplettbadl\u00f6sungen: B\u00e4der lange komfortabel nutzen\n\u003C\/span\u003E\n            \u003C\/a\u003E\n\u003C\/li\u003E\n\u003Cli class=\u0022node node--type--article node--view-mode--unordered-list is-linked\u0022\u003E\n    \u003Ca href=\u0022\/sanitaer\/bad-design\/waschmaschine-im-badezimmer-wie-eine-modernisierung-platz-schafft\u0022\n       aria-label=\u0022Waschmaschine im Badezimmer: Wie eine Modernisierung Platz schafft\u0022\n       class=\u0022teaser-link\u0022\u003E\n        \u003Cspan class=\u0022teaser-link--text\u0022\u003EWaschmaschine im Badezimmer: Wie eine Modernisierung Platz schafft\n\u003C\/span\u003E\n            \u003C\/a\u003E\n\u003C\/li\u003E\n\u003Cli class=\u0022node node--type--article node--view-mode--unordered-list is-linked\u0022\u003E\n    \u003Ca href=\u0022\/sanitaer\/bad-design\/farbe-im-bad-aktuelle-trends-kennen-und-der-badberatung-nutzen\u0022\n       aria-label=\u0022Farbe im Bad: Aktuelle Trends kennen und in der Badberatung nutzen\u0022\n       class=\u0022teaser-link\u0022\u003E\n        \u003Cspan class=\u0022teaser-link--text\u0022\u003EFarbe im Bad: Aktuelle Trends kennen und in der Badberatung nutzen\n\u003C\/span\u003E\n            \u003C\/a\u003E\n\u003C\/li\u003E\n\u003Cli class=\u0022node node--type--article node--view-mode--unordered-list is-linked\u0022\u003E\n    \u003Ca href=\u0022\/sanitaer\/bad-design\/raumaufteilung-im-kleinbad-mit-wandscheiben\u0022\n       aria-label=\u0022Raumaufteilung im Kleinbad mit Wandscheiben\u0022\n       class=\u0022teaser-link\u0022\u003E\n        \u003Cspan class=\u0022teaser-link--text\u0022\u003EDesign-Tipp: Raumaufteilung im Kleinbad mit Wandscheiben\n\u003C\/span\u003E\n            \u003C\/a\u003E\n\u003C\/li\u003E\n\u003Cli class=\u0022node node--type--article node--view-mode--unordered-list is-linked\u0022\u003E\n    \u003Ca href=\u0022\/sanitaer\/bad-design\/badarchitektur-2022-lieblingsprodukte-fuer-architekten-und-badplaner\u0022\n       aria-label=\u0022Badarchitektur 2022: Lieblingsprodukte f\u00fcr Architekten und Badplaner\u0022\n       class=\u0022teaser-link\u0022\u003E\n        \u003Cspan class=\u0022teaser-link--text\u0022\u003EBadarchitektur 2022: Lieblingsprodukte f\u00fcr Architekten und Badplaner\n\u003C\/span\u003E\n            \u003C\/a\u003E\n\u003C\/li\u003E\n\u003Cli class=\u0022node node--type--article node--view-mode--unordered-list is-linked\u0022\u003E\n    \u003Ca href=\u0022\/sanitaer\/bad-design\/trockenbau-im-bad-planen-und-bauen\u0022\n       aria-label=\u0022Trockenbau im Bad planen und bauen\u0022\n       class=\u0022teaser-link\u0022\u003E\n        \u003Cspan class=\u0022teaser-link--text\u0022\u003ETrockenbau im Bad planen und bauen\n\u003C\/span\u003E\n            \u003C\/a\u003E\n\u003C\/li\u003E\n\u003Cli class=\u0022node node--type--article node--view-mode--unordered-list is-linked\u0022\u003E\n    \u003Ca href=\u0022\/sanitaer\/bad-design\/licht-im-bad-richtig-geplant\u0022\n       aria-label=\u0022Licht im Bad richtig geplant\u0022\n       class=\u0022teaser-link\u0022\u003E\n        \u003Cspan class=\u0022teaser-link--text\u0022\u003ELicht im Bad: Warum eine durchdachte Planung so wichtig ist\n\u003C\/span\u003E\n            \u003C\/a\u003E\n\u003C\/li\u003E\n\u003Cli class=\u0022node node--type--article node--view-mode--unordered-list is-linked\u0022\u003E\n    \u003Ca href=\u0022\/sanitaer\/bad-design\/schlauchbad-gestalten-mit-vorwandsystem-prevista-dry\u0022\n       aria-label=\u0022Schlauchbad gestalten mit Vorwandsystem Prevista Dry\u0022\n       class=\u0022teaser-link\u0022\u003E\n        \u003Cspan class=\u0022teaser-link--text\u0022\u003EVorwandsystem Prevista Dry bringt mehr Gestaltungsspielraum im Schlauchbad\n\u003C\/span\u003E\n            \u003C\/a\u003E\n\u003C\/li\u003E\n\u003Cli class=\u0022node node--type--article node--view-mode--unordered-list is-linked\u0022\u003E\n    \u003Ca href=\u0022\/sanitaer\/bad-design\/8-tipps-so-planen-sie-ein-wohnbad\u0022\n       aria-label=\u00228 Tipps: So planen Sie ein Wohnbad\u0022\n       class=\u0022teaser-link\u0022\u003E\n        \u003Cspan class=\u0022teaser-link--text\u0022\u003E8 Tipps: So planen Sie ein Wohnbad\n\u003C\/span\u003E\n            \u003C\/a\u003E\n\u003C\/li\u003E\n\u003Cli class=\u0022node node--type--article node--view-mode--unordered-list is-linked\u0022\u003E\n    \u003Ca href=\u0022\/sanitaer\/bad-design\/kleines-gaeste-wc-vergroessern-tipps-und-tricks\u0022\n       aria-label=\u0022Kleines G\u00e4ste-WC vergr\u00f6\u00dfern? Tipps und Tricks\u0022\n       class=\u0022teaser-link\u0022\u003E\n        \u003Cspan class=\u0022teaser-link--text\u0022\u003ETipps: Kleines G\u00e4ste-WC optisch vergr\u00f6\u00dfern\n\u003C\/span\u003E\n            \u003C\/a\u003E\n\u003C\/li\u003E\n\u003Cli class=\u0022node node--type--article node--view-mode--unordered-list is-linked\u0022\u003E\n    \u003Ca href=\u0022\/sanitaer\/bad-design\/bad-mit-dachschraege-so-gelingt-die-herausforderung\u0022\n       aria-label=\u0022Bad mit Dachschr\u00e4ge: So gelingt die Herausforderung\u0022\n       class=\u0022teaser-link\u0022\u003E\n        \u003Cspan class=\u0022teaser-link--text\u0022\u003EBad mit Dachschr\u00e4ge: So gelingt die Herausforderung\n\u003C\/span\u003E\n            \u003C\/a\u003E\n\u003C\/li\u003E\n\u003Cli class=\u0022node node--type--article node--view-mode--unordered-list is-linked\u0022\u003E\n    \u003Ca href=\u0022\/sanitaer\/bad-design\/experten-talk-barrierefreies-bad-gibts-das-auch-schoen\u0022\n       aria-label=\u0022Experten-Talk barrierefreies Bad: \u0026quot;Gibt\u2019s das auch in sch\u00f6n?\u0026quot;\u0022\n       class=\u0022teaser-link\u0022\u003E\n        \u003Cspan class=\u0022teaser-link--text\u0022\u003EExperten-Talk barrierefreies Bad: \u0026quot;Gibt\u2019s das auch in sch\u00f6n?\u0026quot;\n\u003C\/span\u003E\n            \u003C\/a\u003E\n\u003C\/li\u003E\n\u003Cli class=\u0022node node--type--article node--view-mode--unordered-list is-linked\u0022\u003E\n    \u003Ca href=\u0022\/sanitaer\/bad-design\/low-budget-badumbau-mit-cleverer-gestaltung-kundenwuensche-erfuellen\u0022\n       aria-label=\u0022Low Budget-Badumbau: Mit cleverer Gestaltung Kundenw\u00fcnsche erf\u00fcllen\u0022\n       class=\u0022teaser-link\u0022\u003E\n        \u003Cspan class=\u0022teaser-link--text\u0022\u003ELow Budget-Badumbau: Mit cleverer Gestaltung Kundenw\u00fcnsche erf\u00fcllen\n\u003C\/span\u003E\n            \u003C\/a\u003E\n\u003C\/li\u003E\n","entity_type":"node","used_ids":["",23673,23194,22874,21908,21353,21335,20806,20225,20224,19751,19689,18212,18015,17998,17886,17418,16501,16350,16025,14502,14501,14461,13804,13739,13493,13455,13360,13346,12575,11620],"show_more":"\u003Cdiv class=\u0022del-show-more\u0022\u003E\u003Ca href=\u0022\/ajax\/del\/c073151a-434b-4414-ab3b-acfd8e06ff90\/paragraph\/31\/30\/asc\/eyJub2RlIjp7ImlkIjoiNzIyOSIsInR5cGUiOiJwYWdlIn19\u0022 title=\u0022Show more items\u0022 class=\u0022del-show-more-link use-ajax\u0022 rel=\u0022nofollow\u0022 data-target-type=\u0022node\u0022 aria-controls=\u0022del--paragraph-45424--content\u0022 aria-label=\u0022Show more items\u0022\u003EMehr anzeigen\u003C\/a\u003E\u003C\/div\u003E\n"}]