[{"command":"settings","settings":{"pluralDelimiter":"\u0003","suppressDeprecationErrors":true,"ajaxPageState":{"libraries":"eJxLqcxLzM1Mjk_NK8ksqYzPySwu0S_OyC-Pz80vSgUAtBcL_w","theme":"ivory","theme_token":null},"ajaxTrustedUrl":[],"user":{"uid":0,"permissionsHash":"45145ff10299dd0624d6ca546e77b041201ed93c76c2a8c9916dd4f05d66e569","roles":["anonymous"],"custom_permissions":["none"]}},"merge":true},{"command":"add_css","data":[{"rel":"stylesheet","media":"all","href":"\/sites\/default\/files\/css\/css_o0ADUb7yDHQ8o800zQVJp3VQ9weKwIDGJEYSMBWLURw.css?delta=0\u0026language=de\u0026theme=ivory\u0026include=eJxLzi9K1U8pKi1IzNFLzEqsAAA0wAYz"},{"rel":"stylesheet","media":"all","href":"\/sites\/default\/files\/css\/css_b1LJgX55_PliihHpD7ahvFnlUq8xUspelw3mtrlm3xw.css?delta=1\u0026language=de\u0026theme=ivory\u0026include=eJxLzi9K1U8pKi1IzNFLzEqsAAA0wAYz"}]},{"command":"add_js","selector":"body","data":[{"src":"\/core\/assets\/vendor\/jquery\/jquery.min.js?v=4.0.0"},{"src":"\/sites\/default\/files\/js\/js_e2g_i7ViUPN-woOjvyw6RGYTrT44WHuPVVy5Tl7arhE.js?scope=footer\u0026delta=1\u0026language=de\u0026theme=ivory\u0026include=eJxLqcxLzM1Mjk_NK8ksqYzPySwu0S_OyC-Pz80vSgUAtBcL_w"}]},{"command":"showMoreTeasers","id":"del--paragraph-45314","content":"\u003Cli class=\u0022node node--type--article node--view-mode--unordered-list is-linked\u0022\u003E\n    \u003Ca href=\u0022\/management\/fahrzeuge\/lademarkt-deutschland-mehr-ladevorgaenge-aber-grosse-regionale-unterschiede\u0022\n       aria-label=\u0022Lademarkt Deutschland: Mehr Ladevorg\u00e4nge, aber gro\u00dfe regionale Unterschiede\u0022\n       class=\u0022teaser-link\u0022\u003E\n        \u003Cspan class=\u0022teaser-link--text\u0022\u003ELademarkt Deutschland: Mehr Ladevorg\u00e4nge, aber gro\u00dfe regionale Unterschiede\n\u003C\/span\u003E\n            \u003C\/a\u003E\n\u003C\/li\u003E\n\u003Cli class=\u0022node node--type--article node--view-mode--unordered-list is-linked\u0022\u003E\n    \u003Ca href=\u0022\/management\/fahrzeuge\/stellantis-pro-one-elektro-transporter-zum-dieselpreis-aktion-laeuft-bis-ende\u0022\n       aria-label=\u0022Stellantis Pro One: Elektro-Transporter zum Dieselpreis \u2013 Aktion l\u00e4uft bis Ende Juni\u0022\n       class=\u0022teaser-link\u0022\u003E\n        \u003Cspan class=\u0022teaser-link--text\u0022\u003EStellantis Pro One: Elektro-Transporter zum Dieselpreis \u2013 Aktion l\u00e4uft bis Ende Juni\n\u003C\/span\u003E\n            \u003C\/a\u003E\n\u003C\/li\u003E\n\u003Cli class=\u0022node node--type--article node--view-mode--unordered-list is-linked\u0022\u003E\n    \u003Ca href=\u0022\/management\/fahrzeuge\/ladeinfrastruktur-mehrparteienhaeusern-bund-foerdert-wallboxen-und\u0022\n       aria-label=\u0022Ladeinfrastruktur in Mehrparteienh\u00e4usern: Bund f\u00f6rdert Wallboxen und Vorverkabelung in WEGs\u0022\n       class=\u0022teaser-link\u0022\u003E\n        \u003Cspan class=\u0022teaser-link--text\u0022\u003ELadeinfrastruktur in Mehrparteienh\u00e4usern: Bund f\u00f6rdert Wallboxen und Vorverkabelung in WEGs\n\u003C\/span\u003E\n            \u003C\/a\u003E\n\u003C\/li\u003E\n\u003Cli class=\u0022node node--type--article node--view-mode--unordered-list is-linked\u0022\u003E\n    \u003Ca href=\u0022\/management\/fahrzeuge\/stromnetz-entlasten-und-sparen-neue-tarife-fuer-e-auto-speicher-und\u0022\n       aria-label=\u0022Stromnetz entlasten und sparen: Neue Tarife f\u00fcr E-Auto, Speicher und W\u00e4rmepumpe\u0022\n       class=\u0022teaser-link\u0022\u003E\n        \u003Cspan class=\u0022teaser-link--text\u0022\u003EStromnetz entlasten und sparen: Neue Tarife f\u00fcr E-Auto, Speicher und W\u00e4rmepumpe\n\u003C\/span\u003E\n            \u003C\/a\u003E\n\u003C\/li\u003E\n\u003Cli class=\u0022node node--type--article node--view-mode--unordered-list is-linked\u0022\u003E\n    \u003Ca href=\u0022\/management\/fahrzeuge\/guenstiger-ladestrom-wichtiger-als-kaufpraemie-fuer-e-auto-erfolg\u0022\n       aria-label=\u0022G\u00fcnstiger Ladestrom wichtiger als Kaufpr\u00e4mie f\u00fcr E-Auto-Erfolg\u0022\n       class=\u0022teaser-link\u0022\u003E\n        \u003Cspan class=\u0022teaser-link--text\u0022\u003EG\u00fcnstiger Ladestrom wichtiger als Kaufpr\u00e4mie f\u00fcr E-Auto-Erfolg\n\u003C\/span\u003E\n            \u003C\/a\u003E\n\u003C\/li\u003E\n\u003Cli class=\u0022node node--type--article node--view-mode--unordered-list is-linked\u0022\u003E\n    \u003Ca href=\u0022\/management\/fahrzeuge\/e-auto-markt-2025-mit-starkem-wachstum-deutsche-hersteller-vorne\u0022\n       aria-label=\u0022E-Auto-Markt 2025 mit starkem Wachstum: Deutsche Hersteller vorne\u0022\n       class=\u0022teaser-link\u0022\u003E\n        \u003Cspan class=\u0022teaser-link--text\u0022\u003EE-Auto-Markt 2025 mit starkem Wachstum: Deutsche Hersteller vorne\n\u003C\/span\u003E\n            \u003C\/a\u003E\n\u003C\/li\u003E\n\u003Cli class=\u0022node node--type--article node--view-mode--unordered-list is-linked\u0022\u003E\n    \u003Ca href=\u0022\/management\/fahrzeuge\/wallbox-test-2025-bis-zu-540-euro-unterschied-beim-solaren-laden\u0022\n       aria-label=\u0022Wallbox-Test 2025: Bis zu 540 Euro Unterschied beim solaren Laden\u0022\n       class=\u0022teaser-link\u0022\u003E\n        \u003Cspan class=\u0022teaser-link--text\u0022\u003EWallbox-Test 2025: Bis zu 540 Euro Unterschied beim solaren Laden\n\u003C\/span\u003E\n            \u003C\/a\u003E\n\u003C\/li\u003E\n\u003Cli class=\u0022node node--type--article node--view-mode--unordered-list is-linked\u0022\u003E\n    \u003Ca href=\u0022\/management\/fahrzeuge\/laden-der-autobahn-vielfach-schlechte-bedingungen\u0022\n       aria-label=\u0022Laden an der Autobahn: Vielfach schlechte Bedingungen\u0022\n       class=\u0022teaser-link\u0022\u003E\n        \u003Cspan class=\u0022teaser-link--text\u0022\u003ELaden an der Autobahn: Vielfach schlechte Bedingungen\n\u003C\/span\u003E\n            \u003C\/a\u003E\n\u003C\/li\u003E\n\u003Cli class=\u0022node node--type--article node--view-mode--unordered-list is-linked\u0022\u003E\n    \u003Ca href=\u0022\/management\/fahrzeuge\/icct-studie-elektrofahrzeuge-mit-deutlich-besserer-klimabilanz-als-verbrenner\u0022\n       aria-label=\u0022ICCT-Studie: Elektrofahrzeuge mit deutlich besserer Klimabilanz als Verbrenner\u0022\n       class=\u0022teaser-link\u0022\u003E\n        \u003Cspan class=\u0022teaser-link--text\u0022\u003ENeue Studie: Elektroautos schlagen Verbrenner deutlich bei der Klimabilanz\n\u003C\/span\u003E\n            \u003C\/a\u003E\n\u003C\/li\u003E\n\u003Cli class=\u0022node node--type--article node--view-mode--unordered-list is-linked\u0022\u003E\n    \u003Ca href=\u0022\/management\/fahrzeuge\/e-auto-umfrage-mehrheit-laedt-zu-hause-mit-solarstrom\u0022\n       aria-label=\u0022E-Auto-Umfrage: Mehrheit l\u00e4dt zu Hause mit Solarstrom\u0022\n       class=\u0022teaser-link\u0022\u003E\n        \u003Cspan class=\u0022teaser-link--text\u0022\u003EE-Autofahrer setzen auf heimische Ladestation und Solarstrom\n\u003C\/span\u003E\n            \u003C\/a\u003E\n\u003C\/li\u003E\n\u003Cli class=\u0022node node--type--article node--view-mode--unordered-list is-linked\u0022\u003E\n    \u003Ca href=\u0022\/management\/panorama\/unternehmen-setzen-verstaerkt-auf-e-lastenraeder-10000-gefoerderte-raeder\u0022\n       aria-label=\u0022Unternehmen setzen verst\u00e4rkt auf E-Lastenr\u00e4der: 10.000 gef\u00f6rderte R\u00e4der in Betrieb\u0022\n       class=\u0022teaser-link\u0022\u003E\n        \u003Cspan class=\u0022teaser-link--text\u0022\u003EUnternehmen setzen verst\u00e4rkt auf E-Lastenr\u00e4der: 10.000 gef\u00f6rderte R\u00e4der in Betrieb\n\u003C\/span\u003E\n            \u003C\/a\u003E\n\u003C\/li\u003E\n\u003Cli class=\u0022node node--type--article node--view-mode--unordered-list is-linked\u0022\u003E\n    \u003Ca href=\u0022\/management\/fahrzeuge\/drei-viertel-der-autos-bawue-parken-auf-privaten-flaechen-leitfaden-fuer\u0022\n       aria-label=\u0022Drei Viertel der Autos in BaW\u00fc parken auf privaten Fl\u00e4chen: Leitfaden f\u00fcr Ladeinfrastruktur\u0022\n       class=\u0022teaser-link\u0022\u003E\n        \u003Cspan class=\u0022teaser-link--text\u0022\u003EDrei Viertel der Autos in BaW\u00fc parken auf privaten Fl\u00e4chen: Leitfaden f\u00fcr Ladeinfrastruktur\n\u003C\/span\u003E\n            \u003C\/a\u003E\n\u003C\/li\u003E\n\u003Cli class=\u0022node node--type--article node--view-mode--unordered-list is-linked\u0022\u003E\n    \u003Ca href=\u0022\/management\/fahrzeuge\/anteil-internationaler-hersteller-e-auto-zulassungen-steigt-deutlich\u0022\n       aria-label=\u0022Anteil internationaler Hersteller an E-Auto-Zulassungen steigt deutlich\u0022\n       class=\u0022teaser-link\u0022\u003E\n        \u003Cspan class=\u0022teaser-link--text\u0022\u003EAnteil internationaler Hersteller an E-Auto-Zulassungen steigt deutlich\n\u003C\/span\u003E\n            \u003C\/a\u003E\n\u003C\/li\u003E\n\u003Cli class=\u0022node node--type--article node--view-mode--unordered-list is-linked\u0022\u003E\n    \u003Ca href=\u0022\/management\/fahrzeuge\/mercedes-benz-und-mobility-house-starten-partnerschaft-fuer-intelligentes\u0022\n       aria-label=\u0022Mercedes-Benz und The Mobility House starten Partnerschaft f\u00fcr intelligentes Laden zu Hause\u0022\n       class=\u0022teaser-link\u0022\u003E\n        \u003Cspan class=\u0022teaser-link--text\u0022\u003EMercedes-Benz und The Mobility House starten Partnerschaft f\u00fcr intelligentes Laden zu Hause\n\u003C\/span\u003E\n            \u003C\/a\u003E\n\u003C\/li\u003E\n\u003Cli class=\u0022node node--type--article node--view-mode--unordered-list is-linked\u0022\u003E\n    \u003Ca href=\u0022\/energie\/pv-module\/htw-berlin-untersucht-solares-laden-730-haushalten-mit-pv-anlage-und-e-auto\u0022\n       aria-label=\u0022HTW Berlin untersucht solares Laden in 730 Haushalten mit PV-Anlage und E-Auto\u0022\n       class=\u0022teaser-link\u0022\u003E\n        \u003Cspan class=\u0022teaser-link--text\u0022\u003EHTW Berlin untersucht solares Laden in 730 Haushalten mit PV-Anlage und E-Auto\n\u003C\/span\u003E\n            \u003C\/a\u003E\n\u003C\/li\u003E\n\u003Cli class=\u0022node node--type--article node--view-mode--unordered-list is-linked\u0022\u003E\n    \u003Ca href=\u0022\/management\/fahrzeuge\/neuer-qualitaetsstandard-fuer-wallboxen-projekt-wallbox-inspektion-liefert\u0022\n       aria-label=\u0022Neuer Qualit\u00e4tsstandard f\u00fcr Wallboxen: Projekt Wallbox-Inspektion liefert erste Pr\u00fcfkriterien\u0022\n       class=\u0022teaser-link\u0022\u003E\n        \u003Cspan class=\u0022teaser-link--text\u0022\u003ENeuer Qualit\u00e4tsstandard f\u00fcr Wallboxen: Projekt Wallbox-Inspektion liefert erste Pr\u00fcfkriterien\n\u003C\/span\u003E\n            \u003C\/a\u003E\n\u003C\/li\u003E\n\u003Cli class=\u0022node node--type--article node--view-mode--unordered-list is-linked\u0022\u003E\n    \u003Ca href=\u0022\/management\/fahrzeuge\/uniti-und-eon-drive-kooperieren-beim-ausbau-von-ladeinfrastruktur-tankstellen\u0022\n       aria-label=\u0022Uniti und Eon Drive kooperieren beim Ausbau von Ladeinfrastruktur an Tankstellen\u0022\n       class=\u0022teaser-link\u0022\u003E\n        \u003Cspan class=\u0022teaser-link--text\u0022\u003EUniti und Eon Drive kooperieren beim Ausbau von Ladeinfrastruktur an Tankstellen\n\u003C\/span\u003E\n            \u003C\/a\u003E\n\u003C\/li\u003E\n\u003Cli class=\u0022node node--type--article node--view-mode--unordered-list is-linked\u0022\u003E\n    \u003Ca href=\u0022\/management\/panorama\/elektromobilitaet-buerger-fordern-guenstigeren-ladestrom-statt-kaufpraemien\u0022\n       aria-label=\u0022Elektromobilit\u00e4t: B\u00fcrger fordern g\u00fcnstigeren Ladestrom statt Kaufpr\u00e4mien\u0022\n       class=\u0022teaser-link\u0022\u003E\n        \u003Cspan class=\u0022teaser-link--text\u0022\u003EElektromobilit\u00e4t: B\u00fcrger fordern g\u00fcnstigeren Ladestrom statt Kaufpr\u00e4mien\n\u003C\/span\u003E\n            \u003C\/a\u003E\n\u003C\/li\u003E\n\u003Cli class=\u0022node node--type--article node--view-mode--unordered-list is-linked\u0022\u003E\n    \u003Ca href=\u0022\/management\/fahrzeuge\/stellantis-pro-one-und-iveco-kooperieren-bei-elektrischen-transportern-fuer\u0022\n       aria-label=\u0022Stellantis Pro One und Iveco kooperieren bei elektrischen Transportern f\u00fcr Europa\u0022\n       class=\u0022teaser-link\u0022\u003E\n        \u003Cspan class=\u0022teaser-link--text\u0022\u003EStellantis Pro One und Iveco kooperieren bei elektrischen Transportern f\u00fcr Europa\n\u003C\/span\u003E\n            \u003C\/a\u003E\n\u003C\/li\u003E\n\u003Cli class=\u0022node node--type--article node--view-mode--unordered-list is-linked\u0022\u003E\n    \u003Ca href=\u0022\/management\/fahrzeuge\/45-millionen-euro-eu-foerderung-eon-eldrive-und-zse-bauen-europaeisches\u0022\n       aria-label=\u002245 Millionen Euro EU-F\u00f6rderung: E.ON, Eldrive und ZSE bauen europ\u00e4isches Ladenetz aus\u0022\n       class=\u0022teaser-link\u0022\u003E\n        \u003Cspan class=\u0022teaser-link--text\u0022\u003E45 Millionen Euro EU-F\u00f6rderung: E.ON, Eldrive und ZSE bauen europ\u00e4isches Ladenetz aus\n\u003C\/span\u003E\n            \u003C\/a\u003E\n\u003C\/li\u003E\n\u003Cli class=\u0022node node--type--article node--view-mode--unordered-list is-linked\u0022\u003E\n    \u003Ca href=\u0022\/management\/fahrzeuge\/rueckgang-bei-elektroauto-neuzulassungen-ladeinfrastruktur-waechst-rasant\u0022\n       aria-label=\u0022R\u00fcckgang bei Elektroauto-Neuzulassungen, Ladeinfrastruktur w\u00e4chst rasant\u0022\n       class=\u0022teaser-link\u0022\u003E\n        \u003Cspan class=\u0022teaser-link--text\u0022\u003ER\u00fcckgang bei Elektroauto-Neuzulassungen, Ladeinfrastruktur w\u00e4chst rasant\n\u003C\/span\u003E\n            \u003C\/a\u003E\n\u003C\/li\u003E\n\u003Cli class=\u0022node node--type--article node--view-mode--unordered-list is-linked\u0022\u003E\n    \u003Ca href=\u0022\/management\/fahrzeuge\/elektromobilitaet-und-ladeinfrastruktur-das-aendert-sich-2025\u0022\n       aria-label=\u0022Elektromobilit\u00e4t und Ladeinfrastruktur: Das \u00e4ndert sich 2025\u0022\n       class=\u0022teaser-link\u0022\u003E\n        \u003Cspan class=\u0022teaser-link--text\u0022\u003EElektromobilit\u00e4t und Ladeinfrastruktur: Das \u00e4ndert sich 2025\n\u003C\/span\u003E\n            \u003C\/a\u003E\n\u003C\/li\u003E\n\u003Cli class=\u0022node node--type--article node--view-mode--unordered-list is-linked\u0022\u003E\n    \u003Ca href=\u0022\/management\/fahrzeuge\/second-life-batterien-forschungsprojekt-fluxlicon-zeigt-neue\u0022\n       aria-label=\u0022Second-Life-Batterien: Forschungsprojekt Fluxlicon zeigt neue Nutzungsm\u00f6glichkeiten\u0022\n       class=\u0022teaser-link\u0022\u003E\n        \u003Cspan class=\u0022teaser-link--text\u0022\u003ESecond-Life-Batterien: Forschungsprojekt Fluxlicon zeigt neue Nutzungsm\u00f6glichkeiten\n\u003C\/span\u003E\n            \u003C\/a\u003E\n\u003C\/li\u003E\n\u003Cli class=\u0022node node--type--article node--view-mode--unordered-list is-linked\u0022\u003E\n    \u003Ca href=\u0022\/management\/fahrzeuge\/fraunhofer-ise-entwickelt-mittelspannungs-loesung-fuer-schnellladestationen\u0022\n       aria-label=\u0022Fraunhofer ISE entwickelt Mittelspannungs-L\u00f6sung f\u00fcr Schnellladestationen\u0022\n       class=\u0022teaser-link\u0022\u003E\n        \u003Cspan class=\u0022teaser-link--text\u0022\u003EFraunhofer ISE entwickelt Mittelspannungs-L\u00f6sung f\u00fcr Schnellladestationen\n\u003C\/span\u003E\n            \u003C\/a\u003E\n\u003C\/li\u003E\n\u003Cli class=\u0022node node--type--article node--view-mode--unordered-list is-linked\u0022\u003E\n    \u003Ca href=\u0022\/management\/fahrzeuge\/adac-autotest-2024-fortschritte-bei-technologie-effizienz-und-preis-leistung\u0022\n       aria-label=\u0022ADAC Autotest 2024: Fortschritte bei Technologie, Effizienz und Preis-Leistung\u0022\n       class=\u0022teaser-link\u0022\u003E\n        \u003Cspan class=\u0022teaser-link--text\u0022\u003EADAC Autotest 2024: Fortschritte bei Technologie, Effizienz und Preis-Leistung\n\u003C\/span\u003E\n            \u003C\/a\u003E\n\u003C\/li\u003E\n\u003Cli class=\u0022node node--type--article node--view-mode--unordered-list is-linked\u0022\u003E\n    \u003Ca href=\u0022\/management\/fahrzeuge\/marktanteil-von-e-autos-faellt-weiter-vdik-fordert-faire-foerderung-fuer-alle\u0022\n       aria-label=\u0022Marktanteil von E-Autos f\u00e4llt weiter: VDIK fordert faire F\u00f6rderung f\u00fcr alle Marken\u0022\n       class=\u0022teaser-link\u0022\u003E\n        \u003Cspan class=\u0022teaser-link--text\u0022\u003EMarktanteil von E-Autos f\u00e4llt weiter: VDIK fordert faire F\u00f6rderung f\u00fcr alle Marken\n\u003C\/span\u003E\n            \u003C\/a\u003E\n\u003C\/li\u003E\n\u003Cli class=\u0022node node--type--article node--view-mode--unordered-list is-linked\u0022\u003E\n    \u003Ca href=\u0022\/management\/fahrzeuge\/wechselakkus-mehrheit-der-deutschen-sieht-potenzial-der-technologie\u0022\n       aria-label=\u0022Wechselakkus: Mehrheit der Deutschen sieht Potenzial in der Technologie\u0022\n       class=\u0022teaser-link\u0022\u003E\n        \u003Cspan class=\u0022teaser-link--text\u0022\u003EWechselakkus: Mehrheit der Deutschen sieht Potenzial in der Technologie\n\u003C\/span\u003E\n            \u003C\/a\u003E\n\u003C\/li\u003E\n\u003Cli class=\u0022node node--type--article node--view-mode--unordered-list is-linked\u0022\u003E\n    \u003Ca href=\u0022\/energie\/batteriespeicher\/batterien-auf-raedern-milliarden-einsparungen-durch-e-autos-moeglich\u0022\n       aria-label=\u0022Batterien auf R\u00e4dern: Milliarden-Einsparungen durch E-Autos m\u00f6glich\u0022\n       class=\u0022teaser-link\u0022\u003E\n        \u003Cspan class=\u0022teaser-link--text\u0022\u003EBatterien auf R\u00e4dern: Milliarden-Einsparungen durch E-Autos m\u00f6glich\n\u003C\/span\u003E\n            \u003C\/a\u003E\n\u003C\/li\u003E\n\u003Cli class=\u0022node node--type--article node--view-mode--unordered-list is-linked\u0022\u003E\n    \u003Ca href=\u0022\/management\/fahrzeuge\/lademarkt-report-2024-ueber-115000-ladevorgaenge-pro-tag-deutschland\u0022\n       aria-label=\u0022Lademarkt-Report 2024: \u00dcber 115.000 Ladevorg\u00e4nge pro Tag in Deutschland\u0022\n       class=\u0022teaser-link\u0022\u003E\n        \u003Cspan class=\u0022teaser-link--text\u0022\u003ELademarkt-Report 2024: \u00dcber 115.000 Ladevorg\u00e4nge pro Tag in Deutschland\n\u003C\/span\u003E\n            \u003C\/a\u003E\n\u003C\/li\u003E\n\u003Cli class=\u0022node node--type--article node--view-mode--unordered-list is-linked\u0022\u003E\n    \u003Ca href=\u0022\/management\/fahrzeuge\/optimale-anzahl-und-standorte-fuer-schnellladestationen-fuer-e-lkw-europa\u0022\n       aria-label=\u0022Optimale Anzahl und Standorte f\u00fcr Schnellladestationen f\u00fcr E-Lkw in Europa ermittelt\u0022\n       class=\u0022teaser-link\u0022\u003E\n        \u003Cspan class=\u0022teaser-link--text\u0022\u003EOptimale Anzahl und Standorte f\u00fcr Schnellladestationen f\u00fcr E-Lkw in Europa ermittelt\n\u003C\/span\u003E\n            \u003C\/a\u003E\n\u003C\/li\u003E\n","entity_type":"node","used_ids":["",23703,23702,23701,23315,23313,23128,22993,22741,21989,21901,21715,21714,21712,21531,21529,21528,21527,21330,21310,21168,21167,20871,20869,20862,20731,20730,20573,20572,20003,19769],"show_more":"\u003Cdiv class=\u0022del-show-more\u0022\u003E\u003Ca href=\u0022\/ajax\/del\/cf159034-0a54-405e-989d-b49dd8ab08b1\/paragraph\/31\/30\/asc\/eyJ0YXhvbm9teV90ZXJtIjp7ImlkIjoiMTI0OSIsInR5cGUiOiJhcnRpY2xlX3RhZ3MifX0%3D\u0022 title=\u0022Show more items\u0022 class=\u0022del-show-more-link use-ajax\u0022 rel=\u0022nofollow\u0022 data-target-type=\u0022node\u0022 aria-controls=\u0022del--paragraph-45314--content\u0022 aria-label=\u0022Show more items\u0022\u003EMehr anzeigen\u003C\/a\u003E\u003C\/div\u003E\n"}]