[{"command":"settings","settings":{"pluralDelimiter":"\u0003","suppressDeprecationErrors":true,"ajaxPageState":{"libraries":"eJxLqcxLzM1Mjk_NK8ksqYzPySwu0S_OyC-Pz80vSgUAtBcL_w","theme":"ivory","theme_token":null},"ajaxTrustedUrl":[],"user":{"uid":0,"permissionsHash":"45145ff10299dd0624d6ca546e77b041201ed93c76c2a8c9916dd4f05d66e569","roles":["anonymous"],"custom_permissions":["none"]}},"merge":true},{"command":"add_css","data":[{"rel":"stylesheet","media":"all","href":"\/sites\/default\/files\/css\/css_o0ADUb7yDHQ8o800zQVJp3VQ9weKwIDGJEYSMBWLURw.css?delta=0\u0026language=de\u0026theme=ivory\u0026include=eJxLzi9K1U8pKi1IzNFLzEqsAAA0wAYz"},{"rel":"stylesheet","media":"all","href":"\/sites\/default\/files\/css\/css_b1LJgX55_PliihHpD7ahvFnlUq8xUspelw3mtrlm3xw.css?delta=1\u0026language=de\u0026theme=ivory\u0026include=eJxLzi9K1U8pKi1IzNFLzEqsAAA0wAYz"}]},{"command":"add_js","selector":"body","data":[{"src":"\/core\/assets\/vendor\/jquery\/jquery.min.js?v=4.0.0"},{"src":"\/sites\/default\/files\/js\/js_e2g_i7ViUPN-woOjvyw6RGYTrT44WHuPVVy5Tl7arhE.js?scope=footer\u0026delta=1\u0026language=de\u0026theme=ivory\u0026include=eJxLqcxLzM1Mjk_NK8ksqYzPySwu0S_OyC-Pz80vSgUAtBcL_w"}]},{"command":"showMoreTeasers","id":"del--paragraph-45458","content":"\u003Cli class=\u0022node node--type--article node--view-mode--unordered-list is-linked\u0022\u003E\n    \u003Ca href=\u0022\/management\/markt\/deutschland-verliert-tempo-beim-klimaschutz\u0022\n       aria-label=\u0022Deutschland verliert Tempo beim Klimaschutz\u0022\n       class=\u0022teaser-link\u0022\u003E\n        \u003Cspan class=\u0022teaser-link--text\u0022\u003EDeutschland verliert Tempo beim Klimaschutz\n\u003C\/span\u003E\n            \u003C\/a\u003E\n\u003C\/li\u003E\n\u003Cli class=\u0022node node--type--article node--view-mode--unordered-list is-linked\u0022\u003E\n    \u003Ca href=\u0022\/management\/normen-recht\/baden-wuerttemberg-aktualisiertes-klimagesetz-kraft-getreten\u0022\n       aria-label=\u0022Baden-W\u00fcrttemberg: Aktualisiertes Klimagesetz in Kraft getreten\u0022\n       class=\u0022teaser-link\u0022\u003E\n        \u003Cspan class=\u0022teaser-link--text\u0022\u003EBaden-W\u00fcrttemberg: Neues Klimagesetz ver\u00e4ndert Pflichten der Kommunen\n\u003C\/span\u003E\n            \u003C\/a\u003E\n\u003C\/li\u003E\n\u003Cli class=\u0022node node--type--article node--view-mode--unordered-list is-linked\u0022\u003E\n    \u003Ca href=\u0022\/management\/panorama\/holzwirtschaft-fordert-echten-bauturbo\u0022\n       aria-label=\u0022Holzwirtschaft fordert echten Bauturbo\u0022\n       class=\u0022teaser-link\u0022\u003E\n        \u003Cspan class=\u0022teaser-link--text\u0022\u003EHolzwirtschaft fordert echten Bauturbo\n\u003C\/span\u003E\n            \u003C\/a\u003E\n\u003C\/li\u003E\n\u003Cli class=\u0022node node--type--article node--view-mode--unordered-list is-linked\u0022\u003E\n    \u003Ca href=\u0022\/management\/normen-recht\/pfas-beschraenkung-naechster-meilenstein-erreicht\u0022\n       aria-label=\u0022PFAS-Beschr\u00e4nkung: N\u00e4chster Meilenstein erreicht \u0022\n       class=\u0022teaser-link\u0022\u003E\n        \u003Cspan class=\u0022teaser-link--text\u0022\u003EPFAS-Beschr\u00e4nkung: N\u00e4chster Meilenstein erreicht \n\u003C\/span\u003E\n            \u003C\/a\u003E\n\u003C\/li\u003E\n\u003Cli class=\u0022node node--type--article node--view-mode--unordered-list is-linked\u0022\u003E\n    \u003Ca href=\u0022\/management\/normen-recht\/chemikalien-klimaschutzverordnung-reaktionen-aus-der-branche\u0022\n       aria-label=\u0022Chemikalien-Klimaschutzverordnung: Reaktionen aus der Branche\u0022\n       class=\u0022teaser-link\u0022\u003E\n        \u003Cspan class=\u0022teaser-link--text\u0022\u003EChemikalien-Klimaschutzverordnung: Reaktionen aus der Branche\n\u003C\/span\u003E\n            \u003C\/a\u003E\n\u003C\/li\u003E\n\u003Cli class=\u0022node node--type--article node--view-mode--unordered-list is-linked\u0022\u003E\n    \u003Ca href=\u0022\/management\/panorama\/klimaresiliente-staedte-wiederverwendung-von-wasser\u0022\n       aria-label=\u0022Klimaresiliente St\u00e4dte: Wiederverwendung von Wasser\u0022\n       class=\u0022teaser-link\u0022\u003E\n        \u003Cspan class=\u0022teaser-link--text\u0022\u003EEin Quartier, das mitdenkt: Wie St\u00e4dte Wasser sinnvoll wiederverwenden\n\u003C\/span\u003E\n            \u003C\/a\u003E\n\u003C\/li\u003E\n\u003Cli class=\u0022node node--type--article node--view-mode--unordered-list is-linked\u0022\u003E\n    \u003Ca href=\u0022\/management\/panorama\/klimaschutz-plus-bawue-teil-1-des-foerderprogramms-neu-gestartet\u0022\n       aria-label=\u0022Klimaschutz-Plus in BaW\u00fc: Teil 1 des F\u00f6rderprogramms neu gestartet\u0022\n       class=\u0022teaser-link\u0022\u003E\n        \u003Cspan class=\u0022teaser-link--text\u0022\u003EKlimaschutz-Plus in Baden-W\u00fcrttemberg: Teil 1 des F\u00f6rderprogramms neu gestartet\n\u003C\/span\u003E\n            \u003C\/a\u003E\n\u003C\/li\u003E\n\u003Cli class=\u0022node node--type--article node--view-mode--unordered-list is-linked\u0022\u003E\n    \u003Ca href=\u0022\/management\/panorama\/haushaltsentwurf-rund-2-milliarden-fuer-klima-und-transformationsfonds\u0022\n       aria-label=\u0022Haushaltsentwurf: Rund 2 Milliarden f\u00fcr Klima- und Transformationsfonds\u0022\n       class=\u0022teaser-link\u0022\u003E\n        \u003Cspan class=\u0022teaser-link--text\u0022\u003EHaushaltsentwurf 2026: Milliarden f\u00fcr Klima, Kreislaufwirtschaft und Naturschutz\n\u003C\/span\u003E\n            \u003C\/a\u003E\n\u003C\/li\u003E\n\u003Cli class=\u0022node node--type--article node--view-mode--unordered-list is-linked\u0022\u003E\n    \u003Ca href=\u0022\/management\/panorama\/klimaschutz-investitionen-oeffentliche-foerdermittel-mit-tragender-rolle\u0022\n       aria-label=\u0022Klimaschutz-Investitionen: \u00d6ffentliche F\u00f6rdermittel mit tragender Rolle\u0022\n       class=\u0022teaser-link\u0022\u003E\n        \u003Cspan class=\u0022teaser-link--text\u0022\u003EKlimaschutz-Investitionen: \u00d6ffentliche F\u00f6rdermittel mit tragender Rolle\n\u003C\/span\u003E\n            \u003C\/a\u003E\n\u003C\/li\u003E\n\u003Cli class=\u0022node node--type--article node--view-mode--unordered-list is-linked\u0022\u003E\n    \u003Ca href=\u0022\/management\/panorama\/klimaziele-bis-2030-erreichbar-trotzdem-besteht-handlungsbedarf\u0022\n       aria-label=\u0022Klimaziele bis 2030 erreichbar \u2013 trotzdem besteht Handlungsbedarf\u0022\n       class=\u0022teaser-link\u0022\u003E\n        \u003Cspan class=\u0022teaser-link--text\u0022\u003EKlimaziele bis 2030 erreichbar \u2013 trotzdem besteht Handlungsbedarf\n\u003C\/span\u003E\n            \u003C\/a\u003E\n\u003C\/li\u003E\n\u003Cli class=\u0022node node--type--article node--view-mode--unordered-list is-linked\u0022\u003E\n    \u003Ca href=\u0022\/management\/panorama\/klimaziele-im-gebaeudesektor-erneut-verfehlt\u0022\n       aria-label=\u0022Klimaziele im Geb\u00e4udesektor erneut verfehlt\u0022\n       class=\u0022teaser-link\u0022\u003E\n        \u003Cspan class=\u0022teaser-link--text\u0022\u003EKlimaziele im Geb\u00e4udesektor erneut verfehlt\n\u003C\/span\u003E\n            \u003C\/a\u003E\n\u003C\/li\u003E\n\u003Cli class=\u0022node node--type--article node--view-mode--unordered-list is-linked\u0022\u003E\n    \u003Ca href=\u0022\/management\/panorama\/klimafreundlicher-verkehr-den-bundeslaendern-neues-aee-hintergrundpapier\u0022\n       aria-label=\u0022Klimafreundlicher Verkehr in den Bundesl\u00e4ndern: Neues AEE-Hintergrundpapier\u0022\n       class=\u0022teaser-link\u0022\u003E\n        \u003Cspan class=\u0022teaser-link--text\u0022\u003EKlimafreundlicher Verkehr in den Bundesl\u00e4ndern: Neues AEE-Hintergrundpapier\n\u003C\/span\u003E\n            \u003C\/a\u003E\n\u003C\/li\u003E\n\u003Cli class=\u0022node node--type--article node--view-mode--unordered-list is-linked\u0022\u003E\n    \u003Ca href=\u0022\/management\/panorama\/energieeffiziente-gebaeude-schluessel-fuer-klimaschutz-und-soziale-stabilitaet\u0022\n       aria-label=\u0022Energieeffiziente Geb\u00e4ude: Schl\u00fcssel f\u00fcr Klimaschutz und soziale Stabilit\u00e4t\u0022\n       class=\u0022teaser-link\u0022\u003E\n        \u003Cspan class=\u0022teaser-link--text\u0022\u003EEnergieeffiziente Geb\u00e4ude: Schl\u00fcssel f\u00fcr Klimaschutz und soziale Stabilit\u00e4t\n\u003C\/span\u003E\n            \u003C\/a\u003E\n\u003C\/li\u003E\n\u003Cli class=\u0022node node--type--article node--view-mode--unordered-list is-linked\u0022\u003E\n    \u003Ca href=\u0022\/management\/normen-recht\/deutsche-umwelthilfe-fordert-klimanotfallprogramm\u0022\n       aria-label=\u0022Deutsche Umwelthilfe fordert Klimanotfallprogramm\u0022\n       class=\u0022teaser-link\u0022\u003E\n        \u003Cspan class=\u0022teaser-link--text\u0022\u003EDeutsche Umwelthilfe fordert Klimanotfallprogramm\n\u003C\/span\u003E\n            \u003C\/a\u003E\n\u003C\/li\u003E\n\u003Cli class=\u0022node node--type--article node--view-mode--unordered-list is-linked\u0022\u003E\n    \u003Ca href=\u0022\/management\/normen-recht\/klimaziele-2030-und-2040-massnahmen-fuer-eine-ausgewogene-klima-und\u0022\n       aria-label=\u0022Klimaziele 2030 und 2040: Ma\u00dfnahmen f\u00fcr eine ausgewogene Klima- und Energiepolitik\u0022\n       class=\u0022teaser-link\u0022\u003E\n        \u003Cspan class=\u0022teaser-link--text\u0022\u003EKlimaziele 2030 und 2040: Ma\u00dfnahmen f\u00fcr eine ausgewogene Klima- und Energiepolitik\n\u003C\/span\u003E\n            \u003C\/a\u003E\n\u003C\/li\u003E\n\u003Cli class=\u0022node node--type--article node--view-mode--unordered-list is-linked\u0022\u003E\n    \u003Ca href=\u0022\/management\/markt\/effizienter-klimaschutz-bezahlbar-durch-strompreissenkung\u0022\n       aria-label=\u0022Effizienter Klimaschutz: Bezahlbar durch Strompreissenkung\u0022\n       class=\u0022teaser-link\u0022\u003E\n        \u003Cspan class=\u0022teaser-link--text\u0022\u003EEffizienter Klimaschutz: Bezahlbar durch Strompreissenkung\n\u003C\/span\u003E\n            \u003C\/a\u003E\n\u003C\/li\u003E\n\u003Cli class=\u0022node node--type--article node--view-mode--unordered-list is-linked\u0022\u003E\n    \u003Ca href=\u0022\/management\/markt\/wie-werden-sich-die-energiepreise-2025-entwickeln\u0022\n       aria-label=\u0022Wie werden sich die Energiepreise 2025 entwickeln\u0022\n       class=\u0022teaser-link\u0022\u003E\n        \u003Cspan class=\u0022teaser-link--text\u0022\u003EWie werden sich die Energiepreise 2025 entwickeln?\n\u003C\/span\u003E\n            \u003C\/a\u003E\n\u003C\/li\u003E\n\u003Cli class=\u0022node node--type--article node--view-mode--unordered-list is-linked\u0022\u003E\n    \u003Ca href=\u0022\/management\/panorama\/klimaschutzkosten-lassen-sich-um-248-milliarden-euro-senken\u0022\n       aria-label=\u0022Klimaschutzkosten lassen sich um 248 Milliarden Euro senken\u0022\n       class=\u0022teaser-link\u0022\u003E\n        \u003Cspan class=\u0022teaser-link--text\u0022\u003EGemeinsamer Klimaschutz in der EU kann 248 Milliarden Euro einsparen\n\u003C\/span\u003E\n            \u003C\/a\u003E\n\u003C\/li\u003E\n\u003Cli class=\u0022node node--type--article node--view-mode--unordered-list is-linked\u0022\u003E\n    \u003Ca href=\u0022\/management\/panorama\/bundesregierung-muss-beim-klimaschutz-nachbessern\u0022\n       aria-label=\u0022Bundesregierung muss beim Klimaschutz nachbessern\u0022\n       class=\u0022teaser-link\u0022\u003E\n        \u003Cspan class=\u0022teaser-link--text\u0022\u003ESchlappe vor Gericht: Bundesregierung muss beim Klimaschutz nachbessern\n\u003C\/span\u003E\n            \u003C\/a\u003E\n\u003C\/li\u003E\n\u003Cli class=\u0022node node--type--article node--view-mode--unordered-list is-linked\u0022\u003E\n    \u003Ca href=\u0022\/management\/markt\/emissionsdaten-2023-unsicherheit-bei-gebaeudesektor\u0022\n       aria-label=\u0022Emissionsdaten 2023: Unsicherheit bei Geb\u00e4udesektor\u0022\n       class=\u0022teaser-link\u0022\u003E\n        \u003Cspan class=\u0022teaser-link--text\u0022\u003EEmissionsdaten 2023: Unsicherheit bei Geb\u00e4udesektor\n\u003C\/span\u003E\n            \u003C\/a\u003E\n\u003C\/li\u003E\n\u003Cli class=\u0022node node--type--article node--view-mode--unordered-list is-linked\u0022\u003E\n    \u003Ca href=\u0022\/management\/normen-recht\/eu-gebaeuderichtlinie-bund-und-deneff-fordern-schnelles-handeln-der\u0022\n       aria-label=\u0022EU-Geb\u00e4uderichtlinie: BUND und DENEFF fordern schnelles Handeln der Regierung\u0022\n       class=\u0022teaser-link\u0022\u003E\n        \u003Cspan class=\u0022teaser-link--text\u0022\u003EEU-Geb\u00e4uderichtlinie: BUND und DENEFF fordern schnelles Handeln der Regierung\n\u003C\/span\u003E\n            \u003C\/a\u003E\n\u003C\/li\u003E\n\u003Cli class=\u0022node node--type--article node--view-mode--unordered-list is-linked\u0022\u003E\n    \u003Ca href=\u0022\/management\/panorama\/treibhausgas-emissionen-sinken-2023-um-101-prozent\u0022\n       aria-label=\u0022Treibhausgas-Emissionen sinken 2023 um 10,1 Prozent \u0022\n       class=\u0022teaser-link\u0022\u003E\n        \u003Cspan class=\u0022teaser-link--text\u0022\u003EUBA: Treibhausgas-Emissionen sinken 2023 um 10,1 Prozent \n\u003C\/span\u003E\n            \u003C\/a\u003E\n\u003C\/li\u003E\n\u003Cli class=\u0022node node--type--article node--view-mode--unordered-list is-linked\u0022\u003E\n    \u003Ca href=\u0022\/management\/normen-recht\/ueberarbeitete-eu-gebaeuderichtlinie-angenommen\u0022\n       aria-label=\u0022\u00dcberarbeitete EU-Geb\u00e4uderichtlinie angenommen\u0022\n       class=\u0022teaser-link\u0022\u003E\n        \u003Cspan class=\u0022teaser-link--text\u0022\u003E\u00dcberarbeitete EU-Geb\u00e4uderichtlinie angenommen\n\u003C\/span\u003E\n            \u003C\/a\u003E\n\u003C\/li\u003E\n\u003Cli class=\u0022node node--type--article node--view-mode--unordered-list is-linked\u0022\u003E\n    \u003Ca href=\u0022\/management\/panorama\/buerger-fordern-mehr-stadtbegruenung-gegen-hitze-und-entsiegelung\u0022\n       aria-label=\u0022B\u00fcrger fordern mehr Stadtbegr\u00fcnung gegen Hitze und Entsiegelung\u0022\n       class=\u0022teaser-link\u0022\u003E\n        \u003Cspan class=\u0022teaser-link--text\u0022\u003EB\u00fcrger fordern mehr Stadtbegr\u00fcnung gegen Hitze und Entsiegelung\n\u003C\/span\u003E\n            \u003C\/a\u003E\n\u003C\/li\u003E\n\u003Cli class=\u0022node node--type--article node--view-mode--unordered-list is-linked\u0022\u003E\n    \u003Ca href=\u0022\/management\/panorama\/klimafreundliches-sanieren-kfw-baut-foerderung-aus\u0022\n       aria-label=\u0022Klimafreundliches Sanieren: KfW baut F\u00f6rderung aus\u0022\n       class=\u0022teaser-link\u0022\u003E\n        \u003Cspan class=\u0022teaser-link--text\u0022\u003EKlimafreundliches Sanieren: KfW baut F\u00f6rderung aus\n\u003C\/span\u003E\n            \u003C\/a\u003E\n\u003C\/li\u003E\n\u003Cli class=\u0022node node--type--article node--view-mode--unordered-list is-linked\u0022\u003E\n    \u003Ca href=\u0022\/management\/panorama\/klimaschutz-mehrheit-will-vorreiterrolle-fuer-deutschland\u0022\n       aria-label=\u0022Klimaschutz: Mehrheit will Vorreiterrolle f\u00fcr Deutschland\u0022\n       class=\u0022teaser-link\u0022\u003E\n        \u003Cspan class=\u0022teaser-link--text\u0022\u003EKlimaschutz: Mehrheit will Vorreiterrolle f\u00fcr Deutschland\n\u003C\/span\u003E\n            \u003C\/a\u003E\n\u003C\/li\u003E\n\u003Cli class=\u0022node node--type--article node--view-mode--unordered-list is-linked\u0022\u003E\n    \u003Ca href=\u0022\/management\/markt\/nachfrage-nach-gruenen-und-nachhaltigen-immobilien-waechst\u0022\n       aria-label=\u0022Nachfrage nach gr\u00fcnen und nachhaltigen Immobilien w\u00e4chst\u0022\n       class=\u0022teaser-link\u0022\u003E\n        \u003Cspan class=\u0022teaser-link--text\u0022\u003ENachfrage nach gr\u00fcnen und nachhaltigen Immobilien w\u00e4chst\n\u003C\/span\u003E\n            \u003C\/a\u003E\n\u003C\/li\u003E\n\u003Cli class=\u0022node node--type--article node--view-mode--unordered-list is-linked\u0022\u003E\n    \u003Ca href=\u0022\/management\/markt\/neues-foerderprogramm-des-bmel-nachhaltige-erneuerbare-ressourcen\u0022\n       aria-label=\u0022Neues F\u00f6rderprogramm des BMEL \u0026quot;Nachhaltige Erneuerbare Ressourcen\u0026quot;\u0022\n       class=\u0022teaser-link\u0022\u003E\n        \u003Cspan class=\u0022teaser-link--text\u0022\u003ENeues F\u00f6rderprogramm des BMEL \u0026quot;Nachhaltige Erneuerbare Ressourcen\u0026quot;\n\u003C\/span\u003E\n            \u003C\/a\u003E\n\u003C\/li\u003E\n\u003Cli class=\u0022node node--type--article node--view-mode--unordered-list is-linked\u0022\u003E\n    \u003Ca href=\u0022\/management\/markt\/erneuerbare-energien-zwischen-akzeptanz-und-unsicherheit\u0022\n       aria-label=\u0022Erneuerbare Energien: Zwischen Akzeptanz und Unsicherheit\u0022\n       class=\u0022teaser-link\u0022\u003E\n        \u003Cspan class=\u0022teaser-link--text\u0022\u003EErneuerbare Energien: Zwischen Akzeptanz und Unsicherheit\n\u003C\/span\u003E\n            \u003C\/a\u003E\n\u003C\/li\u003E\n\u003Cli class=\u0022node node--type--article node--view-mode--unordered-list is-linked\u0022\u003E\n    \u003Ca href=\u0022\/management\/panorama\/klimaschutz-im-gebaeudebestand-rasches-handeln-ist-dringend-erforderlich\u0022\n       aria-label=\u0022Klimaschutz im Geb\u00e4udebestand - rasches Handeln ist dringend erforderlich\u0022\n       class=\u0022teaser-link\u0022\u003E\n        \u003Cspan class=\u0022teaser-link--text\u0022\u003EKlimaschutz im Geb\u00e4udebestand: Rasches Handeln ist dringend erforderlich\n\u003C\/span\u003E\n            \u003C\/a\u003E\n\u003C\/li\u003E\n","entity_type":"node","used_ids":["",23108,22340,22298,22254,22233,22114,22110,22106,21926,21604,21601,21247,21218,21213,21212,21195,19897,19337,19336,19172,19149,18962,18956,18926,18710,18701,18568,18531,18282,18280],"show_more":"\u003Cdiv class=\u0022del-show-more\u0022\u003E\u003Ca href=\u0022\/ajax\/del\/d9935198-69ae-42ab-8818-949011402916\/paragraph\/31\/30\/asc\/eyJub2RlIjp7ImlkIjoiNzM0NyIsInR5cGUiOiJwYWdlIn19\u0022 title=\u0022Show more items\u0022 class=\u0022del-show-more-link use-ajax\u0022 rel=\u0022nofollow\u0022 data-target-type=\u0022node\u0022 aria-controls=\u0022del--paragraph-45458--content\u0022 aria-label=\u0022Show more items\u0022\u003EMehr anzeigen\u003C\/a\u003E\u003C\/div\u003E\n"}]