[{"command":"showMoreTeasers","id":"del--paragraph-45469","content":"\u003Cli class=\u0022node node--type--article node--view-mode--unordered-list is-linked\u0022\u003E\n    \u003Ca href=\u0022\/gebaeudehuelle\/daemmung\/heck-ka-neues-wdvs-fuer-plattenbau-hochhaus-dresden\u0022\n       aria-label=\u0022Heck K+A: Neues WDVS f\u00fcr Plattenbau-Hochhaus in Dresden\u0022\n       class=\u0022teaser-link\u0022\u003E\n        \u003Cspan class=\u0022teaser-link--text\u0022\u003EHeck K+A: Neues WDVS f\u00fcr Plattenbau-Hochhaus in Dresden\n\u003C\/span\u003E\n            \u003C\/a\u003E\n\u003C\/li\u003E\n\u003Cli class=\u0022node node--type--article node--view-mode--unordered-list is-linked\u0022\u003E\n    \u003Ca href=\u0022\/gebaeudehuelle\/daemmung\/stobrick-waermedaemmung-mit-zwei-neuen-klinker-designs\u0022\n       aria-label=\u0022StoBrick W\u00e4rmed\u00e4mmung mit zwei neuen Klinker-Designs\u0022\n       class=\u0022teaser-link\u0022\u003E\n        \u003Cspan class=\u0022teaser-link--text\u0022\u003EStoBrick W\u00e4rmed\u00e4mmung mit zwei neuen Klinker-Designs\n\u003C\/span\u003E\n            \u003C\/a\u003E\n\u003C\/li\u003E\n\u003Cli class=\u0022node node--type--article node--view-mode--unordered-list is-linked\u0022\u003E\n    \u003Ca href=\u0022\/gebaeudehuelle\/daemmung\/schellenberg-professional-rollladenkastendaemmung-gegen-teure\u0022\n       aria-label=\u0022Schellenberg Professional: Rollladenkastend\u00e4mmung gegen teure Energieverluste\u0022\n       class=\u0022teaser-link\u0022\u003E\n        \u003Cspan class=\u0022teaser-link--text\u0022\u003ESchellenberg Professional: Rollladenkastend\u00e4mmung gegen teure Energieverluste\n\u003C\/span\u003E\n            \u003C\/a\u003E\n\u003C\/li\u003E\n\u003Cli class=\u0022node node--type--article node--view-mode--unordered-list is-linked\u0022\u003E\n    \u003Ca href=\u0022\/gebaeudehuelle\/daemmung\/lagerhalle-wird-buerogebaeude-umnutzung-durch-daemmung-von-sto\u0022\n       aria-label=\u0022Lagerhalle wird B\u00fcrogeb\u00e4ude: Umnutzung durch D\u00e4mmung von Sto\u0022\n       class=\u0022teaser-link\u0022\u003E\n        \u003Cspan class=\u0022teaser-link--text\u0022\u003ELagerhalle wird B\u00fcrogeb\u00e4ude: Umnutzung durch D\u00e4mmung von Sto\n\u003C\/span\u003E\n            \u003C\/a\u003E\n\u003C\/li\u003E\n\u003Cli class=\u0022node node--type--article node--view-mode--unordered-list is-linked\u0022\u003E\n    \u003Ca href=\u0022\/gebaeudehuelle\/daemmung\/innovative-messtechnik-fuer-die-energieberatung\u0022\n       aria-label=\u0022Innovative Messtechnik f\u00fcr die Energieberatung\u0022\n       class=\u0022teaser-link\u0022\u003E\n        \u003Cspan class=\u0022teaser-link--text\u0022\u003EInnovative Messtechnik f\u00fcr die Energieberatung\n\u003C\/span\u003E\n            \u003C\/a\u003E\n\u003C\/li\u003E\n\u003Cli class=\u0022node node--type--article node--view-mode--unordered-list is-linked\u0022\u003E\n    \u003Ca href=\u0022\/management\/it\/armawin-software-berechnet-die-optimalen-dicke-der-daemmung\u0022\n       aria-label=\u0022Armawin: Software berechnet die optimalen Dicke der D\u00e4mmung\u0022\n       class=\u0022teaser-link\u0022\u003E\n        \u003Cspan class=\u0022teaser-link--text\u0022\u003EArmawin: Software berechnet die optimalen Dicke der D\u00e4mmung\n\u003C\/span\u003E\n            \u003C\/a\u003E\n\u003C\/li\u003E\n\u003Cli class=\u0022node node--type--article node--view-mode--unordered-list is-linked\u0022\u003E\n    \u003Ca href=\u0022\/gebaeudehuelle\/daemmung\/stotherm-aims-wdvs-komponenten-werden-nachhaltig\u0022\n       aria-label=\u0022StoTherm AimS: WDVS-Komponenten werden nachhaltig\u0022\n       class=\u0022teaser-link\u0022\u003E\n        \u003Cspan class=\u0022teaser-link--text\u0022\u003EStoTherm AimS: WDVS-Komponenten werden nachhaltig\n\u003C\/span\u003E\n            \u003C\/a\u003E\n\u003C\/li\u003E\n\u003Cli class=\u0022node node--type--article node--view-mode--unordered-list is-linked\u0022\u003E\n    \u003Ca href=\u0022\/gebaeudehuelle\/daemmung\/thermische-balkonsanierung-im-mehrfamilienhaus-mit-triflex-bts-p\u0022\n       aria-label=\u0022Thermische Balkonsanierung im Mehrfamilienhaus mit Triflex BTS-P\u0022\n       class=\u0022teaser-link\u0022\u003E\n        \u003Cspan class=\u0022teaser-link--text\u0022\u003EThermische Balkonsanierung im Mehrfamilienhaus mit Triflex BTS-P\n\u003C\/span\u003E\n            \u003C\/a\u003E\n\u003C\/li\u003E\n\u003Cli class=\u0022node node--type--article node--view-mode--unordered-list is-linked\u0022\u003E\n    \u003Ca href=\u0022\/gebaeudehuelle\/daemmung\/pohlcon-isopro-120-balkonanschluesse-fuer-bessere-waermedaemmung\u0022\n       aria-label=\u0022PohlCon Isopro 120: Balkonanschl\u00fcsse f\u00fcr bessere W\u00e4rmed\u00e4mmung\u0022\n       class=\u0022teaser-link\u0022\u003E\n        \u003Cspan class=\u0022teaser-link--text\u0022\u003EPohlCon Isopro 120: Balkonanschl\u00fcsse f\u00fcr bessere W\u00e4rmed\u00e4mmung\n\u003C\/span\u003E\n            \u003C\/a\u003E\n\u003C\/li\u003E\n\u003Cli class=\u0022node node--type--article node--view-mode--unordered-list is-linked\u0022\u003E\n    \u003Ca href=\u0022\/gebaeudehuelle\/fenster-bauelemente\/oknoplast-pava-neubaufenster-mit-stv-technologie-fuer-mehr\u0022\n       aria-label=\u0022Oknoplast Pava: Neubaufenster mit STV-Technologie f\u00fcr mehr W\u00e4rmed\u00e4mmung\u0022\n       class=\u0022teaser-link\u0022\u003E\n        \u003Cspan class=\u0022teaser-link--text\u0022\u003EOknoplast Pava: Neubaufenster mit STV-Technologie f\u00fcr mehr W\u00e4rmed\u00e4mmung\n\u003C\/span\u003E\n            \u003C\/a\u003E\n\u003C\/li\u003E\n\u003Cli class=\u0022node node--type--article node--view-mode--unordered-list is-linked\u0022\u003E\n    \u003Ca href=\u0022\/gebaeudehuelle\/daemmung\/heck-wall-systems-kellerdecke-daemmen-ohne-zu-duebeln\u0022\n       aria-label=\u0022Heck Wall Systems: Kellerdecke d\u00e4mmen ohne zu d\u00fcbeln\u0022\n       class=\u0022teaser-link\u0022\u003E\n        \u003Cspan class=\u0022teaser-link--text\u0022\u003EHeck Wall Systems: Kellerdecke d\u00e4mmen ohne zu d\u00fcbeln\n\u003C\/span\u003E\n            \u003C\/a\u003E\n\u003C\/li\u003E\n\u003Cli class=\u0022node node--type--article node--view-mode--unordered-list is-linked\u0022\u003E\n    \u003Ca href=\u0022\/gebaeudehuelle\/fenster-bauelemente\/schellenberg-rollladenkasten-daemmsystem-gegen-energieverluste\u0022\n       aria-label=\u0022Schellenberg: Rollladenkasten-D\u00e4mmsystem gegen Energieverluste\u0022\n       class=\u0022teaser-link\u0022\u003E\n        \u003Cspan class=\u0022teaser-link--text\u0022\u003ESchellenberg: Rollladenkasten-D\u00e4mmsystem gegen Energieverluste\n\u003C\/span\u003E\n            \u003C\/a\u003E\n\u003C\/li\u003E\n\u003Cli class=\u0022node node--type--article node--view-mode--unordered-list is-linked\u0022\u003E\n    \u003Ca href=\u0022\/gebaeudehuelle\/daemmung\/loro-waermedaemmbloecke-fuer-attika-direkt-ablaeufe\u0022\n       aria-label=\u0022Loro: W\u00e4rmed\u00e4mmbl\u00f6cke f\u00fcr Attika-Direkt-Abl\u00e4ufe\u0022\n       class=\u0022teaser-link\u0022\u003E\n        \u003Cspan class=\u0022teaser-link--text\u0022\u003ELoro: W\u00e4rmed\u00e4mmbl\u00f6cke f\u00fcr Attika-Direkt-Abl\u00e4ufe\n\u003C\/span\u003E\n            \u003C\/a\u003E\n\u003C\/li\u003E\n\u003Cli class=\u0022node node--type--article node--view-mode--unordered-list is-linked\u0022\u003E\n    \u003Ca href=\u0022\/gebaeudehuelle\/glas-fassade\/aluprof-wertet-fassadensystem-mb-sr50n-hi-mit-sockelleiste-auf\u0022\n       aria-label=\u0022Aluprof wertet Fassadensystem MB-SR50N HI+ mit Sockelleiste auf\u0022\n       class=\u0022teaser-link\u0022\u003E\n        \u003Cspan class=\u0022teaser-link--text\u0022\u003EAluprof wertet Fassadensystem MB-SR50N HI+ mit Sockelleiste auf\n\u003C\/span\u003E\n            \u003C\/a\u003E\n\u003C\/li\u003E\n\u003Cli class=\u0022node node--type--article node--view-mode--unordered-list is-linked\u0022\u003E\n    \u003Ca href=\u0022\/gebaeudehuelle\/daemmung\/sockelabdichtung-3-1-loesung-fuer-gedaemmte-fassaden\u0022\n       aria-label=\u0022Sockelabdichtung: 3-in-1-L\u00f6sung f\u00fcr ged\u00e4mmte Fassaden\u0022\n       class=\u0022teaser-link\u0022\u003E\n        \u003Cspan class=\u0022teaser-link--text\u0022\u003ESockelabdichtung: 3-in-1-L\u00f6sung f\u00fcr ged\u00e4mmte Fassaden\n\u003C\/span\u003E\n            \u003C\/a\u003E\n\u003C\/li\u003E\n\u003Cli class=\u0022node node--type--article node--view-mode--unordered-list is-linked\u0022\u003E\n    \u003Ca href=\u0022\/gebaeudehuelle\/daemmung\/pyd-thermosysteme-bodentemperierung-mit-schafwollefilz-ausgleichsmatte\u0022\n       aria-label=\u0022PYD-Thermosysteme: Bodentemperierung mit Schafwollefilz-Ausgleichsmatte\u0022\n       class=\u0022teaser-link\u0022\u003E\n        \u003Cspan class=\u0022teaser-link--text\u0022\u003EPYD-Thermosysteme: Bodentemperierung mit Schafwollefilz-Ausgleichsmatte\n\u003C\/span\u003E\n            \u003C\/a\u003E\n\u003C\/li\u003E\n\u003Cli class=\u0022node node--type--article node--view-mode--unordered-list is-linked\u0022\u003E\n    \u003Ca href=\u0022\/gebaeudehuelle\/daemmung\/berliner-wohnanlage-oekologisch-gedaemmt-aesthetisch-verklinkert\u0022\n       aria-label=\u0022Berliner Wohnanlage: \u00d6kologisch ged\u00e4mmt, \u00e4sthetisch verklinkert\u0022\n       class=\u0022teaser-link\u0022\u003E\n        \u003Cspan class=\u0022teaser-link--text\u0022\u003EBerliner Wohnanlage: \u00d6kologisch ged\u00e4mmt, \u00e4sthetisch verklinkert\n\u003C\/span\u003E\n            \u003C\/a\u003E\n\u003C\/li\u003E\n\u003Cli class=\u0022node node--type--article node--view-mode--unordered-list is-linked\u0022\u003E\n    \u003Ca href=\u0022\/gebaeudehuelle\/daemmung\/saint-gobain-weber-aesthetik-im-wdvs-detail\u0022\n       aria-label=\u0022Saint-Gobain Weber: \u00c4sthetik im (WDVS-)Detail\u0022\n       class=\u0022teaser-link\u0022\u003E\n        \u003Cspan class=\u0022teaser-link--text\u0022\u003ESaint-Gobain Weber: \u00c4sthetik im (WDVS-)Detail\n\u003C\/span\u003E\n            \u003C\/a\u003E\n\u003C\/li\u003E\n\u003Cli class=\u0022node node--type--article node--view-mode--unordered-list is-linked\u0022\u003E\n    \u003Ca href=\u0022\/heizung\/waermenutzung\/herotec-brandschutzloesung-mit-randstreifen-tempusstripe-rock\u0022\n       aria-label=\u0022Herotec: Brandschutzl\u00f6sung mit Randstreifen Tempusstripe Rock\u0022\n       class=\u0022teaser-link\u0022\u003E\n        \u003Cspan class=\u0022teaser-link--text\u0022\u003EHerotec: Brandschutzl\u00f6sung mit Randstreifen Tempusstripe Rock\n\u003C\/span\u003E\n            \u003C\/a\u003E\n\u003C\/li\u003E\n\u003Cli class=\u0022node node--type--article node--view-mode--unordered-list is-linked\u0022\u003E\n    \u003Ca href=\u0022\/gebaeudehuelle\/daemmung\/thermax-waermedaemm-und-brandschutzplatte-erhaelt-ibr-guetesiegel\u0022\n       aria-label=\u0022Thermax-W\u00e4rmed\u00e4mm- und Brandschutzplatte erh\u00e4lt IBR-G\u00fctesiegel\u0022\n       class=\u0022teaser-link\u0022\u003E\n        \u003Cspan class=\u0022teaser-link--text\u0022\u003EThermax-W\u00e4rmed\u00e4mm- und Brandschutzplatte erh\u00e4lt IBR-G\u00fctesiegel\n\u003C\/span\u003E\n            \u003C\/a\u003E\n\u003C\/li\u003E\n\u003Cli class=\u0022node node--type--article node--view-mode--unordered-list is-linked\u0022\u003E\n    \u003Ca href=\u0022\/gebaeudehuelle\/fenster-bauelemente\/iso-chemie-iso-top-fensterbankformteile\u0022\n       aria-label=\u0022ISO-Chemie: Iso-Top Fensterbankformteile\u0022\n       class=\u0022teaser-link\u0022\u003E\n        \u003Cspan class=\u0022teaser-link--text\u0022\u003EISO-Chemie: Iso-Top Fensterbankformteile\n\u003C\/span\u003E\n            \u003C\/a\u003E\n\u003C\/li\u003E\n\u003Cli class=\u0022node node--type--article node--view-mode--unordered-list is-linked\u0022\u003E\n    \u003Ca href=\u0022\/gebaeudehuelle\/daemmung\/foamglas-sicheres-innendaemmsystem-mit-schaumglas\u0022\n       aria-label=\u0022Foamglas: Sicheres Innend\u00e4mmsystem mit Schaumglas\u00a0\u0022\n       class=\u0022teaser-link\u0022\u003E\n        \u003Cspan class=\u0022teaser-link--text\u0022\u003EFoamglas: Sicheres Innend\u00e4mmsystem mit Schaumglas\u00a0\n\u003C\/span\u003E\n            \u003C\/a\u003E\n\u003C\/li\u003E\n\u003Cli class=\u0022node node--type--article node--view-mode--unordered-list is-linked\u0022\u003E\n    \u003Ca href=\u0022\/gebaeudehuelle\/daemmung\/sandwich-ausbauplatte-fuer-daemmung-laermschutz-und-feuchteregulation\u0022\n       aria-label=\u0022Sandwich-Ausbauplatte f\u00fcr D\u00e4mmung, L\u00e4rmschutz und Feuchteregulation\u0022\n       class=\u0022teaser-link\u0022\u003E\n        \u003Cspan class=\u0022teaser-link--text\u0022\u003ESandwich-Ausbauplatte f\u00fcr D\u00e4mmung, L\u00e4rmschutz und Feuchteregulation\n\u003C\/span\u003E\n            \u003C\/a\u003E\n\u003C\/li\u003E\n\u003Cli class=\u0022node node--type--article node--view-mode--unordered-list is-linked\u0022\u003E\n    \u003Ca href=\u0022\/gebaeudehuelle\/daemmung\/sto-wdvs-mit-nachwachsenden-rohstoffen\u0022\n       aria-label=\u0022Sto: WDVS mit nachwachsenden Rohstoffen\u0022\n       class=\u0022teaser-link\u0022\u003E\n        \u003Cspan class=\u0022teaser-link--text\u0022\u003ESto: WDVS mit nachwachsenden Rohstoffen\n\u003C\/span\u003E\n            \u003C\/a\u003E\n\u003C\/li\u003E\n\u003Cli class=\u0022node node--type--article node--view-mode--unordered-list is-linked\u0022\u003E\n    \u003Ca href=\u0022\/gebaeudehuelle\/glas-fassade\/knauf-waermedaemmfassade-mit-putz-und-klinkeroptik\u0022\n       aria-label=\u0022Knauf: W\u00e4rmed\u00e4mmfassade mit Putz- und Klinkeroptik\u0022\n       class=\u0022teaser-link\u0022\u003E\n        \u003Cspan class=\u0022teaser-link--text\u0022\u003EKnauf: W\u00e4rmed\u00e4mmfassade mit Putz- und Klinkeroptik\n\u003C\/span\u003E\n            \u003C\/a\u003E\n\u003C\/li\u003E\n\u003Cli class=\u0022node node--type--article node--view-mode--unordered-list is-linked\u0022\u003E\n    \u003Ca href=\u0022\/gebaeudehuelle\/daemmung\/ampatherm-produktsystem-fuer-energieeffiziente-steildaecher\u0022\n       aria-label=\u0022Ampatherm: Produktsystem f\u00fcr energieeffiziente Steild\u00e4cher\u0022\n       class=\u0022teaser-link\u0022\u003E\n        \u003Cspan class=\u0022teaser-link--text\u0022\u003EAmpatherm: Produktsystem f\u00fcr energieeffiziente Steild\u00e4cher\n\u003C\/span\u003E\n            \u003C\/a\u003E\n\u003C\/li\u003E\n\u003Cli class=\u0022node node--type--article node--view-mode--unordered-list is-linked\u0022\u003E\n    \u003Ca href=\u0022\/gebaeudehuelle\/daemmung\/cwa-daemmstoff-flocken-loft-aus-cellulose\u0022\n       aria-label=\u0022CWA: D\u00e4mmstoff-Flocken \u0026quot;Loft\u0026quot; aus Cellulose\u0022\n       class=\u0022teaser-link\u0022\u003E\n        \u003Cspan class=\u0022teaser-link--text\u0022\u003ECWA: D\u00e4mmstoff-Flocken \u0026quot;Loft\u0026quot; aus Cellulose\n\u003C\/span\u003E\n            \u003C\/a\u003E\n\u003C\/li\u003E\n\u003Cli class=\u0022node node--type--article node--view-mode--unordered-list is-linked\u0022\u003E\n    \u003Ca href=\u0022\/gebaeudehuelle\/daemmung\/waermedaemm-verbundsystem-fuer-natursteinfassaden-von-heck-wall-systems\u0022\n       aria-label=\u0022W\u00e4rmed\u00e4mm-Verbundsystem f\u00fcr Natursteinfassaden von Heck Wall Systems\u0022\n       class=\u0022teaser-link\u0022\u003E\n        \u003Cspan class=\u0022teaser-link--text\u0022\u003EWDVS f\u00fcr Natursteinfassaden von Heck Wall Systems\n\u003C\/span\u003E\n            \u003C\/a\u003E\n\u003C\/li\u003E\n\u003Cli class=\u0022node node--type--article node--view-mode--unordered-list is-linked\u0022\u003E\n    \u003Ca href=\u0022\/gebaeudehuelle\/daemmung\/die-top-5-produkte-im-juli\u0022\n       aria-label=\u0022Die Top 5 Produkte im Juli\u0022\n       class=\u0022teaser-link\u0022\u003E\n        \u003Cspan class=\u0022teaser-link--text\u0022\u003EDie Top 5 Produkte im Juli\n\u003C\/span\u003E\n            \u003C\/a\u003E\n\u003C\/li\u003E\n\u003Cli class=\u0022node node--type--article node--view-mode--unordered-list is-linked\u0022\u003E\n    \u003Ca href=\u0022\/gebaeudehuelle\/daemmung\/tu-hh-stellt-daemmplatten-aus-ligninbasierten-aerogelen-her\u0022\n       aria-label=\u0022TU HH stellt D\u00e4mmplatten aus ligninbasierten Aerogelen her\u0022\n       class=\u0022teaser-link\u0022\u003E\n        \u003Cspan class=\u0022teaser-link--text\u0022\u003ETU HH stellt D\u00e4mmplatten aus ligninbasierten Aerogelen her\n\u003C\/span\u003E\n            \u003C\/a\u003E\n\u003C\/li\u003E\n","entity_type":"node","used_ids":["",22346,19737,18369,18302,17705,16721,16348,15948,15649,15545,15493,15282,14584,14225,14103,13646,13440,13387,13384,12948,12851,12756,12545,12201,11557,10998,10533,4268,4248,4113],"show_more":""}]