[{"command":"settings","settings":{"pluralDelimiter":"\u0003","suppressDeprecationErrors":true,"ajaxPageState":{"libraries":"eJw1jEEKwCAMwD4k-CRRV7dCXaV1iL5-E7pLSC5JFNf0adMl80dMM0VVQu3WjWkWJPpTuKKClcRiNiA1d8w7VswB7o59hn3xevEIlQXcCeFbQ1e_mOsLmCI0Qg","theme":"ivory","theme_token":null},"ajaxTrustedUrl":[],"blazy":{"loadInvisible":true,"offset":300,"saveViewportOffsetDelay":35,"validateDelay":null,"container":"","loader":false,"unblazy":false,"visibleClass":false,"compat":true},"blazyIo":{"disconnect":false,"rootMargin":"0px","threshold":[0,0.25,0.5,0.75,1]},"user":{"uid":0,"permissionsHash":"45145ff10299dd0624d6ca546e77b041201ed93c76c2a8c9916dd4f05d66e569","roles":["anonymous"],"custom_permissions":["none"]}},"merge":true},{"command":"add_css","data":[{"rel":"stylesheet","media":"all","href":"\/sites\/default\/files\/css\/css_xBOsDfrgRaZMS-6z04uQQB6D_zOlH671Ti7cVycqFL0.css?delta=0\u0026language=de\u0026theme=ivory\u0026include=eJxLykmsqtRPyikt0knOL0rVTykqLUjM0UvMSqwAAJIECmU"},{"rel":"stylesheet","media":"all","href":"\/sites\/default\/files\/css\/css_b1LJgX55_PliihHpD7ahvFnlUq8xUspelw3mtrlm3xw.css?delta=1\u0026language=de\u0026theme=ivory\u0026include=eJxLykmsqtRPyikt0knOL0rVTykqLUjM0UvMSqwAAJIECmU"}]},{"command":"add_js","selector":"body","data":[{"src":"\/sites\/default\/files\/js\/js_WLtdHHsxg4z_-bAgslnXUg_h4KYGRudwBQho2EngXWY.js?scope=footer\u0026delta=0\u0026language=de\u0026theme=ivory\u0026include=eJw1zEEKwCAMRNELCR5JEqs0EI0kFrGnL0K6Gd7fDDK8O-LZgO5HnZnBjMmm9xDelZj_VGlkxUuhulbBEa7doVFOpU-aO52XaLes1ETLB7MpLmQ"},{"src":"\/core\/assets\/vendor\/jquery\/jquery.min.js?v=4.0.0"},{"src":"\/sites\/default\/files\/js\/js_yiLghLxIYLP_OGbxqdw5QcbI3ZJhsM69_L_VNru0nbc.js?scope=footer\u0026delta=2\u0026language=de\u0026theme=ivory\u0026include=eJw1zEEKwCAMRNELCR5JEqs0EI0kFrGnL0K6Gd7fDDK8O-LZgO5HnZnBjMmm9xDelZj_VGlkxUuhulbBEa7doVFOpU-aO52XaLes1ETLB7MpLmQ"}]},{"command":"showMoreTeasers","id":"del--paragraph-54991","content":"\u003Cdiv  class=\u0022node node--type--article node--view-mode--teaser\u0022\u003E\n  \u003Ca href=\u0022\/management\/normen-recht\/gesetze-verordnungen-co-das-aendert-sich-im-september-2020\u0022\n     aria-label=\u0022Gesetze, Verordnungen \u0026amp; Co: Das \u00e4ndert sich im September 2020\u0022\u003E\n      \u003Cfigure class=\u0022article--teaser-image\u0022\u003E\n              \u003Cdiv data-b-token=\u0022b-2b002ddef9d\u0022 class=\u0022media media--blazy media--bundle--image media--image media--responsive\u0022\u003E  \u003Cpicture\u003E\n                  \u003Csource srcset=\u0022\/sites\/default\/files\/styles\/teaser_image_phone\/public\/2020-08\/adobestock_289515968.jpeg.webp?h=7dbc3bc6\u0026amp;itok=l_l_PVkw 1x\u0022 media=\u0022all and (max-width: 480px)\u0022 type=\u0022image\/webp\u0022 width=\u0022460\u0022 height=\u0022260\u0022\/\u003E\n              \u003Csource srcset=\u0022\/sites\/default\/files\/styles\/teaser_image_inline\/public\/2020-08\/adobestock_289515968.jpeg.webp?h=7dbc3bc6\u0026amp;itok=jt5dTYdI 1x\u0022 media=\u0022all and (min-width: 481px) and (max-width: 767px)\u0022 type=\u0022image\/webp\u0022 width=\u0022200\u0022 height=\u0022150\u0022\/\u003E\n              \u003Csource srcset=\u0022\/sites\/default\/files\/styles\/teaser_image_inline\/public\/2020-08\/adobestock_289515968.jpeg.webp?h=7dbc3bc6\u0026amp;itok=jt5dTYdI 1x\u0022 media=\u0022all and (min-width: 768px) and (max-width: 1023px)\u0022 type=\u0022image\/webp\u0022 width=\u0022200\u0022 height=\u0022150\u0022\/\u003E\n              \u003Csource srcset=\u0022\/sites\/default\/files\/styles\/teaser_image_inline\/public\/2020-08\/adobestock_289515968.jpeg.webp?h=7dbc3bc6\u0026amp;itok=jt5dTYdI 1x\u0022 media=\u0022all and (min-width: 1024px) and (max-width: 1599px)\u0022 type=\u0022image\/webp\u0022 width=\u0022200\u0022 height=\u0022150\u0022\/\u003E\n              \u003Csource srcset=\u0022\/sites\/default\/files\/styles\/teaser_image_inline_xxl\/public\/2020-08\/adobestock_289515968.jpeg.webp?h=7dbc3bc6\u0026amp;itok=Z7TaB9Jx 1x\u0022 media=\u0022all and (min-width: 1600px)\u0022 type=\u0022image\/webp\u0022 width=\u0022240\u0022 height=\u0022180\u0022\/\u003E\n              \u003Csource srcset=\u0022\/sites\/default\/files\/styles\/teaser_image_phone\/public\/2020-08\/adobestock_289515968.jpeg?h=7dbc3bc6\u0026amp;itok=l_l_PVkw 1x\u0022 media=\u0022all and (max-width: 480px)\u0022 type=\u0022image\/jpeg\u0022 width=\u0022460\u0022 height=\u0022260\u0022\/\u003E\n              \u003Csource srcset=\u0022\/sites\/default\/files\/styles\/teaser_image_inline\/public\/2020-08\/adobestock_289515968.jpeg?h=7dbc3bc6\u0026amp;itok=jt5dTYdI 1x\u0022 media=\u0022all and (min-width: 481px) and (max-width: 767px)\u0022 type=\u0022image\/jpeg\u0022 width=\u0022200\u0022 height=\u0022150\u0022\/\u003E\n              \u003Csource srcset=\u0022\/sites\/default\/files\/styles\/teaser_image_inline\/public\/2020-08\/adobestock_289515968.jpeg?h=7dbc3bc6\u0026amp;itok=jt5dTYdI 1x\u0022 media=\u0022all and (min-width: 768px) and (max-width: 1023px)\u0022 type=\u0022image\/jpeg\u0022 width=\u0022200\u0022 height=\u0022150\u0022\/\u003E\n              \u003Csource srcset=\u0022\/sites\/default\/files\/styles\/teaser_image_inline\/public\/2020-08\/adobestock_289515968.jpeg?h=7dbc3bc6\u0026amp;itok=jt5dTYdI 1x\u0022 media=\u0022all and (min-width: 1024px) and (max-width: 1599px)\u0022 type=\u0022image\/jpeg\u0022 width=\u0022200\u0022 height=\u0022150\u0022\/\u003E\n              \u003Csource srcset=\u0022\/sites\/default\/files\/styles\/teaser_image_inline_xxl\/public\/2020-08\/adobestock_289515968.jpeg?h=7dbc3bc6\u0026amp;itok=Z7TaB9Jx 1x\u0022 media=\u0022all and (min-width: 1600px)\u0022 type=\u0022image\/jpeg\u0022 width=\u0022240\u0022 height=\u0022180\u0022\/\u003E\n                  \n\u003Cimg decoding=\u0022async\u0022 class=\u0022media__element\u0022 width=\u0022200\u0022 height=\u0022150\u0022 data-zoomed=\u0022https:\/\/www.haustec.de\/sites\/default\/files\/styles\/content__zoomed\/public\/2020-08\/adobestock_289515968.jpeg?itok=63e17wB0\u0022 src=\u0022\/sites\/default\/files\/styles\/teaser_image_inline\/public\/2020-08\/adobestock_289515968.jpeg?h=7dbc3bc6\u0026amp;itok=jt5dTYdI\u0022 alt=\u0022Gesetze, Verordnungen \u0026amp;amp; Co: Das \u00e4ndert sich im September 2020\u0022 title=\u0022Gesetze, Verordnungen \u0026amp;amp; Co: Das \u00e4ndert sich im September 2020\u0022 \/\u003E\n\n\n  \u003C\/picture\u003E\n        \u003C\/div\u003E\n  \n                  \u003C\/figure\u003E\n\n    \u003Carticle class=\u0022article--teaser-content\u0022\u003E\n      \u003Ch3 class=\u0022headline\u0022\u003E\n    Gesetze, Verordnungen \u0026amp; Co: Das \u00e4ndert sich im September 2020\n  \u003C\/h3\u003E\n  \u003Cdiv class=\u0022article--teaser-body\u0022\u003E\n    \u003Cp\u003EUnser monatliches Corona-Update und Neuigkeiten zu\u00a0Kinderbonus, Lotto und Waffen. Wir haben die wichtigsten \u00c4nderungen\u00a0im September 2020 zusammengestellt.\u003C\/p\u003E\n  \u003C\/div\u003E\n\n    \u003C\/article\u003E\n  \u003C\/a\u003E\n  \u003Cspan class=\u0022article--bookmark\u0022\u003E\u003Cdrupal-render-placeholder callback=\u0022flag.link_builder:build\u0022 arguments=\u00220=node\u0026amp;1=10633\u0026amp;2=bookmark\u0026amp;3=teaser\u0022 token=\u0022LzkdcU3LN-SpT1toluDoq1T5INMIqUbJ7Dl0d1lUDNE\u0022\u003E\u003C\/drupal-render-placeholder\u003E\u003C\/span\u003E\n\u003C\/div\u003E\n\n\u003Cdiv  class=\u0022node node--type--article node--view-mode--teaser\u0022\u003E\n  \u003Ca href=\u0022\/management\/normen-recht\/gesetze-verordnungen-co-das-aendert-sich-im-august-2020\u0022\n     aria-label=\u0022Gesetze, Verordnungen \u0026amp; Co: Das \u00e4ndert sich im August 2020\u0022\u003E\n      \u003Cfigure class=\u0022article--teaser-image\u0022\u003E\n              \u003Cdiv data-b-token=\u0022b-f61891a27dc\u0022 class=\u0022media media--blazy media--bundle--image media--image media--responsive\u0022\u003E  \u003Cpicture\u003E\n                  \u003Csource srcset=\u0022\/sites\/default\/files\/styles\/teaser_image_phone\/public\/2020-07\/corona-urlaub.jpeg.webp?h=f0d3d437\u0026amp;itok=P0cRYTPy 1x\u0022 media=\u0022all and (max-width: 480px)\u0022 type=\u0022image\/webp\u0022 width=\u0022460\u0022 height=\u0022260\u0022\/\u003E\n              \u003Csource srcset=\u0022\/sites\/default\/files\/styles\/teaser_image_inline\/public\/2020-07\/corona-urlaub.jpeg.webp?h=f0d3d437\u0026amp;itok=NjOqo07c 1x\u0022 media=\u0022all and (min-width: 481px) and (max-width: 767px)\u0022 type=\u0022image\/webp\u0022 width=\u0022200\u0022 height=\u0022150\u0022\/\u003E\n              \u003Csource srcset=\u0022\/sites\/default\/files\/styles\/teaser_image_inline\/public\/2020-07\/corona-urlaub.jpeg.webp?h=f0d3d437\u0026amp;itok=NjOqo07c 1x\u0022 media=\u0022all and (min-width: 768px) and (max-width: 1023px)\u0022 type=\u0022image\/webp\u0022 width=\u0022200\u0022 height=\u0022150\u0022\/\u003E\n              \u003Csource srcset=\u0022\/sites\/default\/files\/styles\/teaser_image_inline\/public\/2020-07\/corona-urlaub.jpeg.webp?h=f0d3d437\u0026amp;itok=NjOqo07c 1x\u0022 media=\u0022all and (min-width: 1024px) and (max-width: 1599px)\u0022 type=\u0022image\/webp\u0022 width=\u0022200\u0022 height=\u0022150\u0022\/\u003E\n              \u003Csource srcset=\u0022\/sites\/default\/files\/styles\/teaser_image_inline_xxl\/public\/2020-07\/corona-urlaub.jpeg.webp?h=f0d3d437\u0026amp;itok=sgDSicI9 1x\u0022 media=\u0022all and (min-width: 1600px)\u0022 type=\u0022image\/webp\u0022 width=\u0022240\u0022 height=\u0022180\u0022\/\u003E\n              \u003Csource srcset=\u0022\/sites\/default\/files\/styles\/teaser_image_phone\/public\/2020-07\/corona-urlaub.jpeg?h=f0d3d437\u0026amp;itok=P0cRYTPy 1x\u0022 media=\u0022all and (max-width: 480px)\u0022 type=\u0022image\/jpeg\u0022 width=\u0022460\u0022 height=\u0022260\u0022\/\u003E\n              \u003Csource srcset=\u0022\/sites\/default\/files\/styles\/teaser_image_inline\/public\/2020-07\/corona-urlaub.jpeg?h=f0d3d437\u0026amp;itok=NjOqo07c 1x\u0022 media=\u0022all and (min-width: 481px) and (max-width: 767px)\u0022 type=\u0022image\/jpeg\u0022 width=\u0022200\u0022 height=\u0022150\u0022\/\u003E\n              \u003Csource srcset=\u0022\/sites\/default\/files\/styles\/teaser_image_inline\/public\/2020-07\/corona-urlaub.jpeg?h=f0d3d437\u0026amp;itok=NjOqo07c 1x\u0022 media=\u0022all and (min-width: 768px) and (max-width: 1023px)\u0022 type=\u0022image\/jpeg\u0022 width=\u0022200\u0022 height=\u0022150\u0022\/\u003E\n              \u003Csource srcset=\u0022\/sites\/default\/files\/styles\/teaser_image_inline\/public\/2020-07\/corona-urlaub.jpeg?h=f0d3d437\u0026amp;itok=NjOqo07c 1x\u0022 media=\u0022all and (min-width: 1024px) and (max-width: 1599px)\u0022 type=\u0022image\/jpeg\u0022 width=\u0022200\u0022 height=\u0022150\u0022\/\u003E\n              \u003Csource srcset=\u0022\/sites\/default\/files\/styles\/teaser_image_inline_xxl\/public\/2020-07\/corona-urlaub.jpeg?h=f0d3d437\u0026amp;itok=sgDSicI9 1x\u0022 media=\u0022all and (min-width: 1600px)\u0022 type=\u0022image\/jpeg\u0022 width=\u0022240\u0022 height=\u0022180\u0022\/\u003E\n                  \n\u003Cimg decoding=\u0022async\u0022 class=\u0022media__element\u0022 width=\u0022200\u0022 height=\u0022150\u0022 data-zoomed=\u0022https:\/\/www.haustec.de\/sites\/default\/files\/styles\/content__zoomed\/public\/2020-07\/corona-urlaub.jpeg?itok=8KOnWUJ-\u0022 src=\u0022\/sites\/default\/files\/styles\/teaser_image_inline\/public\/2020-07\/corona-urlaub.jpeg?h=f0d3d437\u0026amp;itok=NjOqo07c\u0022 alt=\u0022Gesetze, Verordnungen \u0026amp;amp; Co: Das \u00e4ndert sich im August 2020\u0022 title=\u0022Gesetze, Verordnungen \u0026amp;amp; Co: Das \u00e4ndert sich im August 2020\u0022 \/\u003E\n\n\n  \u003C\/picture\u003E\n        \u003C\/div\u003E\n  \n                  \u003C\/figure\u003E\n\n    \u003Carticle class=\u0022article--teaser-content\u0022\u003E\n      \u003Ch3 class=\u0022headline\u0022\u003E\n    Gesetze, Verordnungen \u0026amp; Co: Das \u00e4ndert sich im August 2020\n  \u003C\/h3\u003E\n  \u003Cdiv class=\u0022article--teaser-body\u0022\u003E\n    \u003Cp\u003ENeue Corona-Regeln f\u00fcr Reiser\u00fcckkehrer und mehr F\u00f6rdergelder f\u00fcr Aus- und Fortbildungen. Wir haben die wichtigsten Neuerungen im August 2020 zusammengestellt.\u003C\/p\u003E\n  \u003C\/div\u003E\n\n    \u003C\/article\u003E\n  \u003C\/a\u003E\n  \u003Cspan class=\u0022article--bookmark\u0022\u003E\u003Cdrupal-render-placeholder callback=\u0022flag.link_builder:build\u0022 arguments=\u00220=node\u0026amp;1=10465\u0026amp;2=bookmark\u0026amp;3=teaser\u0022 token=\u00227OSRLTMX5mXXbHTNoQ1rfikB2tDxXtY5jANS2e1fLl4\u0022\u003E\u003C\/drupal-render-placeholder\u003E\u003C\/span\u003E\n\u003C\/div\u003E\n\n\u003Cdiv  class=\u0022node node--type--article node--view-mode--teaser\u0022\u003E\n  \u003Ca href=\u0022\/management\/normen-recht\/gesetze-verordnungen-co-das-aendert-sich-im-juli-2020\u0022\n     aria-label=\u0022Gesetze, Verordnungen \u0026amp; Co: Das \u00e4ndert sich im Juli 2020\u0022\u003E\n      \u003Cfigure class=\u0022article--teaser-image\u0022\u003E\n              \u003Cdiv data-b-token=\u0022b-82ca54138e1\u0022 class=\u0022media media--blazy media--bundle--image media--image media--responsive\u0022\u003E  \u003Cpicture\u003E\n                  \u003Csource srcset=\u0022\/sites\/default\/files\/styles\/teaser_image_phone\/public\/2020-06\/mehrwertsteuersenkung.jpeg.webp?h=849d2e5c\u0026amp;itok=d2pErVGP 1x\u0022 media=\u0022all and (max-width: 480px)\u0022 type=\u0022image\/webp\u0022 width=\u0022460\u0022 height=\u0022260\u0022\/\u003E\n              \u003Csource srcset=\u0022\/sites\/default\/files\/styles\/teaser_image_inline\/public\/2020-06\/mehrwertsteuersenkung.jpeg.webp?h=849d2e5c\u0026amp;itok=GDn_H1f7 1x\u0022 media=\u0022all and (min-width: 481px) and (max-width: 767px)\u0022 type=\u0022image\/webp\u0022 width=\u0022200\u0022 height=\u0022150\u0022\/\u003E\n              \u003Csource srcset=\u0022\/sites\/default\/files\/styles\/teaser_image_inline\/public\/2020-06\/mehrwertsteuersenkung.jpeg.webp?h=849d2e5c\u0026amp;itok=GDn_H1f7 1x\u0022 media=\u0022all and (min-width: 768px) and (max-width: 1023px)\u0022 type=\u0022image\/webp\u0022 width=\u0022200\u0022 height=\u0022150\u0022\/\u003E\n              \u003Csource srcset=\u0022\/sites\/default\/files\/styles\/teaser_image_inline\/public\/2020-06\/mehrwertsteuersenkung.jpeg.webp?h=849d2e5c\u0026amp;itok=GDn_H1f7 1x\u0022 media=\u0022all and (min-width: 1024px) and (max-width: 1599px)\u0022 type=\u0022image\/webp\u0022 width=\u0022200\u0022 height=\u0022150\u0022\/\u003E\n              \u003Csource srcset=\u0022\/sites\/default\/files\/styles\/teaser_image_inline_xxl\/public\/2020-06\/mehrwertsteuersenkung.jpeg.webp?h=849d2e5c\u0026amp;itok=A-1Nm8Qf 1x\u0022 media=\u0022all and (min-width: 1600px)\u0022 type=\u0022image\/webp\u0022 width=\u0022240\u0022 height=\u0022180\u0022\/\u003E\n              \u003Csource srcset=\u0022\/sites\/default\/files\/styles\/teaser_image_phone\/public\/2020-06\/mehrwertsteuersenkung.jpeg?h=849d2e5c\u0026amp;itok=d2pErVGP 1x\u0022 media=\u0022all and (max-width: 480px)\u0022 type=\u0022image\/jpeg\u0022 width=\u0022460\u0022 height=\u0022260\u0022\/\u003E\n              \u003Csource srcset=\u0022\/sites\/default\/files\/styles\/teaser_image_inline\/public\/2020-06\/mehrwertsteuersenkung.jpeg?h=849d2e5c\u0026amp;itok=GDn_H1f7 1x\u0022 media=\u0022all and (min-width: 481px) and (max-width: 767px)\u0022 type=\u0022image\/jpeg\u0022 width=\u0022200\u0022 height=\u0022150\u0022\/\u003E\n              \u003Csource srcset=\u0022\/sites\/default\/files\/styles\/teaser_image_inline\/public\/2020-06\/mehrwertsteuersenkung.jpeg?h=849d2e5c\u0026amp;itok=GDn_H1f7 1x\u0022 media=\u0022all and (min-width: 768px) and (max-width: 1023px)\u0022 type=\u0022image\/jpeg\u0022 width=\u0022200\u0022 height=\u0022150\u0022\/\u003E\n              \u003Csource srcset=\u0022\/sites\/default\/files\/styles\/teaser_image_inline\/public\/2020-06\/mehrwertsteuersenkung.jpeg?h=849d2e5c\u0026amp;itok=GDn_H1f7 1x\u0022 media=\u0022all and (min-width: 1024px) and (max-width: 1599px)\u0022 type=\u0022image\/jpeg\u0022 width=\u0022200\u0022 height=\u0022150\u0022\/\u003E\n              \u003Csource srcset=\u0022\/sites\/default\/files\/styles\/teaser_image_inline_xxl\/public\/2020-06\/mehrwertsteuersenkung.jpeg?h=849d2e5c\u0026amp;itok=A-1Nm8Qf 1x\u0022 media=\u0022all and (min-width: 1600px)\u0022 type=\u0022image\/jpeg\u0022 width=\u0022240\u0022 height=\u0022180\u0022\/\u003E\n                  \n\u003Cimg decoding=\u0022async\u0022 class=\u0022media__element\u0022 width=\u0022200\u0022 height=\u0022150\u0022 data-zoomed=\u0022https:\/\/www.haustec.de\/sites\/default\/files\/styles\/content__zoomed\/public\/2020-06\/mehrwertsteuersenkung.jpeg?itok=3KbkUcen\u0022 src=\u0022\/sites\/default\/files\/styles\/teaser_image_inline\/public\/2020-06\/mehrwertsteuersenkung.jpeg?h=849d2e5c\u0026amp;itok=GDn_H1f7\u0022 alt=\u0022Gesetze, Verordnungen \u0026amp;amp; Co: Das \u00e4ndert sich im Juli 2020\u0022 title=\u0022Gesetze, Verordnungen \u0026amp;amp; Co: Das \u00e4ndert sich im Juli 2020\u0022 \/\u003E\n\n\n  \u003C\/picture\u003E\n        \u003C\/div\u003E\n  \n                  \u003C\/figure\u003E\n\n    \u003Carticle class=\u0022article--teaser-content\u0022\u003E\n      \u003Ch3 class=\u0022headline\u0022\u003E\n    Gesetze, Verordnungen \u0026amp; Co: Das \u00e4ndert sich im Juli 2020\n  \u003C\/h3\u003E\n  \u003Cdiv class=\u0022article--teaser-body\u0022\u003E\n    \u003Cp\u003EDer neue Monat\u00a0bringt eine sinkende Mehrwertsteuer und steigende Renten. Au\u00dferdem soll eine neue EU-Verordnung f\u00fcr mehr Fairness im Online-Handel sorgen. Wir haben die wichtigsten \u00c4nderungen im Juli 2020 zusammengestellt.\u003C\/p\u003E\n  \u003C\/div\u003E\n\n    \u003C\/article\u003E\n  \u003C\/a\u003E\n  \u003Cspan class=\u0022article--bookmark\u0022\u003E\u003Cdrupal-render-placeholder callback=\u0022flag.link_builder:build\u0022 arguments=\u00220=node\u0026amp;1=9607\u0026amp;2=bookmark\u0026amp;3=teaser\u0022 token=\u0022CakfLbnhariRqBhAvewrcHEoEctkgXNXB8qfT7oVJtM\u0022\u003E\u003C\/drupal-render-placeholder\u003E\u003C\/span\u003E\n\u003C\/div\u003E\n\n\u003Cdiv  class=\u0022node node--type--article node--view-mode--teaser\u0022\u003E\n  \u003Ca href=\u0022\/management\/normen-recht\/gesetze-verordnungen-co-das-aendert-sich-im-juni-2020\u0022\n     aria-label=\u0022Gesetze, Verordnungen \u0026amp; Co: Das \u00e4ndert sich im Juni 2020\u0022\u003E\n      \u003Cfigure class=\u0022article--teaser-image\u0022\u003E\n              \u003Cdiv data-b-token=\u0022b-b6ebe15c62d\u0022 class=\u0022media media--blazy media--bundle--image media--image media--responsive\u0022\u003E  \u003Cpicture\u003E\n                  \u003Csource srcset=\u0022\/sites\/default\/files\/styles\/teaser_image_phone\/public\/2020-05\/adobestock_318596849.jpeg.webp?h=f2fcf546\u0026amp;itok=qN3RAY2g 1x\u0022 media=\u0022all and (max-width: 480px)\u0022 type=\u0022image\/webp\u0022 width=\u0022460\u0022 height=\u0022260\u0022\/\u003E\n              \u003Csource srcset=\u0022\/sites\/default\/files\/styles\/teaser_image_inline\/public\/2020-05\/adobestock_318596849.jpeg.webp?h=f2fcf546\u0026amp;itok=WbWmTo1S 1x\u0022 media=\u0022all and (min-width: 481px) and (max-width: 767px)\u0022 type=\u0022image\/webp\u0022 width=\u0022200\u0022 height=\u0022150\u0022\/\u003E\n              \u003Csource srcset=\u0022\/sites\/default\/files\/styles\/teaser_image_inline\/public\/2020-05\/adobestock_318596849.jpeg.webp?h=f2fcf546\u0026amp;itok=WbWmTo1S 1x\u0022 media=\u0022all and (min-width: 768px) and (max-width: 1023px)\u0022 type=\u0022image\/webp\u0022 width=\u0022200\u0022 height=\u0022150\u0022\/\u003E\n              \u003Csource srcset=\u0022\/sites\/default\/files\/styles\/teaser_image_inline\/public\/2020-05\/adobestock_318596849.jpeg.webp?h=f2fcf546\u0026amp;itok=WbWmTo1S 1x\u0022 media=\u0022all and (min-width: 1024px) and (max-width: 1599px)\u0022 type=\u0022image\/webp\u0022 width=\u0022200\u0022 height=\u0022150\u0022\/\u003E\n              \u003Csource srcset=\u0022\/sites\/default\/files\/styles\/teaser_image_inline_xxl\/public\/2020-05\/adobestock_318596849.jpeg.webp?h=f2fcf546\u0026amp;itok=KISib9xl 1x\u0022 media=\u0022all and (min-width: 1600px)\u0022 type=\u0022image\/webp\u0022 width=\u0022240\u0022 height=\u0022180\u0022\/\u003E\n              \u003Csource srcset=\u0022\/sites\/default\/files\/styles\/teaser_image_phone\/public\/2020-05\/adobestock_318596849.jpeg?h=f2fcf546\u0026amp;itok=qN3RAY2g 1x\u0022 media=\u0022all and (max-width: 480px)\u0022 type=\u0022image\/jpeg\u0022 width=\u0022460\u0022 height=\u0022260\u0022\/\u003E\n              \u003Csource srcset=\u0022\/sites\/default\/files\/styles\/teaser_image_inline\/public\/2020-05\/adobestock_318596849.jpeg?h=f2fcf546\u0026amp;itok=WbWmTo1S 1x\u0022 media=\u0022all and (min-width: 481px) and (max-width: 767px)\u0022 type=\u0022image\/jpeg\u0022 width=\u0022200\u0022 height=\u0022150\u0022\/\u003E\n              \u003Csource srcset=\u0022\/sites\/default\/files\/styles\/teaser_image_inline\/public\/2020-05\/adobestock_318596849.jpeg?h=f2fcf546\u0026amp;itok=WbWmTo1S 1x\u0022 media=\u0022all and (min-width: 768px) and (max-width: 1023px)\u0022 type=\u0022image\/jpeg\u0022 width=\u0022200\u0022 height=\u0022150\u0022\/\u003E\n              \u003Csource srcset=\u0022\/sites\/default\/files\/styles\/teaser_image_inline\/public\/2020-05\/adobestock_318596849.jpeg?h=f2fcf546\u0026amp;itok=WbWmTo1S 1x\u0022 media=\u0022all and (min-width: 1024px) and (max-width: 1599px)\u0022 type=\u0022image\/jpeg\u0022 width=\u0022200\u0022 height=\u0022150\u0022\/\u003E\n              \u003Csource srcset=\u0022\/sites\/default\/files\/styles\/teaser_image_inline_xxl\/public\/2020-05\/adobestock_318596849.jpeg?h=f2fcf546\u0026amp;itok=KISib9xl 1x\u0022 media=\u0022all and (min-width: 1600px)\u0022 type=\u0022image\/jpeg\u0022 width=\u0022240\u0022 height=\u0022180\u0022\/\u003E\n                  \n\u003Cimg decoding=\u0022async\u0022 class=\u0022media__element\u0022 width=\u0022200\u0022 height=\u0022150\u0022 data-zoomed=\u0022https:\/\/www.haustec.de\/sites\/default\/files\/styles\/content__zoomed\/public\/2020-05\/adobestock_318596849.jpeg?itok=XaMFQgRf\u0022 src=\u0022\/sites\/default\/files\/styles\/teaser_image_inline\/public\/2020-05\/adobestock_318596849.jpeg?h=f2fcf546\u0026amp;itok=WbWmTo1S\u0022 alt=\u0022Gesetze, Verordnungen \u0026amp;amp; Co: Das \u00e4ndert sich im Juni 2020\u0022 title=\u0022Gesetze, Verordnungen \u0026amp;amp; Co: Das \u00e4ndert sich im Juni 2020\u0022 \/\u003E\n\n\n  \u003C\/picture\u003E\n        \u003C\/div\u003E\n  \n                  \u003C\/figure\u003E\n\n    \u003Carticle class=\u0022article--teaser-content\u0022\u003E\n      \u003Ch3 class=\u0022headline\u0022\u003E\n    Gesetze, Verordnungen \u0026amp; Co: Das \u00e4ndert sich im Juni 2020\n  \u003C\/h3\u003E\n  \u003Cdiv class=\u0022article--teaser-body\u0022\u003E\n    \u003Cp\u003ECorona-Lockerungen, Konjunkturpakete, Bahntickets\u00a0und mehr. Wir haben die wichtigsten \u00c4nderungen im Juni 2020 zusammengestellt.\u003C\/p\u003E\n  \u003C\/div\u003E\n\n    \u003C\/article\u003E\n  \u003C\/a\u003E\n  \u003Cspan class=\u0022article--bookmark\u0022\u003E\u003Cdrupal-render-placeholder callback=\u0022flag.link_builder:build\u0022 arguments=\u00220=node\u0026amp;1=9425\u0026amp;2=bookmark\u0026amp;3=teaser\u0022 token=\u0022lLix2YgHsZrDrS6OX4g5UIfYDt_whIfzFqms0551uCY\u0022\u003E\u003C\/drupal-render-placeholder\u003E\u003C\/span\u003E\n\u003C\/div\u003E\n\n\u003Cdiv  class=\u0022node node--type--article node--view-mode--teaser\u0022\u003E\n  \u003Ca href=\u0022\/management\/normen-recht\/gesetze-verordnungen-co-das-aendert-sich-im-mai-2020\u0022\n     aria-label=\u0022Gesetze, Verordnungen \u0026amp; Co: Das \u00e4ndert sich im Mai 2020\u0022\u003E\n      \u003Cfigure class=\u0022article--teaser-image\u0022\u003E\n              \u003Cdiv data-b-token=\u0022b-1d42141e350\u0022 class=\u0022media media--blazy media--bundle--image media--image media--responsive\u0022\u003E  \u003Cpicture\u003E\n                  \u003Csource srcset=\u0022\/sites\/default\/files\/styles\/teaser_image_phone\/public\/2020-05\/adobestock_318910360.jpeg.webp?h=4e8473cb\u0026amp;itok=4zjDwD-F 1x\u0022 media=\u0022all and (max-width: 480px)\u0022 type=\u0022image\/webp\u0022 width=\u0022460\u0022 height=\u0022260\u0022\/\u003E\n              \u003Csource srcset=\u0022\/sites\/default\/files\/styles\/teaser_image_inline\/public\/2020-05\/adobestock_318910360.jpeg.webp?h=4e8473cb\u0026amp;itok=yRN06Kaz 1x\u0022 media=\u0022all and (min-width: 481px) and (max-width: 767px)\u0022 type=\u0022image\/webp\u0022 width=\u0022200\u0022 height=\u0022150\u0022\/\u003E\n              \u003Csource srcset=\u0022\/sites\/default\/files\/styles\/teaser_image_inline\/public\/2020-05\/adobestock_318910360.jpeg.webp?h=4e8473cb\u0026amp;itok=yRN06Kaz 1x\u0022 media=\u0022all and (min-width: 768px) and (max-width: 1023px)\u0022 type=\u0022image\/webp\u0022 width=\u0022200\u0022 height=\u0022150\u0022\/\u003E\n              \u003Csource srcset=\u0022\/sites\/default\/files\/styles\/teaser_image_inline\/public\/2020-05\/adobestock_318910360.jpeg.webp?h=4e8473cb\u0026amp;itok=yRN06Kaz 1x\u0022 media=\u0022all and (min-width: 1024px) and (max-width: 1599px)\u0022 type=\u0022image\/webp\u0022 width=\u0022200\u0022 height=\u0022150\u0022\/\u003E\n              \u003Csource srcset=\u0022\/sites\/default\/files\/styles\/teaser_image_inline_xxl\/public\/2020-05\/adobestock_318910360.jpeg.webp?h=4e8473cb\u0026amp;itok=SR3d2jax 1x\u0022 media=\u0022all and (min-width: 1600px)\u0022 type=\u0022image\/webp\u0022 width=\u0022240\u0022 height=\u0022180\u0022\/\u003E\n              \u003Csource srcset=\u0022\/sites\/default\/files\/styles\/teaser_image_phone\/public\/2020-05\/adobestock_318910360.jpeg?h=4e8473cb\u0026amp;itok=4zjDwD-F 1x\u0022 media=\u0022all and (max-width: 480px)\u0022 type=\u0022image\/jpeg\u0022 width=\u0022460\u0022 height=\u0022260\u0022\/\u003E\n              \u003Csource srcset=\u0022\/sites\/default\/files\/styles\/teaser_image_inline\/public\/2020-05\/adobestock_318910360.jpeg?h=4e8473cb\u0026amp;itok=yRN06Kaz 1x\u0022 media=\u0022all and (min-width: 481px) and (max-width: 767px)\u0022 type=\u0022image\/jpeg\u0022 width=\u0022200\u0022 height=\u0022150\u0022\/\u003E\n              \u003Csource srcset=\u0022\/sites\/default\/files\/styles\/teaser_image_inline\/public\/2020-05\/adobestock_318910360.jpeg?h=4e8473cb\u0026amp;itok=yRN06Kaz 1x\u0022 media=\u0022all and (min-width: 768px) and (max-width: 1023px)\u0022 type=\u0022image\/jpeg\u0022 width=\u0022200\u0022 height=\u0022150\u0022\/\u003E\n              \u003Csource srcset=\u0022\/sites\/default\/files\/styles\/teaser_image_inline\/public\/2020-05\/adobestock_318910360.jpeg?h=4e8473cb\u0026amp;itok=yRN06Kaz 1x\u0022 media=\u0022all and (min-width: 1024px) and (max-width: 1599px)\u0022 type=\u0022image\/jpeg\u0022 width=\u0022200\u0022 height=\u0022150\u0022\/\u003E\n              \u003Csource srcset=\u0022\/sites\/default\/files\/styles\/teaser_image_inline_xxl\/public\/2020-05\/adobestock_318910360.jpeg?h=4e8473cb\u0026amp;itok=SR3d2jax 1x\u0022 media=\u0022all and (min-width: 1600px)\u0022 type=\u0022image\/jpeg\u0022 width=\u0022240\u0022 height=\u0022180\u0022\/\u003E\n                  \n\u003Cimg decoding=\u0022async\u0022 class=\u0022media__element\u0022 width=\u0022200\u0022 height=\u0022150\u0022 data-zoomed=\u0022https:\/\/www.haustec.de\/sites\/default\/files\/styles\/content__zoomed\/public\/2020-05\/adobestock_318910360.jpeg?itok=5_UxPGTA\u0022 src=\u0022\/sites\/default\/files\/styles\/teaser_image_inline\/public\/2020-05\/adobestock_318910360.jpeg?h=4e8473cb\u0026amp;itok=yRN06Kaz\u0022 alt=\u0022Gesetze, Verordnungen \u0026amp;amp; Co: Das \u00e4ndert sich im Mai 2020\u0022 title=\u0022Gesetze, Verordnungen \u0026amp;amp; Co: Das \u00e4ndert sich im Mai 2020\u0022 \/\u003E\n\n\n  \u003C\/picture\u003E\n        \u003C\/div\u003E\n  \n                  \u003C\/figure\u003E\n\n    \u003Carticle class=\u0022article--teaser-content\u0022\u003E\n      \u003Ch3 class=\u0022headline\u0022\u003E\n    Gesetze, Verordnungen \u0026amp; Co: Das \u00e4ndert sich im Mai 2020\n  \u003C\/h3\u003E\n  \u003Cdiv class=\u0022article--teaser-body\u0022\u003E\n    \u003Cp\u003ECorona-Anpassungen, mehr Lohn f\u00fcr Maler und Lackierer, ein neuer Feiertag\u00a0und mehr. Wir haben die bedeutendsten \u00c4nderungen im Mai 2020 zusammengestellt.\u003C\/p\u003E\n  \u003C\/div\u003E\n\n    \u003C\/article\u003E\n  \u003C\/a\u003E\n  \u003Cspan class=\u0022article--bookmark\u0022\u003E\u003Cdrupal-render-placeholder callback=\u0022flag.link_builder:build\u0022 arguments=\u00220=node\u0026amp;1=9229\u0026amp;2=bookmark\u0026amp;3=teaser\u0022 token=\u0022HL3gkFyLo69cRzw9Di7XfOwoklZbu_Ys35JQyQ9ELDA\u0022\u003E\u003C\/drupal-render-placeholder\u003E\u003C\/span\u003E\n\u003C\/div\u003E\n\n\u003Cdiv  class=\u0022node node--type--article node--view-mode--teaser\u0022\u003E\n  \u003Ca href=\u0022\/management\/panorama\/coronavirus-praeventive-luftbefeuchtung-reduziert-die-verbreitung\u0022\n     aria-label=\u0022Coronavirus: Pr\u00e4ventive Luftbefeuchtung reduziert die Verbreitung\u0022\u003E\n      \u003Cfigure class=\u0022article--teaser-image\u0022\u003E\n              \u003Cdiv data-b-token=\u0022b-3d2e6417eaf\u0022 class=\u0022media media--blazy media--bundle--image media--image media--responsive\u0022\u003E  \u003Cpicture\u003E\n                  \u003Csource srcset=\u0022\/sites\/default\/files\/styles\/teaser_image_phone\/public\/2020-02\/corona.jpg.webp?h=2b4651f5\u0026amp;itok=BHogV4Bp 1x\u0022 media=\u0022all and (max-width: 480px)\u0022 type=\u0022image\/webp\u0022 width=\u0022460\u0022 height=\u0022260\u0022\/\u003E\n              \u003Csource srcset=\u0022\/sites\/default\/files\/styles\/teaser_image_inline\/public\/2020-02\/corona.jpg.webp?h=2b4651f5\u0026amp;itok=XXMCzWjV 1x\u0022 media=\u0022all and (min-width: 481px) and (max-width: 767px)\u0022 type=\u0022image\/webp\u0022 width=\u0022200\u0022 height=\u0022150\u0022\/\u003E\n              \u003Csource srcset=\u0022\/sites\/default\/files\/styles\/teaser_image_inline\/public\/2020-02\/corona.jpg.webp?h=2b4651f5\u0026amp;itok=XXMCzWjV 1x\u0022 media=\u0022all and (min-width: 768px) and (max-width: 1023px)\u0022 type=\u0022image\/webp\u0022 width=\u0022200\u0022 height=\u0022150\u0022\/\u003E\n              \u003Csource srcset=\u0022\/sites\/default\/files\/styles\/teaser_image_inline\/public\/2020-02\/corona.jpg.webp?h=2b4651f5\u0026amp;itok=XXMCzWjV 1x\u0022 media=\u0022all and (min-width: 1024px) and (max-width: 1599px)\u0022 type=\u0022image\/webp\u0022 width=\u0022200\u0022 height=\u0022150\u0022\/\u003E\n              \u003Csource srcset=\u0022\/sites\/default\/files\/styles\/teaser_image_inline_xxl\/public\/2020-02\/corona.jpg.webp?h=2b4651f5\u0026amp;itok=StdFTaoF 1x\u0022 media=\u0022all and (min-width: 1600px)\u0022 type=\u0022image\/webp\u0022 width=\u0022240\u0022 height=\u0022180\u0022\/\u003E\n              \u003Csource srcset=\u0022\/sites\/default\/files\/styles\/teaser_image_phone\/public\/2020-02\/corona.jpg?h=2b4651f5\u0026amp;itok=BHogV4Bp 1x\u0022 media=\u0022all and (max-width: 480px)\u0022 type=\u0022image\/jpeg\u0022 width=\u0022460\u0022 height=\u0022260\u0022\/\u003E\n              \u003Csource srcset=\u0022\/sites\/default\/files\/styles\/teaser_image_inline\/public\/2020-02\/corona.jpg?h=2b4651f5\u0026amp;itok=XXMCzWjV 1x\u0022 media=\u0022all and (min-width: 481px) and (max-width: 767px)\u0022 type=\u0022image\/jpeg\u0022 width=\u0022200\u0022 height=\u0022150\u0022\/\u003E\n              \u003Csource srcset=\u0022\/sites\/default\/files\/styles\/teaser_image_inline\/public\/2020-02\/corona.jpg?h=2b4651f5\u0026amp;itok=XXMCzWjV 1x\u0022 media=\u0022all and (min-width: 768px) and (max-width: 1023px)\u0022 type=\u0022image\/jpeg\u0022 width=\u0022200\u0022 height=\u0022150\u0022\/\u003E\n              \u003Csource srcset=\u0022\/sites\/default\/files\/styles\/teaser_image_inline\/public\/2020-02\/corona.jpg?h=2b4651f5\u0026amp;itok=XXMCzWjV 1x\u0022 media=\u0022all and (min-width: 1024px) and (max-width: 1599px)\u0022 type=\u0022image\/jpeg\u0022 width=\u0022200\u0022 height=\u0022150\u0022\/\u003E\n              \u003Csource srcset=\u0022\/sites\/default\/files\/styles\/teaser_image_inline_xxl\/public\/2020-02\/corona.jpg?h=2b4651f5\u0026amp;itok=StdFTaoF 1x\u0022 media=\u0022all and (min-width: 1600px)\u0022 type=\u0022image\/jpeg\u0022 width=\u0022240\u0022 height=\u0022180\u0022\/\u003E\n                  \n\u003Cimg decoding=\u0022async\u0022 class=\u0022media__element\u0022 width=\u0022200\u0022 height=\u0022150\u0022 data-zoomed=\u0022https:\/\/www.haustec.de\/sites\/default\/files\/styles\/content__zoomed\/public\/2020-02\/corona.jpg?itok=qQ_a5Jma\u0022 src=\u0022\/sites\/default\/files\/styles\/teaser_image_inline\/public\/2020-02\/corona.jpg?h=2b4651f5\u0026amp;itok=XXMCzWjV\u0022 alt=\u0022Coronavirus: Pr\u00e4ventive Luftbefeuchtung reduziert die Verbreitung\u0022 title=\u0022Coronavirus: Pr\u00e4ventive Luftbefeuchtung reduziert die Verbreitung\u0022 \/\u003E\n\n\n  \u003C\/picture\u003E\n        \u003C\/div\u003E\n  \n                  \u003C\/figure\u003E\n\n    \u003Carticle class=\u0022article--teaser-content\u0022\u003E\n      \u003Ch3 class=\u0022headline\u0022\u003E\n    Coronavirus: Pr\u00e4ventive Luftbefeuchtung kann die Verbreitung reduzieren\n  \u003C\/h3\u003E\n  \u003Cdiv class=\u0022article--teaser-body\u0022\u003E\n    \u003Cp\u003EErg\u00e4nzend zu den aktuellen Pandemiema\u00dfnahmen k\u00f6nnte die zus\u00e4tzliche Luftbefeuchtung mit Schwerpunkt in Krankenh\u00e4usern das Ausbreitungsrisiko des Coronavirus weiter reduzieren.\u00a0\u003C\/p\u003E\n  \u003C\/div\u003E\n\n    \u003C\/article\u003E\n  \u003C\/a\u003E\n  \u003Cspan class=\u0022article--bookmark\u0022\u003E\u003Cdrupal-render-placeholder callback=\u0022flag.link_builder:build\u0022 arguments=\u00220=node\u0026amp;1=8494\u0026amp;2=bookmark\u0026amp;3=teaser\u0022 token=\u0022P6bs6eXAhq__oE665G-foeDOaPGelcNHo10zUzyHnDs\u0022\u003E\u003C\/drupal-render-placeholder\u003E\u003C\/span\u003E\n\u003C\/div\u003E\n\n\u003Cdiv  class=\u0022node node--type--article node--view-mode--teaser\u0022\u003E\n  \u003Ca href=\u0022\/management\/panorama\/coronavirus-messe-frankfurt-verschiebt-light-building\u0022\n     aria-label=\u0022Coronavirus: Messe Frankfurt verschiebt Light + Building\u0022\u003E\n      \u003Cfigure class=\u0022article--teaser-image\u0022\u003E\n              \u003Cdiv data-b-token=\u0022b-0f8a7cf82bf\u0022 class=\u0022media media--blazy media--bundle--image media--image media--responsive\u0022\u003E  \u003Cpicture\u003E\n                  \u003Csource srcset=\u0022\/sites\/default\/files\/styles\/teaser_image_phone\/public\/2020-02\/portalhaus-pw-01.jpg.webp?h=e823787b\u0026amp;itok=ScET5Rau 1x\u0022 media=\u0022all and (max-width: 480px)\u0022 type=\u0022image\/webp\u0022 width=\u0022460\u0022 height=\u0022260\u0022\/\u003E\n              \u003Csource srcset=\u0022\/sites\/default\/files\/styles\/teaser_image_inline\/public\/2020-02\/portalhaus-pw-01.jpg.webp?h=e823787b\u0026amp;itok=shJ6ISWK 1x\u0022 media=\u0022all and (min-width: 481px) and (max-width: 767px)\u0022 type=\u0022image\/webp\u0022 width=\u0022200\u0022 height=\u0022150\u0022\/\u003E\n              \u003Csource srcset=\u0022\/sites\/default\/files\/styles\/teaser_image_inline\/public\/2020-02\/portalhaus-pw-01.jpg.webp?h=e823787b\u0026amp;itok=shJ6ISWK 1x\u0022 media=\u0022all and (min-width: 768px) and (max-width: 1023px)\u0022 type=\u0022image\/webp\u0022 width=\u0022200\u0022 height=\u0022150\u0022\/\u003E\n              \u003Csource srcset=\u0022\/sites\/default\/files\/styles\/teaser_image_inline\/public\/2020-02\/portalhaus-pw-01.jpg.webp?h=e823787b\u0026amp;itok=shJ6ISWK 1x\u0022 media=\u0022all and (min-width: 1024px) and (max-width: 1599px)\u0022 type=\u0022image\/webp\u0022 width=\u0022200\u0022 height=\u0022150\u0022\/\u003E\n              \u003Csource srcset=\u0022\/sites\/default\/files\/styles\/teaser_image_inline_xxl\/public\/2020-02\/portalhaus-pw-01.jpg.webp?h=e823787b\u0026amp;itok=o8hb9e4h 1x\u0022 media=\u0022all and (min-width: 1600px)\u0022 type=\u0022image\/webp\u0022 width=\u0022240\u0022 height=\u0022180\u0022\/\u003E\n              \u003Csource srcset=\u0022\/sites\/default\/files\/styles\/teaser_image_phone\/public\/2020-02\/portalhaus-pw-01.jpg?h=e823787b\u0026amp;itok=ScET5Rau 1x\u0022 media=\u0022all and (max-width: 480px)\u0022 type=\u0022image\/jpeg\u0022 width=\u0022460\u0022 height=\u0022260\u0022\/\u003E\n              \u003Csource srcset=\u0022\/sites\/default\/files\/styles\/teaser_image_inline\/public\/2020-02\/portalhaus-pw-01.jpg?h=e823787b\u0026amp;itok=shJ6ISWK 1x\u0022 media=\u0022all and (min-width: 481px) and (max-width: 767px)\u0022 type=\u0022image\/jpeg\u0022 width=\u0022200\u0022 height=\u0022150\u0022\/\u003E\n              \u003Csource srcset=\u0022\/sites\/default\/files\/styles\/teaser_image_inline\/public\/2020-02\/portalhaus-pw-01.jpg?h=e823787b\u0026amp;itok=shJ6ISWK 1x\u0022 media=\u0022all and (min-width: 768px) and (max-width: 1023px)\u0022 type=\u0022image\/jpeg\u0022 width=\u0022200\u0022 height=\u0022150\u0022\/\u003E\n              \u003Csource srcset=\u0022\/sites\/default\/files\/styles\/teaser_image_inline\/public\/2020-02\/portalhaus-pw-01.jpg?h=e823787b\u0026amp;itok=shJ6ISWK 1x\u0022 media=\u0022all and (min-width: 1024px) and (max-width: 1599px)\u0022 type=\u0022image\/jpeg\u0022 width=\u0022200\u0022 height=\u0022150\u0022\/\u003E\n              \u003Csource srcset=\u0022\/sites\/default\/files\/styles\/teaser_image_inline_xxl\/public\/2020-02\/portalhaus-pw-01.jpg?h=e823787b\u0026amp;itok=o8hb9e4h 1x\u0022 media=\u0022all and (min-width: 1600px)\u0022 type=\u0022image\/jpeg\u0022 width=\u0022240\u0022 height=\u0022180\u0022\/\u003E\n                  \n\u003Cimg decoding=\u0022async\u0022 class=\u0022media__element\u0022 width=\u0022200\u0022 height=\u0022150\u0022 data-zoomed=\u0022https:\/\/www.haustec.de\/sites\/default\/files\/styles\/content__zoomed\/public\/2020-02\/portalhaus-pw-01.jpg?itok=RcMW5kPu\u0022 src=\u0022\/sites\/default\/files\/styles\/teaser_image_inline\/public\/2020-02\/portalhaus-pw-01.jpg?h=e823787b\u0026amp;itok=shJ6ISWK\u0022 alt=\u0022Coronavirus: Messe Frankfurt verschiebt Light + Building\u0022 title=\u0022Coronavirus: Messe Frankfurt verschiebt Light + Building\u0022 \/\u003E\n\n\n  \u003C\/picture\u003E\n        \u003C\/div\u003E\n  \n                  \u003C\/figure\u003E\n\n    \u003Carticle class=\u0022article--teaser-content\u0022\u003E\n      \u003Ch3 class=\u0022headline\u0022\u003E\n    Coronavirus: Messe Frankfurt verschiebt Light + Building\n  \u003C\/h3\u003E\n  \u003Cdiv class=\u0022article--teaser-body\u0022\u003E\n    \u003Cp\u003E\u003Cp\u003EAufgrund der verst\u00e4rkten Verbreitung des Coronavirus in Europa hat sich die Messe Frankfurt f\u00fcr die Verschiebung der Light + Building in den Herbst 2020 entschieden.\u00a0\u003C\/p\u003E\u003C\/p\u003E\n  \u003C\/div\u003E\n\n    \u003C\/article\u003E\n  \u003C\/a\u003E\n  \u003Cspan class=\u0022article--bookmark\u0022\u003E\u003Cdrupal-render-placeholder callback=\u0022flag.link_builder:build\u0022 arguments=\u00220=node\u0026amp;1=8644\u0026amp;2=bookmark\u0026amp;3=teaser\u0022 token=\u0022cb68aVebaJb2btzwSqqCuQikwMKnbI8Y08zPcWz8fcA\u0022\u003E\u003C\/drupal-render-placeholder\u003E\u003C\/span\u003E\n\u003C\/div\u003E\n\n\u003Cdiv  class=\u0022node node--type--article node--view-mode--teaser\u0022\u003E\n  \u003Ca href=\u0022\/management\/panorama\/coronavirus-mostra-convegno-september-verlegt\u0022\n     aria-label=\u0022Coronavirus: Mostra Convegno in September verlegt\u0022\u003E\n      \u003Cfigure class=\u0022article--teaser-image\u0022\u003E\n              \u003Cdiv data-b-token=\u0022b-60b0a1f28f0\u0022 class=\u0022media media--blazy media--bundle--image media--image media--responsive\u0022\u003E  \u003Cpicture\u003E\n                  \u003Csource srcset=\u0022\/sites\/default\/files\/styles\/teaser_image_phone\/public\/2020-02\/mostra.jpg.webp?h=9891cd7e\u0026amp;itok=mefFtPna 1x\u0022 media=\u0022all and (max-width: 480px)\u0022 type=\u0022image\/webp\u0022 width=\u0022460\u0022 height=\u0022260\u0022\/\u003E\n              \u003Csource srcset=\u0022\/sites\/default\/files\/styles\/teaser_image_inline\/public\/2020-02\/mostra.jpg.webp?h=9891cd7e\u0026amp;itok=MTRQl-iq 1x\u0022 media=\u0022all and (min-width: 481px) and (max-width: 767px)\u0022 type=\u0022image\/webp\u0022 width=\u0022200\u0022 height=\u0022150\u0022\/\u003E\n              \u003Csource srcset=\u0022\/sites\/default\/files\/styles\/teaser_image_inline\/public\/2020-02\/mostra.jpg.webp?h=9891cd7e\u0026amp;itok=MTRQl-iq 1x\u0022 media=\u0022all and (min-width: 768px) and (max-width: 1023px)\u0022 type=\u0022image\/webp\u0022 width=\u0022200\u0022 height=\u0022150\u0022\/\u003E\n              \u003Csource srcset=\u0022\/sites\/default\/files\/styles\/teaser_image_inline\/public\/2020-02\/mostra.jpg.webp?h=9891cd7e\u0026amp;itok=MTRQl-iq 1x\u0022 media=\u0022all and (min-width: 1024px) and (max-width: 1599px)\u0022 type=\u0022image\/webp\u0022 width=\u0022200\u0022 height=\u0022150\u0022\/\u003E\n              \u003Csource srcset=\u0022\/sites\/default\/files\/styles\/teaser_image_inline_xxl\/public\/2020-02\/mostra.jpg.webp?h=9891cd7e\u0026amp;itok=XLeBHmNV 1x\u0022 media=\u0022all and (min-width: 1600px)\u0022 type=\u0022image\/webp\u0022 width=\u0022240\u0022 height=\u0022180\u0022\/\u003E\n              \u003Csource srcset=\u0022\/sites\/default\/files\/styles\/teaser_image_phone\/public\/2020-02\/mostra.jpg?h=9891cd7e\u0026amp;itok=mefFtPna 1x\u0022 media=\u0022all and (max-width: 480px)\u0022 type=\u0022image\/jpeg\u0022 width=\u0022460\u0022 height=\u0022260\u0022\/\u003E\n              \u003Csource srcset=\u0022\/sites\/default\/files\/styles\/teaser_image_inline\/public\/2020-02\/mostra.jpg?h=9891cd7e\u0026amp;itok=MTRQl-iq 1x\u0022 media=\u0022all and (min-width: 481px) and (max-width: 767px)\u0022 type=\u0022image\/jpeg\u0022 width=\u0022200\u0022 height=\u0022150\u0022\/\u003E\n              \u003Csource srcset=\u0022\/sites\/default\/files\/styles\/teaser_image_inline\/public\/2020-02\/mostra.jpg?h=9891cd7e\u0026amp;itok=MTRQl-iq 1x\u0022 media=\u0022all and (min-width: 768px) and (max-width: 1023px)\u0022 type=\u0022image\/jpeg\u0022 width=\u0022200\u0022 height=\u0022150\u0022\/\u003E\n              \u003Csource srcset=\u0022\/sites\/default\/files\/styles\/teaser_image_inline\/public\/2020-02\/mostra.jpg?h=9891cd7e\u0026amp;itok=MTRQl-iq 1x\u0022 media=\u0022all and (min-width: 1024px) and (max-width: 1599px)\u0022 type=\u0022image\/jpeg\u0022 width=\u0022200\u0022 height=\u0022150\u0022\/\u003E\n              \u003Csource srcset=\u0022\/sites\/default\/files\/styles\/teaser_image_inline_xxl\/public\/2020-02\/mostra.jpg?h=9891cd7e\u0026amp;itok=XLeBHmNV 1x\u0022 media=\u0022all and (min-width: 1600px)\u0022 type=\u0022image\/jpeg\u0022 width=\u0022240\u0022 height=\u0022180\u0022\/\u003E\n                  \n\u003Cimg decoding=\u0022async\u0022 class=\u0022media__element\u0022 width=\u0022200\u0022 height=\u0022150\u0022 data-zoomed=\u0022https:\/\/www.haustec.de\/sites\/default\/files\/styles\/content__zoomed\/public\/2020-02\/mostra.jpg?itok=ZAZr-JI6\u0022 src=\u0022\/sites\/default\/files\/styles\/teaser_image_inline\/public\/2020-02\/mostra.jpg?h=9891cd7e\u0026amp;itok=MTRQl-iq\u0022 alt=\u0022Coronavirus: Mostra Convegno in September verlegt\u0022 title=\u0022Coronavirus: Mostra Convegno in September verlegt\u0022 \/\u003E\n\n\n  \u003C\/picture\u003E\n        \u003C\/div\u003E\n  \n                  \u003C\/figure\u003E\n\n    \u003Carticle class=\u0022article--teaser-content\u0022\u003E\n      \u003Ch3 class=\u0022headline\u0022\u003E\n    Coronavirus: Auch die Mostra Convegno wird verlegt\n  \u003C\/h3\u003E\n  \u003Cdiv class=\u0022article--teaser-body\u0022\u003E\n    \u003Cp\u003E\u003Cp\u003EWegen der fortschreitenden Ausbreitung des Coronavirus entschied die Messegesellschaft, die MCE Mostra Convegno Expocomfort und BIE\u00a0Biomass Innovation Expo in den September zu verlegen.\u003C\/p\u003E\u003C\/p\u003E\n  \u003C\/div\u003E\n\n    \u003C\/article\u003E\n  \u003C\/a\u003E\n  \u003Cspan class=\u0022article--bookmark\u0022\u003E\u003Cdrupal-render-placeholder callback=\u0022flag.link_builder:build\u0022 arguments=\u00220=node\u0026amp;1=8676\u0026amp;2=bookmark\u0026amp;3=teaser\u0022 token=\u0022_2GSRiu2ZVToo5mx6fyhQhEpc1sfnz7q_l2ov7N1pE0\u0022\u003E\u003C\/drupal-render-placeholder\u003E\u003C\/span\u003E\n\u003C\/div\u003E\n\n\u003Cdiv  class=\u0022node node--type--article node--view-mode--teaser\u0022\u003E\n  \u003Ca href=\u0022\/management\/betriebsfuehrung\/coronavirus-betriebsaerzte-raten-unternehmen-zur-vorsorge\u0022\n     aria-label=\u0022Coronavirus: Betriebs\u00e4rzte raten Unternehmen zur Vorsorge\u0022\u003E\n      \u003Cfigure class=\u0022article--teaser-image\u0022\u003E\n              \u003Cdiv data-b-token=\u0022b-e43902e8ebf\u0022 class=\u0022media media--blazy media--bundle--image media--image media--responsive\u0022\u003E  \u003Cpicture\u003E\n                  \u003Csource srcset=\u0022\/sites\/default\/files\/styles\/teaser_image_phone\/public\/2020-02\/adobestock_yu_arakawa.jpg.webp?h=0775493e\u0026amp;itok=DKQ5LKcU 1x\u0022 media=\u0022all and (max-width: 480px)\u0022 type=\u0022image\/webp\u0022 width=\u0022460\u0022 height=\u0022260\u0022\/\u003E\n              \u003Csource srcset=\u0022\/sites\/default\/files\/styles\/teaser_image_inline\/public\/2020-02\/adobestock_yu_arakawa.jpg.webp?h=0775493e\u0026amp;itok=atSJ6J2j 1x\u0022 media=\u0022all and (min-width: 481px) and (max-width: 767px)\u0022 type=\u0022image\/webp\u0022 width=\u0022200\u0022 height=\u0022150\u0022\/\u003E\n              \u003Csource srcset=\u0022\/sites\/default\/files\/styles\/teaser_image_inline\/public\/2020-02\/adobestock_yu_arakawa.jpg.webp?h=0775493e\u0026amp;itok=atSJ6J2j 1x\u0022 media=\u0022all and (min-width: 768px) and (max-width: 1023px)\u0022 type=\u0022image\/webp\u0022 width=\u0022200\u0022 height=\u0022150\u0022\/\u003E\n              \u003Csource srcset=\u0022\/sites\/default\/files\/styles\/teaser_image_inline\/public\/2020-02\/adobestock_yu_arakawa.jpg.webp?h=0775493e\u0026amp;itok=atSJ6J2j 1x\u0022 media=\u0022all and (min-width: 1024px) and (max-width: 1599px)\u0022 type=\u0022image\/webp\u0022 width=\u0022200\u0022 height=\u0022150\u0022\/\u003E\n              \u003Csource srcset=\u0022\/sites\/default\/files\/styles\/teaser_image_inline_xxl\/public\/2020-02\/adobestock_yu_arakawa.jpg.webp?h=0775493e\u0026amp;itok=4CTqrYRy 1x\u0022 media=\u0022all and (min-width: 1600px)\u0022 type=\u0022image\/webp\u0022 width=\u0022240\u0022 height=\u0022180\u0022\/\u003E\n              \u003Csource srcset=\u0022\/sites\/default\/files\/styles\/teaser_image_phone\/public\/2020-02\/adobestock_yu_arakawa.jpg?h=0775493e\u0026amp;itok=DKQ5LKcU 1x\u0022 media=\u0022all and (max-width: 480px)\u0022 type=\u0022image\/jpeg\u0022 width=\u0022460\u0022 height=\u0022260\u0022\/\u003E\n              \u003Csource srcset=\u0022\/sites\/default\/files\/styles\/teaser_image_inline\/public\/2020-02\/adobestock_yu_arakawa.jpg?h=0775493e\u0026amp;itok=atSJ6J2j 1x\u0022 media=\u0022all and (min-width: 481px) and (max-width: 767px)\u0022 type=\u0022image\/jpeg\u0022 width=\u0022200\u0022 height=\u0022150\u0022\/\u003E\n              \u003Csource srcset=\u0022\/sites\/default\/files\/styles\/teaser_image_inline\/public\/2020-02\/adobestock_yu_arakawa.jpg?h=0775493e\u0026amp;itok=atSJ6J2j 1x\u0022 media=\u0022all and (min-width: 768px) and (max-width: 1023px)\u0022 type=\u0022image\/jpeg\u0022 width=\u0022200\u0022 height=\u0022150\u0022\/\u003E\n              \u003Csource srcset=\u0022\/sites\/default\/files\/styles\/teaser_image_inline\/public\/2020-02\/adobestock_yu_arakawa.jpg?h=0775493e\u0026amp;itok=atSJ6J2j 1x\u0022 media=\u0022all and (min-width: 1024px) and (max-width: 1599px)\u0022 type=\u0022image\/jpeg\u0022 width=\u0022200\u0022 height=\u0022150\u0022\/\u003E\n              \u003Csource srcset=\u0022\/sites\/default\/files\/styles\/teaser_image_inline_xxl\/public\/2020-02\/adobestock_yu_arakawa.jpg?h=0775493e\u0026amp;itok=4CTqrYRy 1x\u0022 media=\u0022all and (min-width: 1600px)\u0022 type=\u0022image\/jpeg\u0022 width=\u0022240\u0022 height=\u0022180\u0022\/\u003E\n                  \n\u003Cimg decoding=\u0022async\u0022 class=\u0022media__element\u0022 width=\u0022200\u0022 height=\u0022150\u0022 data-zoomed=\u0022https:\/\/www.haustec.de\/sites\/default\/files\/styles\/content__zoomed\/public\/2020-02\/adobestock_yu_arakawa.jpg?itok=V5EayRpW\u0022 src=\u0022\/sites\/default\/files\/styles\/teaser_image_inline\/public\/2020-02\/adobestock_yu_arakawa.jpg?h=0775493e\u0026amp;itok=atSJ6J2j\u0022 alt=\u0022Coronavirus: Betriebs\u00e4rzte raten Unternehmen zur Vorsorge\u0022 title=\u0022Coronavirus: Betriebs\u00e4rzte raten Unternehmen zur Vorsorge\u0022 \/\u003E\n\n\n  \u003C\/picture\u003E\n        \u003C\/div\u003E\n  \n                  \u003C\/figure\u003E\n\n    \u003Carticle class=\u0022article--teaser-content\u0022\u003E\n      \u003Ch3 class=\u0022headline\u0022\u003E\n    Coronavirus: Betriebs\u00e4rzte raten Unternehmen zur Vorsorge\n  \u003C\/h3\u003E\n  \u003Cdiv class=\u0022article--teaser-body\u0022\u003E\n    \u003Cp\u003E\u003Cp\u003EF\u00fcr den Fall einer Pandemie, wie sie nun durch das Coronavirus droht, brauchen Unternehmen Vorsorge- und Notfallma\u00dfnahmen. 10 Tipps und eine Checkliste zur Vorbereitung vom VDBW.\u003C\/p\u003E\u003C\/p\u003E\n  \u003C\/div\u003E\n\n    \u003C\/article\u003E\n  \u003C\/a\u003E\n  \u003Cspan class=\u0022article--bookmark\u0022\u003E\u003Cdrupal-render-placeholder callback=\u0022flag.link_builder:build\u0022 arguments=\u00220=node\u0026amp;1=8678\u0026amp;2=bookmark\u0026amp;3=teaser\u0022 token=\u0022OYQBLWbYF60QtQOBKacR8gdQquRN4aH296Y2VJSCCog\u0022\u003E\u003C\/drupal-render-placeholder\u003E\u003C\/span\u003E\n\u003C\/div\u003E\n\n\u003Cdiv  class=\u0022node node--type--article node--view-mode--teaser\u0022\u003E\n  \u003Ca href=\u0022\/management\/panorama\/corona-shk-essen-und-fensterbau-frontale-verschoben\u0022\n     aria-label=\u0022Corona: SHK Essen und Fensterbau Frontale verschoben\u0022\u003E\n      \u003Cfigure class=\u0022article--teaser-image\u0022\u003E\n              \u003Cdiv data-b-token=\u0022b-89b2e542d87\u0022 class=\u0022media media--blazy media--bundle--image media--image media--responsive\u0022\u003E  \u003Cpicture\u003E\n                  \u003Csource srcset=\u0022\/sites\/default\/files\/styles\/teaser_image_phone\/public\/2020-03\/adobestock_sportpoint.jpg.webp?h=9eb0d413\u0026amp;itok=6zSYFEMH 1x\u0022 media=\u0022all and (max-width: 480px)\u0022 type=\u0022image\/webp\u0022 width=\u0022460\u0022 height=\u0022260\u0022\/\u003E\n              \u003Csource srcset=\u0022\/sites\/default\/files\/styles\/teaser_image_inline\/public\/2020-03\/adobestock_sportpoint.jpg.webp?h=9eb0d413\u0026amp;itok=8ZtAzFXs 1x\u0022 media=\u0022all and (min-width: 481px) and (max-width: 767px)\u0022 type=\u0022image\/webp\u0022 width=\u0022200\u0022 height=\u0022150\u0022\/\u003E\n              \u003Csource srcset=\u0022\/sites\/default\/files\/styles\/teaser_image_inline\/public\/2020-03\/adobestock_sportpoint.jpg.webp?h=9eb0d413\u0026amp;itok=8ZtAzFXs 1x\u0022 media=\u0022all and (min-width: 768px) and (max-width: 1023px)\u0022 type=\u0022image\/webp\u0022 width=\u0022200\u0022 height=\u0022150\u0022\/\u003E\n              \u003Csource srcset=\u0022\/sites\/default\/files\/styles\/teaser_image_inline\/public\/2020-03\/adobestock_sportpoint.jpg.webp?h=9eb0d413\u0026amp;itok=8ZtAzFXs 1x\u0022 media=\u0022all and (min-width: 1024px) and (max-width: 1599px)\u0022 type=\u0022image\/webp\u0022 width=\u0022200\u0022 height=\u0022150\u0022\/\u003E\n              \u003Csource srcset=\u0022\/sites\/default\/files\/styles\/teaser_image_inline_xxl\/public\/2020-03\/adobestock_sportpoint.jpg.webp?h=9eb0d413\u0026amp;itok=6IIyjvCS 1x\u0022 media=\u0022all and (min-width: 1600px)\u0022 type=\u0022image\/webp\u0022 width=\u0022240\u0022 height=\u0022180\u0022\/\u003E\n              \u003Csource srcset=\u0022\/sites\/default\/files\/styles\/teaser_image_phone\/public\/2020-03\/adobestock_sportpoint.jpg?h=9eb0d413\u0026amp;itok=6zSYFEMH 1x\u0022 media=\u0022all and (max-width: 480px)\u0022 type=\u0022image\/jpeg\u0022 width=\u0022460\u0022 height=\u0022260\u0022\/\u003E\n              \u003Csource srcset=\u0022\/sites\/default\/files\/styles\/teaser_image_inline\/public\/2020-03\/adobestock_sportpoint.jpg?h=9eb0d413\u0026amp;itok=8ZtAzFXs 1x\u0022 media=\u0022all and (min-width: 481px) and (max-width: 767px)\u0022 type=\u0022image\/jpeg\u0022 width=\u0022200\u0022 height=\u0022150\u0022\/\u003E\n              \u003Csource srcset=\u0022\/sites\/default\/files\/styles\/teaser_image_inline\/public\/2020-03\/adobestock_sportpoint.jpg?h=9eb0d413\u0026amp;itok=8ZtAzFXs 1x\u0022 media=\u0022all and (min-width: 768px) and (max-width: 1023px)\u0022 type=\u0022image\/jpeg\u0022 width=\u0022200\u0022 height=\u0022150\u0022\/\u003E\n              \u003Csource srcset=\u0022\/sites\/default\/files\/styles\/teaser_image_inline\/public\/2020-03\/adobestock_sportpoint.jpg?h=9eb0d413\u0026amp;itok=8ZtAzFXs 1x\u0022 media=\u0022all and (min-width: 1024px) and (max-width: 1599px)\u0022 type=\u0022image\/jpeg\u0022 width=\u0022200\u0022 height=\u0022150\u0022\/\u003E\n              \u003Csource srcset=\u0022\/sites\/default\/files\/styles\/teaser_image_inline_xxl\/public\/2020-03\/adobestock_sportpoint.jpg?h=9eb0d413\u0026amp;itok=6IIyjvCS 1x\u0022 media=\u0022all and (min-width: 1600px)\u0022 type=\u0022image\/jpeg\u0022 width=\u0022240\u0022 height=\u0022180\u0022\/\u003E\n                  \n\u003Cimg decoding=\u0022async\u0022 class=\u0022media__element\u0022 width=\u0022200\u0022 height=\u0022150\u0022 data-zoomed=\u0022https:\/\/www.haustec.de\/sites\/default\/files\/styles\/content__zoomed\/public\/2020-03\/adobestock_sportpoint.jpg?itok=plpbf1HN\u0022 src=\u0022\/sites\/default\/files\/styles\/teaser_image_inline\/public\/2020-03\/adobestock_sportpoint.jpg?h=9eb0d413\u0026amp;itok=8ZtAzFXs\u0022 alt=\u0022Corona: SHK Essen und Fensterbau Frontale verschoben\u0022 title=\u0022Corona: SHK Essen und Fensterbau Frontale verschoben\u0022 \/\u003E\n\n\n  \u003C\/picture\u003E\n        \u003C\/div\u003E\n  \n                  \u003C\/figure\u003E\n\n    \u003Carticle class=\u0022article--teaser-content\u0022\u003E\n      \u003Ch3 class=\u0022headline\u0022\u003E\n    Corona: SHK Essen und Fensterbau Frontale verschoben\n  \u003C\/h3\u003E\n  \u003Cdiv class=\u0022article--teaser-body\u0022\u003E\n    \u003Cp\u003E\u003Cp\u003EAuch die diesj\u00e4hrige SHK Essen und die\u00a0Fensterbau Frontale werden wegen des Coronavirus an einem sp\u00e4teren Zeitpunkt stattfinden als geplant. Ebenso wird f\u00fcr die Energy Storage Europe\u00a0derzeit nach einem Ersatztermin gesucht.\u003C\/p\u003E\u003C\/p\u003E\n  \u003C\/div\u003E\n\n    \u003C\/article\u003E\n  \u003C\/a\u003E\n  \u003Cspan class=\u0022article--bookmark\u0022\u003E\u003Cdrupal-render-placeholder callback=\u0022flag.link_builder:build\u0022 arguments=\u00220=node\u0026amp;1=8682\u0026amp;2=bookmark\u0026amp;3=teaser\u0022 token=\u0022yN10weC7PejrAfjf5p4nVd3vuOKxBmUs-2owv5F0ZDQ\u0022\u003E\u003C\/drupal-render-placeholder\u003E\u003C\/span\u003E\n\u003C\/div\u003E\n\n","entity_type":"node","used_ids":["",10633,10465,9607,9425,9229,8494,8644,8676,8678,8682],"show_more":"\u003Cdiv class=\u0022del-show-more\u0022\u003E\u003Ca href=\u0022\/ajax\/del\/e24444ba-aff0-480c-97ae-135afe953a1c\/paragraph\/11\/10\/asc\/eyJub2RlIjp7ImlkIjoiODkxMCIsInR5cGUiOiJwYWdlIn19\u0022 title=\u0022Show more items\u0022 class=\u0022del-show-more-link use-ajax\u0022 rel=\u0022nofollow\u0022 data-target-type=\u0022node\u0022 aria-controls=\u0022del--paragraph-54991--content\u0022 aria-label=\u0022Show more items\u0022\u003EMehr anzeigen\u003C\/a\u003E\u003C\/div\u003E\n"}]