[{"command":"showMoreTeasers","id":"del--paragraph-45318","content":"\u003Cli class=\u0022node node--type--article node--view-mode--unordered-list is-linked\u0022\u003E\n    \u003Ca href=\u0022\/management\/fahrzeuge\/ueber-74-millionen-e-autos-weltweit-auf-den-strassen\u0022\n       aria-label=\u0022\u00dcber 74 Millionen E-Autos weltweit auf den Stra\u00dfen\u0022\n       class=\u0022teaser-link\u0022\u003E\n        \u003Cspan class=\u0022teaser-link--text\u0022\u003E\u00dcber 74 Millionen E-Autos weltweit auf den Stra\u00dfen\n\u003C\/span\u003E\n            \u003C\/a\u003E\n\u003C\/li\u003E\n\u003Cli class=\u0022node node--type--article node--view-mode--unordered-list is-linked\u0022\u003E\n    \u003Ca href=\u0022\/management\/fahrzeuge\/ladesaeulen-geringe-wahlfreiheit-droht-e-mobilitaet-auszubremsen\u0022\n       aria-label=\u0022Lades\u00e4ulen: Geringe Wahlfreiheit droht E-Mobilit\u00e4t auszubremsen\u0022\n       class=\u0022teaser-link\u0022\u003E\n        \u003Cspan class=\u0022teaser-link--text\u0022\u003ELades\u00e4ulen: Geringe Wahlfreiheit droht E-Mobilit\u00e4t auszubremsen\n\u003C\/span\u003E\n            \u003C\/a\u003E\n\u003C\/li\u003E\n\u003Cli class=\u0022node node--type--article node--view-mode--unordered-list is-linked\u0022\u003E\n    \u003Ca href=\u0022\/management\/fahrzeuge\/knapp-zwei-millionen-e-autos-und-erstmals-ueber-100000-e-lkw-auf-deutschlands\u0022\n       aria-label=\u0022Knapp zwei Millionen E-Autos und erstmals \u00fcber 100.000 E-Lkw auf Deutschlands Stra\u00dfen\u0022\n       class=\u0022teaser-link\u0022\u003E\n        \u003Cspan class=\u0022teaser-link--text\u0022\u003EKnapp zwei Millionen E-Autos und erstmals \u00fcber 100.000 E-Lkw auf Deutschlands Stra\u00dfen\n\u003C\/span\u003E\n            \u003C\/a\u003E\n\u003C\/li\u003E\n\u003Cli class=\u0022node node--type--article node--view-mode--unordered-list is-linked\u0022\u003E\n    \u003Ca href=\u0022\/management\/fahrzeuge\/rekord-beim-e-auto-umstieg-2025-wechselten-so-viele-privatleute-wie-noch-nie\u0022\n       aria-label=\u0022Rekord beim E-Auto-Umstieg: 2025 wechselten so viele Privatleute wie noch nie\u0022\n       class=\u0022teaser-link\u0022\u003E\n        \u003Cspan class=\u0022teaser-link--text\u0022\u003ERekord beim E-Auto-Umstieg: 2025 wechselten so viele Privatleute wie noch nie\n\u003C\/span\u003E\n            \u003C\/a\u003E\n\u003C\/li\u003E\n\u003Cli class=\u0022node node--type--article node--view-mode--unordered-list is-linked\u0022\u003E\n    \u003Ca href=\u0022\/management\/fahrzeuge\/e-autos-stark-steigende-zulassungszahlen\u0022\n       aria-label=\u0022E-Autos: Stark steigende Zulassungszahlen\u0022\n       class=\u0022teaser-link\u0022\u003E\n        \u003Cspan class=\u0022teaser-link--text\u0022\u003EE-Autos: Stark steigende Zulassungszahlen\n\u003C\/span\u003E\n            \u003C\/a\u003E\n\u003C\/li\u003E\n\u003Cli class=\u0022node node--type--article node--view-mode--unordered-list is-linked\u0022\u003E\n    \u003Ca href=\u0022\/management\/fahrzeuge\/logistik-im-wandel-e-lkws-und-ki-energiesysteme-auf-der-ueberholspur\u0022\n       aria-label=\u0022Logistik im Wandel: E-LKWs und KI-Energiesysteme auf der \u00dcberholspur\u0022\n       class=\u0022teaser-link\u0022\u003E\n        \u003Cspan class=\u0022teaser-link--text\u0022\u003ELogistik im Wandel: E-LKWs und KI-Energiesysteme auf der \u00dcberholspur\n\u003C\/span\u003E\n            \u003C\/a\u003E\n\u003C\/li\u003E\n\u003Cli class=\u0022node node--type--article node--view-mode--unordered-list is-linked\u0022\u003E\n    \u003Ca href=\u0022\/management\/fahrzeuge\/weltweiter-e-auto-bestand-steigt-auf-558-millionen-nachfrage-deutschland-sinkt\u0022\n       aria-label=\u0022Weltweiter E-Auto-Bestand steigt auf 55,8 Millionen \u2013 Nachfrage in Deutschland sinkt weiter\u0022\n       class=\u0022teaser-link\u0022\u003E\n        \u003Cspan class=\u0022teaser-link--text\u0022\u003EWeltweiter E-Auto-Bestand steigt \u2013 Nachfrage in Deutschland sinkt \n\u003C\/span\u003E\n            \u003C\/a\u003E\n\u003C\/li\u003E\n\u003Cli class=\u0022node node--type--article node--view-mode--unordered-list is-linked\u0022\u003E\n    \u003Ca href=\u0022\/management\/fahrzeuge\/ladeinfrastruktur-rastanlagen-verbesserungswuerdig\u0022\n       aria-label=\u0022Ladeinfrastruktur an Rastanlagen verbesserungsw\u00fcrdig\u0022\n       class=\u0022teaser-link\u0022\u003E\n        \u003Cspan class=\u0022teaser-link--text\u0022\u003ELadeinfrastruktur an Rastanlagen verbesserungsw\u00fcrdig\n\u003C\/span\u003E\n            \u003C\/a\u003E\n\u003C\/li\u003E\n\u003Cli class=\u0022node node--type--article node--view-mode--unordered-list is-linked\u0022\u003E\n    \u003Ca href=\u0022\/management\/fahrzeuge\/immer-mehr-deutsche-planen-klimafreundliche-urlaubsreisen-mit-elektroautos\u0022\n       aria-label=\u0022Immer mehr Deutsche planen klimafreundliche Urlaubsreisen mit Elektroautos\u0022\n       class=\u0022teaser-link\u0022\u003E\n        \u003Cspan class=\u0022teaser-link--text\u0022\u003EImmer mehr Deutsche planen klimafreundliche Urlaubsreisen mit Elektroautos\n\u003C\/span\u003E\n            \u003C\/a\u003E\n\u003C\/li\u003E\n\u003Cli class=\u0022node node--type--article node--view-mode--unordered-list is-linked\u0022\u003E\n    \u003Ca href=\u0022\/management\/fahrzeuge\/das-sind-die-5-beliebtesten-e-suvs\u0022\n       aria-label=\u0022Das sind die 5 beliebtesten E-SUVs\u0022\n       class=\u0022teaser-link\u0022\u003E\n        \u003Cspan class=\u0022teaser-link--text\u0022\u003EDas sind die 5 beliebtesten E-SUVs\n\u003C\/span\u003E\n            \u003C\/a\u003E\n\u003C\/li\u003E\n\u003Cli class=\u0022node node--type--article node--view-mode--unordered-list is-linked\u0022\u003E\n    \u003Ca href=\u0022\/management\/panorama\/nachhaltige-mobilitaet-10-spannende-fakten-zu-nationalen-und-eu-weiten\u0022\n       aria-label=\u0022Nachhaltige Mobilit\u00e4t: 10 spannende Fakten zu nationalen und EU-weiten Regularien\u0022\n       class=\u0022teaser-link\u0022\u003E\n        \u003Cspan class=\u0022teaser-link--text\u0022\u003ENachhaltige Mobilit\u00e4t: 10 spannende Fakten zu nationalen und EU-weiten Regularien\n\u003C\/span\u003E\n            \u003C\/a\u003E\n\u003C\/li\u003E\n\u003Cli class=\u0022node node--type--article node--view-mode--unordered-list is-linked\u0022\u003E\n    \u003Ca href=\u0022\/management\/betriebsfuehrung\/elektromobilitaet-foerdermittel-alert-fuer-unternehmen\u0022\n       aria-label=\u0022Elektromobilit\u00e4t: F\u00f6rdermittel-Alert f\u00fcr Unternehmen\u0022\n       class=\u0022teaser-link\u0022\u003E\n        \u003Cspan class=\u0022teaser-link--text\u0022\u003EElektromobilit\u00e4t: F\u00f6rdermittel-Alert f\u00fcr Unternehmen\n\u003C\/span\u003E\n            \u003C\/a\u003E\n\u003C\/li\u003E\n\u003Cli class=\u0022node node--type--article node--view-mode--unordered-list is-linked\u0022\u003E\n    \u003Ca href=\u0022\/management\/panorama\/ladesaeulencheck-2024-stromkosten-fuer-unterwegs-uebersteigen-benzinpreise\u0022\n       aria-label=\u0022Lades\u00e4ulencheck 2024: Stromkosten f\u00fcr unterwegs \u00fcbersteigen Benzinpreise\u0022\n       class=\u0022teaser-link\u0022\u003E\n        \u003Cspan class=\u0022teaser-link--text\u0022\u003ELades\u00e4ulencheck 2024: Stromkosten f\u00fcr unterwegs \u00fcbersteigen Benzinpreise\n\u003C\/span\u003E\n            \u003C\/a\u003E\n\u003C\/li\u003E\n\u003Cli class=\u0022node node--type--article node--view-mode--unordered-list is-linked\u0022\u003E\n    \u003Ca href=\u0022\/management\/panorama\/mobilitaetsmonitor-2024-akzeptanz-der-e-mobilitaet-sinkt-trotz\u0022\n       aria-label=\u0022Mobilit\u00e4tsmonitor 2024: Akzeptanz der E-Mobilit\u00e4t sinkt trotz Klimabewusstseins\u0022\n       class=\u0022teaser-link\u0022\u003E\n        \u003Cspan class=\u0022teaser-link--text\u0022\u003EMobilit\u00e4tsmonitor 2024: Akzeptanz der E-Mobilit\u00e4t sinkt trotz Klimabewusstseins\n\u003C\/span\u003E\n            \u003C\/a\u003E\n\u003C\/li\u003E\n\u003Cli class=\u0022node node--type--article node--view-mode--unordered-list is-linked\u0022\u003E\n    \u003Ca href=\u0022\/management\/fahrzeuge\/elektromobilitaet-ladesaeulen-jaehrlich-pruefen-lassen\u0022\n       aria-label=\u0022Elektromobilit\u00e4t: Lades\u00e4ulen j\u00e4hrlich pr\u00fcfen lassen\u0022\n       class=\u0022teaser-link\u0022\u003E\n        \u003Cspan class=\u0022teaser-link--text\u0022\u003EElektromobilit\u00e4t: Lades\u00e4ulen j\u00e4hrlich pr\u00fcfen lassen\n\u003C\/span\u003E\n            \u003C\/a\u003E\n\u003C\/li\u003E\n\u003Cli class=\u0022node node--type--article node--view-mode--unordered-list is-linked\u0022\u003E\n    \u003Ca href=\u0022\/management\/fahrzeuge\/rueckgang-bei-neuzulassungen-und-ende-des-umweltbonus-erschuettern-e\u0022\n       aria-label=\u0022R\u00fcckgang bei Neuzulassungen und Ende des Umweltbonus ersch\u00fcttern E-Mobilit\u00e4tsmarkt\u0022\n       class=\u0022teaser-link\u0022\u003E\n        \u003Cspan class=\u0022teaser-link--text\u0022\u003ER\u00fcckgang bei Neuzulassungen und Ende des Umweltbonus ersch\u00fcttern E-Mobilit\u00e4tsmarkt\n\u003C\/span\u003E\n            \u003C\/a\u003E\n\u003C\/li\u003E\n\u003Cli class=\u0022node node--type--article node--view-mode--unordered-list is-linked\u0022\u003E\n    \u003Ca href=\u0022\/management\/fahrzeuge\/e-auto-foerderung-gestoppt\u0022\n       aria-label=\u0022E-Auto-F\u00f6rderung gestoppt\u0022\n       class=\u0022teaser-link\u0022\u003E\n        \u003Cspan class=\u0022teaser-link--text\u0022\u003EKeine neuen Antr\u00e4ge mehr beim BAFA: Umweltbonus f\u00fcr E-Autos gestoppt\n\u003C\/span\u003E\n            \u003C\/a\u003E\n\u003C\/li\u003E\n\u003Cli class=\u0022node node--type--article node--view-mode--unordered-list is-linked\u0022\u003E\n    \u003Ca href=\u0022\/management\/fahrzeuge\/nachfrage-nach-gebrauchten-e-autos-ruecklaeufig\u0022\n       aria-label=\u0022Nachfrage nach gebrauchten E-Autos r\u00fcckl\u00e4ufig\u0022\n       class=\u0022teaser-link\u0022\u003E\n        \u003Cspan class=\u0022teaser-link--text\u0022\u003ENachfrage nach gebrauchten E-Autos r\u00fcckl\u00e4ufig\n\u003C\/span\u003E\n            \u003C\/a\u003E\n\u003C\/li\u003E\n\u003Cli class=\u0022node node--type--article node--view-mode--unordered-list is-linked\u0022\u003E\n    \u003Ca href=\u0022\/management\/fahrzeuge\/deutschland-rangiert-bei-elektromobilitaet-auf-platz-6\u0022\n       aria-label=\u0022Deutschland rangiert bei Elektromobilit\u00e4t auf Platz 6\u0022\n       class=\u0022teaser-link\u0022\u003E\n        \u003Cspan class=\u0022teaser-link--text\u0022\u003EDeutschland rangiert bei Elektromobilit\u00e4t auf Platz 6\n\u003C\/span\u003E\n            \u003C\/a\u003E\n\u003C\/li\u003E\n\u003Cli class=\u0022node node--type--article node--view-mode--unordered-list is-linked\u0022\u003E\n    \u003Ca href=\u0022\/management\/fahrzeuge\/e-mobilitaet-china-auf-der-ueberholspur\u0022\n       aria-label=\u0022E-Mobilit\u00e4t: China auf der \u00dcberholspur \u0022\n       class=\u0022teaser-link\u0022\u003E\n        \u003Cspan class=\u0022teaser-link--text\u0022\u003EE-Mobilit\u00e4t: China auf der \u00dcberholspur\n\u003C\/span\u003E\n            \u003C\/a\u003E\n\u003C\/li\u003E\n\u003Cli class=\u0022node node--type--article node--view-mode--unordered-list is-linked\u0022\u003E\n    \u003Ca href=\u0022\/management\/fahrzeuge\/e-auto-boom-deutschland-fahrerfahrung-steigt-anschaffungskosten-bremsen\u0022\n       aria-label=\u0022E-Auto-Boom in Deutschland: Fahrerfahrung steigt, Anschaffungskosten bremsen weiterhin\u0022\n       class=\u0022teaser-link\u0022\u003E\n        \u003Cspan class=\u0022teaser-link--text\u0022\u003EE-Auto-Boom in Deutschland: Fahrerfahrung steigt, Anschaffungskosten bremsen weiterhin\n\u003C\/span\u003E\n            \u003C\/a\u003E\n\u003C\/li\u003E\n\u003Cli class=\u0022node node--type--article node--view-mode--unordered-list is-linked\u0022\u003E\n    \u003Ca href=\u0022\/management\/fahrzeuge\/chinesischer-e-auto-hersteller-byton-meldet-insolvenz\u0022\n       aria-label=\u0022Chinesischer E-Auto-Hersteller Byton meldet Insolvenz an\u0022\n       class=\u0022teaser-link\u0022\u003E\n        \u003Cspan class=\u0022teaser-link--text\u0022\u003EChinesischer E-Auto-Hersteller Byton meldet Insolvenz an\n\u003C\/span\u003E\n            \u003C\/a\u003E\n\u003C\/li\u003E\n\u003Cli class=\u0022node node--type--article node--view-mode--unordered-list is-linked\u0022\u003E\n    \u003Ca href=\u0022\/management\/fahrzeuge\/mikromobilitaetsstudie-2023-zeigt-trends-im-deutschen-e-leichtfahrzeugmarkt\u0022\n       aria-label=\u0022Mikromobilit\u00e4tsstudie 2023 zeigt Trends im deutschen E-Leichtfahrzeugmarkt\u0022\n       class=\u0022teaser-link\u0022\u003E\n        \u003Cspan class=\u0022teaser-link--text\u0022\u003EMikromobilit\u00e4tsstudie 2023 zeigt Trends im deutschen E-Leichtfahrzeugmarkt\n\u003C\/span\u003E\n            \u003C\/a\u003E\n\u003C\/li\u003E\n\u003Cli class=\u0022node node--type--article node--view-mode--unordered-list is-linked\u0022\u003E\n    \u003Ca href=\u0022\/management\/fahrzeuge\/eine-million-e-autos-auf-deutschlands-strassen-was-sind-die-auswirkungen\u0022\n       aria-label=\u0022Eine Million E-Autos auf Deutschlands Stra\u00dfen: Was sind die Auswirkungen?\u0022\n       class=\u0022teaser-link\u0022\u003E\n        \u003Cspan class=\u0022teaser-link--text\u0022\u003EEine Million E-Autos auf Deutschlands Stra\u00dfen: Was sind die Auswirkungen?\n\u003C\/span\u003E\n            \u003C\/a\u003E\n\u003C\/li\u003E\n\u003Cli class=\u0022node node--type--article node--view-mode--unordered-list is-linked\u0022\u003E\n    \u003Ca href=\u0022\/management\/fahrzeuge\/ladeinfrastruktur-fuer-die-e-mobilitaet-der-weg\u0022\n       aria-label=\u0022Ladeinfrastruktur f\u00fcr die E-Mobilit\u00e4t in der WEG\u0022\n       class=\u0022teaser-link\u0022\u003E\n        \u003Cspan class=\u0022teaser-link--text\u0022\u003ELadeinfrastruktur f\u00fcr die E-Mobilit\u00e4t in der WEG\n\u003C\/span\u003E\n            \u003C\/a\u003E\n\u003C\/li\u003E\n\u003Cli class=\u0022node node--type--article node--view-mode--unordered-list is-linked\u0022\u003E\n    \u003Ca href=\u0022\/management\/fahrzeuge\/top-trends-2023-fuer-e-mobilitaet-pv-ueberschussladen-plugcharge-und\u0022\n       aria-label=\u0022Top-Trends 2023 f\u00fcr E-Mobilit\u00e4t: PV-\u00dcberschussladen, Plug\u0026amp;Charge und Lastmanagement\u0022\n       class=\u0022teaser-link\u0022\u003E\n        \u003Cspan class=\u0022teaser-link--text\u0022\u003ETop-Trends 2023 f\u00fcr E-Mobilit\u00e4t: PV-\u00dcberschussladen, Plug\u0026amp;Charge und Lastmanagement\n\u003C\/span\u003E\n            \u003C\/a\u003E\n\u003C\/li\u003E\n\u003Cli class=\u0022node node--type--article node--view-mode--unordered-list is-linked\u0022\u003E\n    \u003Ca href=\u0022\/management\/fahrzeuge\/foerderung-und-sicherheit-was-sie-ueber-elektroautos-wissen-sollten\u0022\n       aria-label=\u0022F\u00f6rderung und Sicherheit: Was Sie \u00fcber Elektroautos wissen sollten\u0022\n       class=\u0022teaser-link\u0022\u003E\n        \u003Cspan class=\u0022teaser-link--text\u0022\u003EF\u00f6rderung und Sicherheit: Was Sie \u00fcber Elektroautos wissen sollten\n\u003C\/span\u003E\n            \u003C\/a\u003E\n\u003C\/li\u003E\n\u003Cli class=\u0022node node--type--article node--view-mode--unordered-list is-linked\u0022\u003E\n    \u003Ca href=\u0022\/management\/fahrzeuge\/ladesaeulenmarkt-monopolisten-bauen-vormachtstellung-weiter-aus\u0022\n       aria-label=\u0022Lades\u00e4ulenmarkt: Monopolisten bauen Vormachtstellung weiter aus\u0022\n       class=\u0022teaser-link\u0022\u003E\n        \u003Cspan class=\u0022teaser-link--text\u0022\u003ELades\u00e4ulenmarkt: Monopolisten bauen Vormachtstellung weiter aus\n\u003C\/span\u003E\n            \u003C\/a\u003E\n\u003C\/li\u003E\n\u003Cli class=\u0022node node--type--article node--view-mode--unordered-list is-linked\u0022\u003E\n    \u003Ca href=\u0022\/energie\/pv-module\/installateursumfrage-solare-ladeinfrastruktur-kommt\u0022\n       aria-label=\u0022Installateursumfrage: Solare Ladeinfrastruktur kommt an \u0022\n       class=\u0022teaser-link\u0022\u003E\n        \u003Cspan class=\u0022teaser-link--text\u0022\u003EInstallateursumfrage: Solare Ladeinfrastruktur kommt an \n\u003C\/span\u003E\n            \u003C\/a\u003E\n\u003C\/li\u003E\n\u003Cli class=\u0022node node--type--article node--view-mode--unordered-list is-linked\u0022\u003E\n    \u003Ca href=\u0022\/management\/fahrzeuge\/elektrofahrzeuge-die-wichtigsten-trends\u0022\n       aria-label=\u0022Elektrofahrzeuge: Die wichtigsten Trends\u0022\n       class=\u0022teaser-link\u0022\u003E\n        \u003Cspan class=\u0022teaser-link--text\u0022\u003EElektrofahrzeuge: Die wichtigsten Trends\n\u003C\/span\u003E\n            \u003C\/a\u003E\n\u003C\/li\u003E\n","entity_type":"node","used_ids":["",23799,23712,23543,23542,23032,22946,21907,20405,20183,20166,19773,19302,19262,19258,19101,18453,18376,18108,17906,17468,17436,17402,17026,16675,16190,16071,16041,15497,15336,14476],"show_more":""}]